{"id":382559,"date":"2025-09-11T10:45:14","date_gmt":"2025-09-11T10:45:14","guid":{"rendered":"https:\/\/www.europesays.com\/fr\/382559\/"},"modified":"2025-09-11T10:45:14","modified_gmt":"2025-09-11T10:45:14","slug":"frontieres-lance-sa-radio-le-salon-beige","status":"publish","type":"post","link":"https:\/\/www.europesays.com\/fr\/382559\/","title":{"rendered":"Fronti\u00e8res lance sa radio &#8211; Le Salon Beige"},"content":{"rendered":"<ol>\n<li><a href=\"https:\/\/news.google.com\/rss\/articles\/CBMiX0FVX3lxTFB3M05KWHhhaEVXb3A1dWZocEJ6MEpxQ2tGdWNaZjJ0cF9CVGpGYUNxekU3N1ctVnV2QzZkNm9rOC10a2wyQUkxN2R5S1FWUjhpQVQ2TE9iYWtkdE9EQnNz?oc=5\" target=\"_blank\" rel=\"nofollow noopener\">Fronti\u00e8res lance sa radio<\/a>&nbsp;&nbsp;Le Salon Beige<\/li>\n<li><a href=\"https:\/\/news.google.com\/rss\/articles\/CBMioAFBVV95cUxNd2xGcGR1SFpET09jTXAxbmJ0NWJCQ240cDZRMTY2SGtmd0duV2NtNUtPV2RLZTJMSUxuSzhZY3d2YmlyRG5KVi0wYWRvTlFQNFBMWVNWZFV4aGlKNVFsQ0JsMlZ1X0x5SmJ3SjlWLUxSN1VjZUVVamVMYXdublhLTHhHSGhYUkZiaVdBVkxRc0RZWHVlWnR1OXlpR1haRXJ4?oc=5\" target=\"_blank\" rel=\"nofollow noopener\">Radio Fronti\u00e8res d\u00e9barque sur le web : qu\u2019allez-vous y retrouver ?<\/a>&nbsp;&nbsp;Fronti\u00e8res<\/li>\n<li><a href=\"https:\/\/news.google.com\/rss\/articles\/CBMirAFBVV95cUxNVlluZHFqLTdRankxZVBNZERaLTFReXlfYWw0cHpxVHlXV0tYdGdGeXJPUEFLSGlNOFNGRTlMcmQ1VkFzTDRMX3E1RjhJT1lwY1lYd1FNME9TQjZfckNJNmNlNW5LRGZYVGV6cFVwYW1PWURMcXdycUFPTVYtMU5IUEduNG5NU0xXT2NZQkYtUFNNOHQwWWpiaU9Kd1h6R2RWRmNMX1YxWkd4UVBN?oc=5\" target=\"_blank\" rel=\"nofollow noopener\">Entretien avec Jordan Florentin, r\u00e9dacteur en chef de Radio Fronti\u00e8res<\/a>&nbsp;&nbsp;Fronti\u00e8res<\/li>\n<li><a href=\"https:\/\/news.google.com\/rss\/articles\/CBMiUkFVX3lxTE52b2VibEllc0ZZMTlIVF9GX2FlczRKSGgtMFFpTjdlQXhTaWFWb1BvQTc0V0kxamVuNWFVM0c3T2xKVWhNYTBtNDhXcU5YWFJPdGc?oc=5\" target=\"_blank\" rel=\"nofollow noopener\">Programme Radio Fronti\u00e8res<\/a>&nbsp;&nbsp;Fronti\u00e8res<\/li>\n<li><a href=\"https:\/\/news.google.com\/rss\/articles\/CBMizAFBVV95cUxONG11WEdOY2o3cHdjNjJnN3dTc0l0LXhJOFZlV1hlT2VPNWt0NEVXcHdsLXhYbWxRUWt1SlFHU2pRcnA2aEVFVk42UWQ2SGVjaGZhWTlpQ0pJQ2IzTFY2RmE2S2hQTVp3MndOOW5tTFRpZG1hei12dmp1QXFod2szcUFKY0lScUI3VlAwMTAtNXhUTDdpWE9tQlVYNm9GM3ZPYU9TUzJ1TXV6cHNFQm4yRmJXWXhhazNzS25UalpDbVF4NGhoMTNCNVFVY1g?oc=5\" target=\"_blank\" rel=\"nofollow noopener\">Pourquoi s\u2019abonner et soutenir Fronti\u00e8res ? : entretien avec Erik Tegn\u00e9r, directeur de la r\u00e9daction<\/a>&nbsp;&nbsp;Fronti\u00e8res<\/li>\n<\/ol>\n","protected":false},"excerpt":{"rendered":"Fronti\u00e8res lance sa radio&nbsp;&nbsp;Le Salon Beige Radio Fronti\u00e8res d\u00e9barque sur le web : qu\u2019allez-vous y retrouver ?&nbsp;&nbsp;Fronti\u00e8res Entretien&hellip;\n","protected":false},"author":2,"featured_media":382560,"comment_status":"","ping_status":"","sticky":false,"template":"","format":"standard","meta":{"footnotes":""},"categories":[1355],"tags":[58,59,1011,27,1361,873],"class_list":{"0":"post-382559","1":"post","2":"type-post","3":"status-publish","4":"format-standard","5":"has-post-thumbnail","7":"category-musique","8":"tag-divertissement","9":"tag-entertainment","10":"tag-fr","11":"tag-france","12":"tag-music","13":"tag-musique"},"share_on_mastodon":{"url":"https:\/\/pubeurope.com\/@fr\/115185262796331175","error":""},"_links":{"self":[{"href":"https:\/\/www.europesays.com\/fr\/wp-json\/wp\/v2\/posts\/382559","targetHints":{"allow":["GET"]}}],"collection":[{"href":"https:\/\/www.europesays.com\/fr\/wp-json\/wp\/v2\/posts"}],"about":[{"href":"https:\/\/www.europesays.com\/fr\/wp-json\/wp\/v2\/types\/post"}],"author":[{"embeddable":true,"href":"https:\/\/www.europesays.com\/fr\/wp-json\/wp\/v2\/users\/2"}],"replies":[{"embeddable":true,"href":"https:\/\/www.europesays.com\/fr\/wp-json\/wp\/v2\/comments?post=382559"}],"version-history":[{"count":0,"href":"https:\/\/www.europesays.com\/fr\/wp-json\/wp\/v2\/posts\/382559\/revisions"}],"wp:featuredmedia":[{"embeddable":true,"href":"https:\/\/www.europesays.com\/fr\/wp-json\/wp\/v2\/media\/382560"}],"wp:attachment":[{"href":"https:\/\/www.europesays.com\/fr\/wp-json\/wp\/v2\/media?parent=382559"}],"wp:term":[{"taxonomy":"category","embeddable":true,"href":"https:\/\/www.europesays.com\/fr\/wp-json\/wp\/v2\/categories?post=382559"},{"taxonomy":"post_tag","embeddable":true,"href":"https:\/\/www.europesays.com\/fr\/wp-json\/wp\/v2\/tags?post=382559"}],"curies":[{"name":"wp","href":"https:\/\/api.w.org\/{rel}","templated":true}]}}