{"id":382563,"date":"2025-09-11T10:47:14","date_gmt":"2025-09-11T10:47:14","guid":{"rendered":"https:\/\/www.europesays.com\/fr\/382563\/"},"modified":"2025-09-11T10:47:14","modified_gmt":"2025-09-11T10:47:14","slug":"cette-etude-britannique-sur-3-000-personnes-terrifie-tous-les-leve-tard-du-monde-entier","status":"publish","type":"post","link":"https:\/\/www.europesays.com\/fr\/382563\/","title":{"rendered":"cette \u00e9tude britannique sur 3 000 personnes terrifie tous les l\u00e8ve-tard du monde entier"},"content":{"rendered":"<tr>\n<td><strong>EN BREF<\/strong><\/td>\n<\/tr>\n<tr>\n<td>\n<ul>\n<li>\ud83d\udcc5 L\u2019heure du <strong>petit-d\u00e9jeuner<\/strong> pourrait influencer notre <strong>esp\u00e9rance de vie<\/strong> selon une \u00e9tude.<\/li>\n<li>\u23f0 Prendre son premier repas plus tard est associ\u00e9 \u00e0 une <strong>mortalit\u00e9 plus \u00e9lev\u00e9e<\/strong> et \u00e0 des probl\u00e8mes de sant\u00e9.<\/li>\n<li>\ud83d\udd04 Les rythmes alimentaires <strong>r\u00e9guliers<\/strong> sont cruciaux pour le <strong>vieillissement en bonne sant\u00e9<\/strong>.<\/li>\n<li>\ud83e\uddec Les individus g\u00e9n\u00e9tiquement pr\u00e9dispos\u00e9s \u00e0 \u00eatre des \u00ab couche-tard \u00bb ont tendance \u00e0 prendre des repas plus <strong>tardifs<\/strong>.<\/li>\n<\/ul>\n<\/td>\n<\/tr>\n<p>Le moment de la journ\u00e9e o\u00f9 nous prenons nos repas pourrait avoir un impact significatif sur notre sant\u00e9 et notre esp\u00e9rance de vie. Une \u00e9tude r\u00e9cente men\u00e9e par des chercheurs du Massachusetts General Hospital et de l\u2019Institut de technologie d\u2019Izmir a suivi pr\u00e8s de 3 000 adultes britanniques sur une p\u00e9riode de vingt ans. Les r\u00e9sultats, publi\u00e9s dans la revue Communications Medicine, indiquent que l\u2019heure \u00e0 laquelle nous prenons notre petit-d\u00e9jeuner pourrait \u00eatre un indicateur crucial de notre \u00e9tat de sant\u00e9 g\u00e9n\u00e9ral.<\/p>\n<p>L\u2019importance de l\u2019heure du petit-d\u00e9jeuner<\/p>\n<p>Selon les chercheurs, prendre son petit-d\u00e9jeuner plus tard dans la journ\u00e9e est associ\u00e9 \u00e0 une augmentation des probl\u00e8mes de sant\u00e9. Les participants \u00e0 l\u2019\u00e9tude qui retardaient leur premier repas du matin ont montr\u00e9 une mortalit\u00e9 plus \u00e9lev\u00e9e et davantage de soucis de sant\u00e9 que ceux qui prenaient leur petit-d\u00e9jeuner plus t\u00f4t. Ce lien entre l\u2019heure du petit-d\u00e9jeuner et l\u2019esp\u00e9rance de vie a surpris de nombreux sp\u00e9cialistes de la nutrition.<\/p>\n<p>Un des points cl\u00e9s de l\u2019\u00e9tude est la relation entre l\u2019heure des repas et l\u2019\u00e2ge. En vieillissant, les individus ont tendance \u00e0 d\u00e9caler leurs repas vers la fin de la journ\u00e9e. Cette tendance r\u00e9duit l\u2019intervalle entre le premier et le dernier repas, ce qui pourrait avoir des r\u00e9percussions sur la sant\u00e9. Hassan Dashti, chercheur en nutrition, souligne qu\u2019un suivi r\u00e9gulier de l\u2019heure des repas pourrait servir de marqueur de la sant\u00e9 globale.<\/p>\n<blockquote class=\"wp-embedded-content\" data-secret=\"SCOG4IQmDj\">\n<p><a href=\"https:\/\/www.lejournaleconomique.com\/2025\/08\/08\/manger-des-frites-multiplie-le-diabete-par-127-harvard-alerte-sur-le-danger-cache-des-pommes-de-terre-frites-et-recommande-des-cereales-completes\/\" rel=\"nofollow noopener\" target=\"_blank\">\u00ab Manger des frites multiplie le diab\u00e8te par 1,27 \u00bb : Harvard alerte sur le danger cach\u00e9 des pommes de terre frites et recommande des c\u00e9r\u00e9ales compl\u00e8tes<\/a><\/p>\n<\/blockquote>\n<p>Les cons\u00e9quences d\u2019un petit-d\u00e9jeuner tardif<\/p>\n<p>Les participants qui prenaient leur petit-d\u00e9jeuner plus tard ont \u00e9t\u00e9 plus souvent touch\u00e9s par des probl\u00e8mes de sant\u00e9. Ils ont rapport\u00e9 plus de fatigue, de troubles du sommeil et de sympt\u00f4mes d\u00e9pressifs. De plus, ces personnes ont aussi rencontr\u00e9 davantage de difficult\u00e9s \u00e0 pr\u00e9parer leurs repas de mani\u00e8re autonome. Ces observations soulignent l\u2019importance d\u2019un rythme alimentaire r\u00e9gulier pour maintenir une bonne sant\u00e9.<\/p>\n<p>La g\u00e9n\u00e9tique pourrait \u00e9galement jouer un r\u00f4le. Les personnes g\u00e9n\u00e9tiquement pr\u00e9dispos\u00e9es \u00e0 \u00eatre des \u00ab\u00a0couche-tard\u00a0\u00bb ont tendance \u00e0 prendre leurs repas plus tard. Ces habitudes alimentaires, coupl\u00e9es \u00e0 un rythme circadien d\u00e9cal\u00e9, correspondent aux profils pr\u00e9sentant plus de probl\u00e8mes de sant\u00e9 dans l\u2019\u00e9tude. Ainsi, l\u2019heure du petit-d\u00e9jeuner pourrait devenir un indicateur de sant\u00e9 \u00e0 surveiller, au m\u00eame titre que la pression art\u00e9rielle ou la qualit\u00e9 du sommeil.<\/p>\n<blockquote class=\"wp-embedded-content\" data-secret=\"FA1sijSxeb\">\n<p><a href=\"https:\/\/www.lejournaleconomique.com\/2025\/08\/08\/le-sucre-blanc-des-sodas-modifie-vos-genes-intestinaux-une-alerte-inquietante-des-chercheurs-sur-les-risques-caches\/\" rel=\"nofollow noopener\" target=\"_blank\">\u00ab Le sucre blanc des sodas modifie vos g\u00e8nes intestinaux \u00bb : une alerte inqui\u00e9tante des chercheurs sur les risques cach\u00e9s<\/a><\/p>\n<\/blockquote>\n<p>R\u00e9gularit\u00e9 des repas et vieillissement sain<\/p>\n<p>Encourager les personnes \u00e2g\u00e9es \u00e0 conserver des horaires de repas r\u00e9guliers pourrait \u00eatre crucial pour un vieillissement en bonne sant\u00e9. L\u2019\u00e9tude sugg\u00e8re que la r\u00e9gularit\u00e9 des repas, plut\u00f4t qu\u2019une heure pr\u00e9cise, est un marqueur comportemental facile \u00e0 observer. Maintenir un horaire r\u00e9gulier pour le petit-d\u00e9jeuner pourrait aider \u00e0 pr\u00e9venir divers probl\u00e8mes de sant\u00e9 et \u00e0 r\u00e9duire le risque de mortalit\u00e9.<\/p>\n<p>Les chercheurs insistent sur le fait que, bien qu\u2019il n\u2019existe pas d\u2019heure id\u00e9ale pour prendre le petit-d\u00e9jeuner, la r\u00e9gularit\u00e9 est essentielle. Si une personne ou un proche observe un changement significatif dans l\u2019horaire de ce repas, il serait judicieux de consulter un professionnel de sant\u00e9. Cette d\u00e9marche pourrait permettre d\u2019identifier et de traiter des probl\u00e8mes de sant\u00e9 potentiels avant qu\u2019ils ne deviennent graves.<\/p>\n<blockquote class=\"wp-embedded-content\" data-secret=\"bAoNqYH9qX\">\n<p><a href=\"https:\/\/www.lejournaleconomique.com\/2025\/08\/26\/la-ruee-vers-les-complements-alimentaires-un-phenomene-sans-precedent-en-france\/\" rel=\"nofollow noopener\" target=\"_blank\">La ru\u00e9e vers les compl\u00e9ments alimentaires : un ph\u00e9nom\u00e8ne sans pr\u00e9c\u00e9dent en France<\/a><\/p>\n<\/blockquote>\n<p>Les implications pour la sant\u00e9 publique<\/p>\n<p>Ces r\u00e9sultats ont des implications importantes pour la sant\u00e9 publique. Ils sugg\u00e8rent que des interventions visant \u00e0 stabiliser les horaires de repas pourraient am\u00e9liorer la sant\u00e9 des populations \u00e2g\u00e9es. Les professionnels de la sant\u00e9 pourraient utiliser l\u2019heure du petit-d\u00e9jeuner comme un indicateur pour \u00e9valuer l\u2019\u00e9tat de sant\u00e9 g\u00e9n\u00e9ral de leurs patients.<\/p>\n<p>Le lien entre l\u2019heure du petit-d\u00e9jeuner et la sant\u00e9 soul\u00e8ve \u00e9galement des questions sur l\u2019impact des rythmes de vie modernes. Avec l\u2019\u00e9volution des modes de vie, il devient crucial de comprendre comment nos habitudes alimentaires influencent notre bien-\u00eatre. Les recherches futures pourraient explorer comment ces pratiques peuvent \u00eatre ajust\u00e9es pour am\u00e9liorer la qualit\u00e9 de vie et prolonger l\u2019esp\u00e9rance de vie.<\/p>\n<p>En conclusion, l\u2019heure \u00e0 laquelle nous prenons notre petit-d\u00e9jeuner pourrait devenir un outil pr\u00e9cieux pour surveiller notre sant\u00e9. Cette \u00e9tude ouvre la voie \u00e0 de nouvelles recherches sur l\u2019importance de la r\u00e9gularit\u00e9 des repas et son impact sur la long\u00e9vit\u00e9. Comment ces d\u00e9couvertes pourraient-elles influencer nos approches de la nutrition et du vieillissement dans les ann\u00e9es \u00e0 venir ?<\/p>\n<p>Cet article s\u2019appuie sur des sources v\u00e9rifi\u00e9es et l\u2019assistance de technologies \u00e9ditoriales.<\/p>\n<p id=\"rating\">\u00c7a vous a plu ?\u00a04.5\/5 (30)<\/p>\n","protected":false},"excerpt":{"rendered":"EN BREF \ud83d\udcc5 L\u2019heure du petit-d\u00e9jeuner pourrait influencer notre esp\u00e9rance de vie selon une \u00e9tude. \u23f0 Prendre son&hellip;\n","protected":false},"author":2,"featured_media":382564,"comment_status":"","ping_status":"","sticky":false,"template":"","format":"standard","meta":{"footnotes":""},"categories":[10],"tags":[1011,27,72,71],"class_list":{"0":"post-382563","1":"post","2":"type-post","3":"status-publish","4":"format-standard","5":"has-post-thumbnail","7":"category-sante","8":"tag-fr","9":"tag-france","10":"tag-health","11":"tag-sante"},"share_on_mastodon":{"url":"https:\/\/pubeurope.com\/@fr\/115185270379873570","error":""},"_links":{"self":[{"href":"https:\/\/www.europesays.com\/fr\/wp-json\/wp\/v2\/posts\/382563","targetHints":{"allow":["GET"]}}],"collection":[{"href":"https:\/\/www.europesays.com\/fr\/wp-json\/wp\/v2\/posts"}],"about":[{"href":"https:\/\/www.europesays.com\/fr\/wp-json\/wp\/v2\/types\/post"}],"author":[{"embeddable":true,"href":"https:\/\/www.europesays.com\/fr\/wp-json\/wp\/v2\/users\/2"}],"replies":[{"embeddable":true,"href":"https:\/\/www.europesays.com\/fr\/wp-json\/wp\/v2\/comments?post=382563"}],"version-history":[{"count":0,"href":"https:\/\/www.europesays.com\/fr\/wp-json\/wp\/v2\/posts\/382563\/revisions"}],"wp:featuredmedia":[{"embeddable":true,"href":"https:\/\/www.europesays.com\/fr\/wp-json\/wp\/v2\/media\/382564"}],"wp:attachment":[{"href":"https:\/\/www.europesays.com\/fr\/wp-json\/wp\/v2\/media?parent=382563"}],"wp:term":[{"taxonomy":"category","embeddable":true,"href":"https:\/\/www.europesays.com\/fr\/wp-json\/wp\/v2\/categories?post=382563"},{"taxonomy":"post_tag","embeddable":true,"href":"https:\/\/www.europesays.com\/fr\/wp-json\/wp\/v2\/tags?post=382563"}],"curies":[{"name":"wp","href":"https:\/\/api.w.org\/{rel}","templated":true}]}}