{"id":382568,"date":"2025-09-11T10:50:21","date_gmt":"2025-09-11T10:50:21","guid":{"rendered":"https:\/\/www.europesays.com\/fr\/382568\/"},"modified":"2025-09-11T10:50:21","modified_gmt":"2025-09-11T10:50:21","slug":"bonne-nouvelle-chez-orange-et-sosh-pour-les-clients-iphone","status":"publish","type":"post","link":"https:\/\/www.europesays.com\/fr\/382568\/","title":{"rendered":"Bonne nouvelle chez Orange et Sosh pour les clients iPhone"},"content":{"rendered":"<p>L\u2019iPhone Air est le premier smartphone 100% eSIM. Pour l\u2019occasion, Orange nous informe d\u2019une nouvelle politique mise en place pour ses abonn\u00e9s \u00e0 partir du 19 septembre.<\/p>\n<p><a target=\"_blank\" href=\"https:\/\/images.frandroid.com\/wp-content\/uploads\/2025\/09\/apple-iphone-air.jpg\" class=\"article-content__figure\" rel=\"nofollow noopener\"><img fetchpriority=\"high\" decoding=\"async\" loading=\"eager\" width=\"1200\" height=\"857\" src=\"https:\/\/www.europesays.com\/fr\/wp-content\/uploads\/2025\/09\/apple-iphone-air.jpg\" alt=\"\" class=\"wp-image-2789483 wp-image wp-image\"  \/><\/a>iPhone Air \/\/ Source : Apple<\/p>\n<p>L\u2019arriv\u00e9e du premier smartphone 100% eSIM, sans lecteur de carte SIM physique entraine forc\u00e9ment des cons\u00e9quences sur le march\u00e9 des op\u00e9rateurs fran\u00e7ais.<\/p>\n<p>Jusqu\u2019\u00e0 pr\u00e9sent <a href=\"https:\/\/www.frandroid.com\/produits-android\/smartphone\/1311679_esim-definition-operateurs-et-smartphones-compatibles-tout-savoir-sur-la-carte-sim-virtuelle\" rel=\"nofollow noopener\" target=\"_blank\">l\u2019eSIM<\/a> \u00e9tait une option, g\u00e9n\u00e9ralement <a href=\"https:\/\/www.frandroid.com\/services\/operateurs-mobiles\/2779187_orange-free-sfr-bouygues-bientot-la-fin-du-tarif-injuste-sur-les-esim-grace-a-apple\" rel=\"nofollow noopener\" target=\"_blank\">factur\u00e9e 10 euros par nos op\u00e9rateurs<\/a>. Seulement avec l\u2019iPhone Air, l\u2019abonn\u00e9 n\u2019a plus le choix. Cela pourrait entrainer <a href=\"https:\/\/www.frandroid.com\/marques\/apple\/2791005_iphone-air-attention-a-ce-cout-supplementaire-que-pourrait-facturer-votre-operateur\" rel=\"nofollow noopener\" target=\"_blank\">des frais suppl\u00e9mentaires<\/a> pour les premiers clients du nouvel iPhone.<\/p>\n<p>                <img decoding=\"async\" width=\"1200\" height=\"446\" loading=\"lazy\" alt=\"AVS21611OB_Image_1325x492\" title=\"AVS21611OB_Image_1325x492\" class=\"is-radiusless placeholder-default wp-image\" src=\"https:\/\/www.europesays.com\/fr\/wp-content\/uploads\/2025\/09\/avs21611ob-image-1325x492-1-1200x446.jpg\" \/>            <\/p>\n<p>\n                    Renforcez la s\u00e9curit\u00e9 en ligne de vos enfants \u00e0 la rentr\u00e9e                <\/p>\n<p class=\"has-text-weight-medium is-size-6 is-line-height-normal\">\n                    Naviguez l\u2019esprit plus libre : profitez d\u2019un VPN rapide et s\u00e9curis\u00e9, d\u2019une d\u00e9tection des escroqueries et de fonctionnalit\u00e9s de contr\u00f4le parental.                <\/p>\n<p>Nous avons interrog\u00e9 les quatre op\u00e9rateurs nationaux sur ce sujet, et Orange a pu nous annoncer la mise en place d\u2019une nouvelle politique, avec une bonne nouvelle \u00e0 la cl\u00e9.<\/p>\n<p>Aucun frais chez Sosh et Orange<\/p>\n<p>La r\u00e9ponse d\u2019Orange a le m\u00e9rite de la clart\u00e9 concernant l\u2019iPhone Air.<\/p>\n<blockquote class=\"wp-block-quote is-layout-flow wp-block-quote-is-layout-flow\">\n<p>\u00c0 partir du 19 septembre prochain, au lancement de l\u2019iPhone Air, les clients\u00a0Orange\u00a0ou Sosh qui ach\u00e8teront le smartphone chez\u00a0Orange\u00a0seront bascul\u00e9s sans aucuns frais vers une esim.<\/p>\n<\/blockquote>\n<p>Il sera donc possible de basculer d\u2019une carte SIM physique vers une eSIM gratuitement si vous souhaitez migrer vers l\u2019iPhone Air.<\/p>\n<p>Seule contrainte, il faudra acheter le smartphone chez Orange ou Sosh. Une contrainte qui peut \u00eatre \u00e9nervante pour qui voulait l\u2019acheter sur l\u2019Apple Store, <a href=\"https:\/\/www.frandroid.com\/marques\/apple\/2790115_nachetez-pas-votre-iphone-17-pro-en-france-si-vous-le-pouvez-prix-batterie-reseau\" rel=\"nofollow noopener\" target=\"_blank\">ou \u00e0 l\u2019\u00e9tranger<\/a>, mais qui a une justification technique.<\/p>\n<p>En effet, acheter l\u2019iPhone Air directement chez Orange ou Sosh permet \u00e0 l\u2019op\u00e9rateur de pr\u00e9configurer l\u2019eSIM du smartphone directement pour votre forfait \u00e0 la sortie de la boite.<\/p>\n<p>C\u2019est un parcours que les nouveaux abonn\u00e9s de SFR et Free Mobile pourront \u00e9galement d\u00e9couvrir, mais ici Orange le propose \u00e9galement aux anciens abonn\u00e9s qui font la migration vers l\u2019iPhone Air.<\/p>\n","protected":false},"excerpt":{"rendered":"L\u2019iPhone Air est le premier smartphone 100% eSIM. Pour l\u2019occasion, Orange nous informe d\u2019une nouvelle politique mise en&hellip;\n","protected":false},"author":2,"featured_media":382569,"comment_status":"","ping_status":"","sticky":false,"template":"","format":"standard","meta":{"footnotes":""},"categories":[7],"tags":[51555,270,1011,27,43,40,41,39,42,44],"class_list":{"0":"post-382568","1":"post","2":"type-post","3":"status-publish","4":"format-standard","5":"has-post-thumbnail","7":"category-sciences-et-technologies","8":"tag-bons-plans-sosh","9":"tag-breaking","10":"tag-fr","11":"tag-france","12":"tag-science","13":"tag-science-and-technology","14":"tag-sciences","15":"tag-sciences-et-technologies","16":"tag-technologies","17":"tag-technology"},"share_on_mastodon":{"url":"https:\/\/pubeurope.com\/@fr\/115185282436691979","error":""},"_links":{"self":[{"href":"https:\/\/www.europesays.com\/fr\/wp-json\/wp\/v2\/posts\/382568","targetHints":{"allow":["GET"]}}],"collection":[{"href":"https:\/\/www.europesays.com\/fr\/wp-json\/wp\/v2\/posts"}],"about":[{"href":"https:\/\/www.europesays.com\/fr\/wp-json\/wp\/v2\/types\/post"}],"author":[{"embeddable":true,"href":"https:\/\/www.europesays.com\/fr\/wp-json\/wp\/v2\/users\/2"}],"replies":[{"embeddable":true,"href":"https:\/\/www.europesays.com\/fr\/wp-json\/wp\/v2\/comments?post=382568"}],"version-history":[{"count":0,"href":"https:\/\/www.europesays.com\/fr\/wp-json\/wp\/v2\/posts\/382568\/revisions"}],"wp:featuredmedia":[{"embeddable":true,"href":"https:\/\/www.europesays.com\/fr\/wp-json\/wp\/v2\/media\/382569"}],"wp:attachment":[{"href":"https:\/\/www.europesays.com\/fr\/wp-json\/wp\/v2\/media?parent=382568"}],"wp:term":[{"taxonomy":"category","embeddable":true,"href":"https:\/\/www.europesays.com\/fr\/wp-json\/wp\/v2\/categories?post=382568"},{"taxonomy":"post_tag","embeddable":true,"href":"https:\/\/www.europesays.com\/fr\/wp-json\/wp\/v2\/tags?post=382568"}],"curies":[{"name":"wp","href":"https:\/\/api.w.org\/{rel}","templated":true}]}}