{"id":382574,"date":"2025-09-11T10:53:18","date_gmt":"2025-09-11T10:53:18","guid":{"rendered":"https:\/\/www.europesays.com\/fr\/382574\/"},"modified":"2025-09-11T10:53:18","modified_gmt":"2025-09-11T10:53:18","slug":"cette-video-de-louis-sarkozy-sur-la-masculinite-qui-refait-surface-est-digne-doss-117","status":"publish","type":"post","link":"https:\/\/www.europesays.com\/fr\/382574\/","title":{"rendered":"Cette vid\u00e9o de Louis Sarkozy sur la masculinit\u00e9 qui refait surface est digne d\u2019OSS 117"},"content":{"rendered":"<p>        <img decoding=\"async\" loading=\"lazy\" src=\"https:\/\/www.europesays.com\/fr\/wp-content\/uploads\/2025\/09\/996d5c4_upload-1-vufcdwolcld6-screenshot-2025-09-11-08-16-46.png\"  width=\"728\" height=\"390\" alt=\"Louis Sarkozy interview\u00e9 par Brut au mois de mai 2025.\"\/>  <\/p>\n<p>Capture Brut<\/p>\n<p>Louis Sarkozy interview\u00e9 par Brut au mois de mai 2025.<\/p>\n<p class=\"asset asset-text\">POLITIQUE &#8211; \u00ab\u00a0On en reparlera quand il faudra porter quelque chose de lourd\u00a0\u00bb. Cette r\u00e9plique donn\u00e9e par Jean Dujardin \u00e0 Louise Monot, ou plut\u00f4t par l\u2019espion fran\u00e7ais Hubert Bonisseur de La Bath \u00e0 sa cons\u0153ur du Mossad Dolor\u00e8s Koulechov lorsque celle-ci exige de travailler \u00ab\u00a0d\u2019\u00e9gal \u00e0 \u00e9gal\u00a0\u00bb dans le film <a href=\"https:\/\/www.huffingtonpost.fr\/politique\/article\/eric-zemmour-compare-a-oss-117-apres-une-sortie-sur-l-ineligibilite-des-personnes-condamnees-pour-racisme_225900.html\" target=\"_blank\" rel=\"noopener\">OSS 117\u00a0<\/a>: Rio ne r\u00e9pond plus, conviendrait tr\u00e8s bien \u00e0 Louis Sarkozy.<\/p>\n<p class=\"asset asset-text\">Du moins si l\u2019on se r\u00e9f\u00e8re \u00e0 des propos r\u00e9cents tenus par celui qui brigue d\u00e9sormais la mairie de Menton en mars\u00a02026, et qui refont surface en cette rentr\u00e9e, sur fond d\u2019indignation g\u00e9n\u00e9rale des sph\u00e8res f\u00e9ministes sur les r\u00e9seaux sociaux. Le fils de l\u2019ancien chef de l\u2019\u00c9tat a \u00e9t\u00e9 interview\u00e9 en mai 2025, par le m\u00e9dia <a href=\"https:\/\/www.youtube.com\/watch?v=yLWbz0i1SXg\" target=\"_blank\" rel=\"noopener\" title=\"Nouvelle fen\u00eatre\">en ligne Brut<\/a>, alors que ses ambitions politiques bruissent dans la presse.<\/p>\n<p class=\"asset asset-text\">Un long format qui dure plus d\u2019une heure, durant lequel le natif de Neuilly ayant grandi aux \u00c9tats-Unis donne notamment sa vision des rapports hommes femmes dans la soci\u00e9t\u00e9. Et le moins que l\u2019on puisse dire, c\u2019est que Louis Sarkozy assume d\u2019avoir un logiciel un brin dat\u00e9. La th\u00e9matique s\u2019invite lorsqu\u2019il est interrog\u00e9 sur sa vision de la masculinit\u00e9, un sujet qui <a href=\"https:\/\/www.valeursactuelles.com\/clubvaleurs\/societe\/louis-sarkozy-musashi-ou-le-gout-dune-masculinite-maitrisee\" target=\"_blank\" rel=\"noopener\" title=\"Nouvelle fen\u00eatre\">manifestement le pr\u00e9occupe<\/a>.<\/p>\n<p class=\"asset asset-text\">\u00ab\u00a0Et bien \u00e9coutez, moi je consid\u00e8re que la masculinit\u00e9 est une des valeurs les plus importantes de nos soci\u00e9t\u00e9s. Et qu\u2019elle est absolument cruciale, non seulement \u00e0 la croissance et au d\u00e9veloppement, mais \u00e0 la protection de nos soci\u00e9t\u00e9s\u00a0\u00bb, pose d\u2019embl\u00e9e le fils de Nicolas Sarkozy, qui juge que quand les hommes \u00ab\u00a0sont dans les tranch\u00e9es \u00e0 Verdun, soudainement il y a plus de critique de la masculinit\u00e9\u00a0\u00bb. Selon lui, c\u2019est une \u00ab\u00a0erreur monumentale\u00a0\u00bb d\u2019affirmer que la \u00ab\u00a0masculinit\u00e9 est insupportable\u00a0\u00bb. Au contraire, il s\u2019agirait selon lui d\u2019inculquer aux petits gar\u00e7ons que \u00ab\u00a0la masculinit\u00e9 est essentielle\u00a0\u00bb. Et pas seulement pour eux m\u00eames, mais \u00ab\u00a0pour la soci\u00e9t\u00e9\u00a0\u00bb.<\/p>\n<p>                     \u00ab\u00a0Dieu sait qu\u2019on a besoin des hommes\u00a0\u00bb    <\/p>\n<p class=\"asset asset-text\">Plus loin, et disant se baser sur les travaux du canadien Jordan Peterson, <a href=\"https:\/\/www.lemonde.fr\/m-gens-portrait\/article\/2018\/02\/02\/jordan-peterson-nouveau-heraut-des-masculinistes_5250976_4497229.html\" target=\"_blank\" rel=\"noopener\" title=\"Nouvelle fen\u00eatre\">h\u00e9ros de l\u2019alt-right am\u00e9ricaine c\u00e9l\u00e9br\u00e9 par les masculinistes<\/a>, le candidat aux municipales devise sur le f\u00e9minisme. \u00ab\u00a0J\u2019ai l\u2019impression que le souhait de beaucoup de f\u00e9ministes, c\u2019est de compl\u00e8tement affaiblir l\u2019homme en r\u00e8gle g\u00e9n\u00e9rale. De le rendre incapable de faire du mal. Or, Dieu sait qu\u2019on a besoin des hommes quand ils construisent des routes, quand ils posent les grilles \u00e9lectriques, quand ils sont dans les \u00e9gouts, quand ils posent des briques pour faire nos maisons, ou dans les tranch\u00e9es de Passchendaele ou de Verdun\u00a0\u00bb, d\u00e9taille-t-il,  avec un applomb comparable avec le personnage caricatural mis \u00e0 l\u2019\u00e9cran par Michel Hazanavicius.<\/p>\n<p class=\"asset asset-text\">Une vision tr\u00e8s conservatrice des probl\u00e9matiques de genre qui a provoqu\u00e9 la consternation de plusieurs comptes ou personnalit\u00e9s f\u00e9ministes, qui ont tourn\u00e9 son passage en d\u00e9rision. \u00ab\u00a0Qu\u2019on lui apporte une chemise \u00e0 sa taille\u00a0\u00bb, cingle notamment la chanteuse Clara Luciani, alors que l\u2019humoriste Justine Lossa <a href=\"https:\/\/www.instagram.com\/reel\/DOWDI8CjCt5\/?igsh=MTJvdW44OTBvNXo2NQ%3D%3D\" target=\"_blank\" rel=\"noopener\" title=\"Nouvelle fen\u00eatre\">s\u2019amuse \u00e0 d\u00e9cortiquer sa vid\u00e9o<\/a>, tout comme <a href=\"https:\/\/www.instagram.com\/p\/DOWYpP8iIu2\/?hl=fr\" target=\"_blank\" rel=\"noopener\" title=\"Nouvelle fen\u00eatre\">Tristan Lopin<\/a>. \u00c0 noter que ce n\u2019est pas la premi\u00e8re fois que celui qui affectionne manifestement les longues interviews consacr\u00e9es \u00e0 sa personne offre des s\u00e9quences qui font le bonheur des r\u00e9seaux sociaux.<\/p>\n<p class=\"asset asset-text\">Dans une interview accord\u00e9e cette fois au <a href=\"https:\/\/www.lefigaro.fr\/flash-actu\/il-faut-etre-capable-d-une-grande-violence-mes-enfants-seront-entraines-aux-arts-martiaux-explique-louis-sarkozy-20250904\" target=\"_blank\" rel=\"noopener\" title=\"Nouvelle fen\u00eatre\">Figaro<\/a> d\u00e9but septembre, le jeune homme de 28\u00a0ans donnait cette fois sa vision de l\u2019\u00e9ducation (il ambitionne d\u2019avoir \u00ab\u00a0quinze enfants\u00a0\u00bb si possible)\u00a0: \u00ab\u00a0Tout le monde devrait \u00eatre capable d\u2019une grande violence. Car lorsqu\u2019on n\u2019est pas capable de violence, il n\u2019y a aucune moralit\u00e9 \u00e0 se restreindre\u00a0\u00bb. Raison pour laquelle il explique qu\u2019il inscrira ses futurs enfants aux arts martiaux. De quoi rappeler cette fois une autre r\u00e9plique culte de la saga OSS 117\u00a0: \u00ab\u00a0J\u2019aime me battre\u00a0\u00bb.<\/p>\n<p>      <script async src=\"\/\/www.instagram.com\/embed.js\"><\/script><\/p>\n","protected":false},"excerpt":{"rendered":"Capture Brut Louis Sarkozy interview\u00e9 par Brut au mois de mai 2025. POLITIQUE &#8211; \u00ab\u00a0On en reparlera quand&hellip;\n","protected":false},"author":2,"featured_media":382575,"comment_status":"","ping_status":"","sticky":false,"template":"","format":"standard","meta":{"footnotes":""},"categories":[4],"tags":[11,6757,1011,27,17927,12,316,25],"class_list":{"0":"post-382574","1":"post","2":"type-post","3":"status-publish","4":"format-standard","5":"has-post-thumbnail","7":"category-france","8":"tag-actualites","9":"tag-feminisme","10":"tag-fr","11":"tag-france","12":"tag-louis-sarkozy","13":"tag-news","14":"tag-politique","15":"tag-republique-francaise"},"share_on_mastodon":{"url":"https:\/\/pubeurope.com\/@fr\/115185294169603720","error":""},"_links":{"self":[{"href":"https:\/\/www.europesays.com\/fr\/wp-json\/wp\/v2\/posts\/382574","targetHints":{"allow":["GET"]}}],"collection":[{"href":"https:\/\/www.europesays.com\/fr\/wp-json\/wp\/v2\/posts"}],"about":[{"href":"https:\/\/www.europesays.com\/fr\/wp-json\/wp\/v2\/types\/post"}],"author":[{"embeddable":true,"href":"https:\/\/www.europesays.com\/fr\/wp-json\/wp\/v2\/users\/2"}],"replies":[{"embeddable":true,"href":"https:\/\/www.europesays.com\/fr\/wp-json\/wp\/v2\/comments?post=382574"}],"version-history":[{"count":0,"href":"https:\/\/www.europesays.com\/fr\/wp-json\/wp\/v2\/posts\/382574\/revisions"}],"wp:featuredmedia":[{"embeddable":true,"href":"https:\/\/www.europesays.com\/fr\/wp-json\/wp\/v2\/media\/382575"}],"wp:attachment":[{"href":"https:\/\/www.europesays.com\/fr\/wp-json\/wp\/v2\/media?parent=382574"}],"wp:term":[{"taxonomy":"category","embeddable":true,"href":"https:\/\/www.europesays.com\/fr\/wp-json\/wp\/v2\/categories?post=382574"},{"taxonomy":"post_tag","embeddable":true,"href":"https:\/\/www.europesays.com\/fr\/wp-json\/wp\/v2\/tags?post=382574"}],"curies":[{"name":"wp","href":"https:\/\/api.w.org\/{rel}","templated":true}]}}