{"id":382578,"date":"2025-09-11T10:55:14","date_gmt":"2025-09-11T10:55:14","guid":{"rendered":"https:\/\/www.europesays.com\/fr\/382578\/"},"modified":"2025-09-11T10:55:14","modified_gmt":"2025-09-11T10:55:14","slug":"eric-le-jaouen-reste-le-chef-de-file-dhorizons","status":"publish","type":"post","link":"https:\/\/www.europesays.com\/fr\/382578\/","title":{"rendered":"\u00ab\u00a0Eric Le Jaouen reste le chef de file d\u2019Horizons\u00a0\u00bb"},"content":{"rendered":"<p>Exclu du collectif Saint-\u00c9tienne ensemble 2026, qui regroupe les partis de la droite et du centre en vue des municipales de 2026, <a href=\"https:\/\/www.leprogres.fr\/p\/eric-le-jaouen\" target=\"_blank\" rel=\"nofollow noopener\">Eric Le Jaouen<\/a> se targue toujours d\u2019avoir le soutien du parti Horizons, pr\u00e9sid\u00e9 par \u00c9douard Philippe.<\/p>\n<p>Et ce soutien \u00e9nerve au plus haut point les autres membres du collectif qui veulent un \u00e9claircissement de la situation. Dino Cinieri (LR), Quentin Bataillon ou encore Lionel Boucher (UDI) sont impatients qu\u2019Horizons mette en application sa volont\u00e9 d\u2019union, en signifiant \u00e0 Eric Le Jaouen qu\u2019il n\u2019est plus dans cette logique, lui reprochant sa d\u00e9marche solo.<\/p>\n<p>  \u00ab\u00a0On va y arriver\u00a0\u00bb<\/p>\n<p>C\u2019est ce que nous a confirm\u00e9 Alexandre Vincendet, r\u00e9f\u00e9rent r\u00e9gional Auvergne-Rh\u00f4ne-Alpes d\u2019Horizons.<\/p>\n<p>\u00ab\u00a0Pour l\u2019instant, Eric Le Jaouen est l\u00e0. J\u2019ai \u00e9chang\u00e9 avec Dino Cinieri et Quentin Bataillon, que je connais bien. Notre but, c\u2019est qu\u2019on arrive \u00e0 l\u2019union. La ligne de notre parti et de son bureau politique est claire\u00a0: partout o\u00f9 les alliances entre la droite et le centre sont possibles, elles doivent se faire. Personne n\u2019a vocation \u00e0 partir seul\u00a0\u00bb, pr\u00e9cise-t-il, en reconnaissant que la situation st\u00e9phanoise est \u00ab\u00a0compliqu\u00e9e\u00a0\u00bb et qu\u2019il faut \u00ab\u00a0mettre du liant\u00a0\u00bb entre les diff\u00e9rents partis.<\/p>\n<p>\u00ab\u00a0Au final, notre but est bien que tout le monde se rassemble. On va y arriver\u00a0\u00bb, promet Alexandre Vincendet.<\/p>\n<p>  Les personnes habilit\u00e9es \u00e0 s\u2019exprimer au nom d\u2019Horizons<\/p>\n<p>Horizons Loire, de son c\u00f4t\u00e9, confirme que le mouvement est d\u00e9sormais totalement distinct du groupe Saint-\u00c9tienne ensemble 2026 et que <a href=\"https:\/\/www.leprogres.fr\/elections\/2025\/07\/14\/a-saint-etienne-eric-le-jaouen-exclut-de-la-liste-d-union-de-la-droite-et-du-centre\" target=\"_blank\" rel=\"nofollow noopener\">l\u2019exclusion d\u2019Eric Le Jaouen du collectif<\/a> a \u00e9t\u00e9 suivie de l\u2019exclusion de l\u2019ensemble des adh\u00e9rents Horizons Loire.<\/p>\n<p>Et de rappeler que les personnes habilit\u00e9es \u00e0 s\u2019exprimer au nom d\u2019Horizons pour les municipales de mars prochain ont \u00e9t\u00e9 d\u00e9sign\u00e9es par \u00c9douard Philippe et le bureau politique national du parti.<\/p>\n<p>\u00c0 savoir, Eric Berlivet (r\u00e9f\u00e9rent d\u00e9partemental), Jean-Luc Bouchacourt (chef de file pour les municipales \u00e0 Saint-Chamond), Esteban Piat (chef de file pour les municipales \u00e0 Roanne) et donc Eric Le Jaouen (chef de file pour les municipales \u00e0 Saint-\u00c9tienne).<\/p>\n","protected":false},"excerpt":{"rendered":"Exclu du collectif Saint-\u00c9tienne ensemble 2026, qui regroupe les partis de la droite et du centre en vue&hellip;\n","protected":false},"author":2,"featured_media":382579,"comment_status":"","ping_status":"","sticky":false,"template":"","format":"standard","meta":{"footnotes":""},"categories":[9653],"tags":[1111,11,2430,7539,4188,1777,674,1011,27,12,316,25,4001,7538],"class_list":{"0":"post-382578","1":"post","2":"type-post","3":"status-publish","4":"format-standard","5":"has-post-thumbnail","7":"category-saint-etienne","8":"tag-actu","9":"tag-actualites","10":"tag-auvergne-rhone-alpes","11":"tag-edition-loire-sud","12":"tag-elections-municipales","13":"tag-eu","14":"tag-europe","15":"tag-fr","16":"tag-france","17":"tag-news","18":"tag-politique","19":"tag-republique-francaise","20":"tag-saint-etienne","21":"tag-saint-etienne-ville"},"share_on_mastodon":{"url":"https:\/\/pubeurope.com\/@fr\/115185301896570315","error":""},"_links":{"self":[{"href":"https:\/\/www.europesays.com\/fr\/wp-json\/wp\/v2\/posts\/382578","targetHints":{"allow":["GET"]}}],"collection":[{"href":"https:\/\/www.europesays.com\/fr\/wp-json\/wp\/v2\/posts"}],"about":[{"href":"https:\/\/www.europesays.com\/fr\/wp-json\/wp\/v2\/types\/post"}],"author":[{"embeddable":true,"href":"https:\/\/www.europesays.com\/fr\/wp-json\/wp\/v2\/users\/2"}],"replies":[{"embeddable":true,"href":"https:\/\/www.europesays.com\/fr\/wp-json\/wp\/v2\/comments?post=382578"}],"version-history":[{"count":0,"href":"https:\/\/www.europesays.com\/fr\/wp-json\/wp\/v2\/posts\/382578\/revisions"}],"wp:featuredmedia":[{"embeddable":true,"href":"https:\/\/www.europesays.com\/fr\/wp-json\/wp\/v2\/media\/382579"}],"wp:attachment":[{"href":"https:\/\/www.europesays.com\/fr\/wp-json\/wp\/v2\/media?parent=382578"}],"wp:term":[{"taxonomy":"category","embeddable":true,"href":"https:\/\/www.europesays.com\/fr\/wp-json\/wp\/v2\/categories?post=382578"},{"taxonomy":"post_tag","embeddable":true,"href":"https:\/\/www.europesays.com\/fr\/wp-json\/wp\/v2\/tags?post=382578"}],"curies":[{"name":"wp","href":"https:\/\/api.w.org\/{rel}","templated":true}]}}