{"id":382580,"date":"2025-09-11T10:56:19","date_gmt":"2025-09-11T10:56:19","guid":{"rendered":"https:\/\/www.europesays.com\/fr\/382580\/"},"modified":"2025-09-11T10:56:19","modified_gmt":"2025-09-11T10:56:19","slug":"bloquons-tout-a-saint-etienne-gael-perdriau-porte-plainte-et-denonce-des-actes-laches","status":"publish","type":"post","link":"https:\/\/www.europesays.com\/fr\/382580\/","title":{"rendered":"Bloquons tout\u00a0\u00bb \u00e0 Saint-\u00c9tienne. Ga\u00ebl Perdriau porte plainte et d\u00e9nonce des actes \u00ab\u00a0l\u00e2ches"},"content":{"rendered":"<p>            Par<br \/>\n        <strong><br \/>\n            <a href=\"https:\/\/actu.fr\/auteur\/julien-sournies\" title=\"Consulter tous les articles de Julien Sournies\" target=\"_blank\" rel=\"noopener\">Julien Sournies<\/a><br \/>\n        <\/strong><\/p>\n<p>        Publi\u00e9 le<\/p>\n<p>            11 sept. 2025 \u00e0 12h38        <\/p>\n<p>La journ\u00e9e de mobilisation <a href=\"https:\/\/actu.fr\/auvergne-rhone-alpes\/saint-etienne_42218\/bloquons-tout-a-saint-etienne-plus-de-5-000-personnes-dans-la-rue-des-perturbations-en-cours_63144716.html\" target=\"_blank\" rel=\"noopener\">\u00ab\u00a0Bloquons tout\u00a0\u00bb<\/a> de ce mercredi 10 septembre a \u00e9t\u00e9 marqu\u00e9e par quelques d\u00e9bordements dans plusieurs villes de France, dont <a href=\"https:\/\/actu.fr\/saint-etienne\/\" target=\"_blank\" rel=\"noopener\">Saint-\u00c9tienne<\/a>. Si la principale manifestation de l\u2019apr\u00e8s-midi, qui a reli\u00e9 la Bourse du travail \u00e0 la gare Saint-Etienne-Chateaucreux, s\u2019est d\u00e9roul\u00e9e sans incidents notables, les rassemblements sauvages de la matin\u00e9e ont fait <strong>quelques d\u00e9g\u00e2ts<\/strong> dans la capitale de la <a href=\"https:\/\/actu.fr\/auvergne-rhone-alpes\/loire_42\" target=\"_blank\" rel=\"noopener\">Loire<\/a>.<br \/>Au soir de cette premi\u00e8re mobilisation, le maire, Ga\u00ebl Perdriau, a tenu \u00e0 prendre la parole, d\u00e9non\u00e7ant, entre autres, des \u00ab\u00a0actes l\u00e2ches\u00a0\u00bb et annonc\u00e9 le d\u00e9p\u00f4t prochain d\u2019une plainte \u00ab\u00a0pour que les responsables soient les payeurs\u00a0\u00bb.<\/p>\n<p>Arr\u00eats de bus bris\u00e9s, murs tagu\u00e9s, commerces d\u00e9grad\u00e9s\u2026<\/p>\n<p class=\" wall-content\">Pour rappel, une poign\u00e9e de participants du cort\u00e8ge du matin, dont le rassemblement n\u2019\u00e9tait pas d\u00e9clar\u00e9 en pr\u00e9fecture, ont \u00ab\u00a0d\u00e9grad\u00e9 du mobilier urbain et incendi\u00e9 divers d\u00e9tritus et poubelles\u00a0\u00bb, \u00e0 l\u2019image du <a href=\"https:\/\/actu.fr\/auvergne-rhone-alpes\/saint-etienne_42218\/bloquons-tout-a-saint-etienne-un-magasin-carrefour-fracasse-par-des-manifestants-filmes_63145234.html\" target=\"_blank\" rel=\"noopener\">Carrefour City de la place Anatole-France<\/a>.<\/p>\n<p class=\" wall-content\">\u00c0 cela, des arr\u00eats de bus ont \u00e9t\u00e9 <strong>bris\u00e9s<\/strong> ou encore plusieurs murs <strong>tagu\u00e9s<\/strong>.\u00a0<\/p>\n<p class=\" wall-content\">\u00ab\u00a0Aucune raison, aucune col\u00e8re ne peut l\u00e9gitimer de d\u00e9grader l\u2019espace public, bien commun de tous, le mobilier urbain ou encore de taguer et de d\u00e9t\u00e9riorer des vitrines de commerces\u00a0\u00bb, a l\u00e2ch\u00e9 le premier \u00e9dile st\u00e9phanois.<\/p>\n<p>Des \u00ab\u00a0agissements imb\u00e9ciles\u00a0\u00bb<\/p>\n<p class=\" wall-content\">Outre les pr\u00e9judices mat\u00e9riels, un motard de la police nationale a par ailleurs \u00e9t\u00e9 <strong>bless\u00e9<\/strong> par un jet de projectile. Une <strong>enqu\u00eate<\/strong> est d\u2019ailleurs en cours afin de retrouver l\u2019auteur des faits, informe la pr\u00e9fecture lig\u00e9rienne.<\/p>\n<blockquote class=\"ac-article-quote wall-content\">\n<p>Il s\u2019agit d\u2019actes irresponsables, gratuits, l\u00e2ches et intol\u00e9rables dont certains auraient pu avoir des cons\u00e9quences dramatiques.<\/p>\n<p>    <strong>Ga\u00ebl Perdriau<\/strong><br \/>\n        Maire de Saint-Etienne    <\/p><\/blockquote>\n<p class=\" wall-content\">\u00ab\u00a0Ces agissements imb\u00e9ciles d\u2019une minorit\u00e9 desservent les causes d\u00e9fendues par les manifestants qui se doivent aussi de condamner tout acte de d\u00e9gradation ou de violence\u00a0\u00bb, a-t-il ajout\u00e9.<\/p>\n<p>Votre r\u00e9gion, votre actu !<\/p>\n<p>Recevez chaque jour les infos qui comptent pour vous.<\/p>\n<p>\t<a href=\"https:\/\/actu.fr\/newsletter\" class=\"ac-btn ac-btn--corner ac-btn--medium ac-btn--blue800\" target=\"_blank\" rel=\"noopener\">S&rsquo;incrire<\/a><br \/>\nDes prochains rassemblement dans les jours \u00e0 venir<\/p>\n<p class=\" wall-content\">En d\u00e9pit des dommages humains et mat\u00e9riels, les forces de l\u2019ordre n\u2019ont proc\u00e9d\u00e9 qu\u2019\u00e0 une seule interpellation tout au long de la journ\u00e9e dans la capitale de la Loire.\u00a0<\/p>\n<p class=\" wall-content\">\u00c0 noter que <strong>d\u2019autres journ\u00e9es de manifestations<\/strong> sont pr\u00e9vues dans le d\u00e9partement au cours des prochains jours. Ce jeudi 11 septembre au matin \u00e0 Saint-\u00c9tienne, quelques manifestants se sont rassembl\u00e9s sur le rond-point de Monthieu, avant d\u2019\u00eatre contraint de quitter les lieux sur ordre de la police, indique l\u2019un des participants.<\/p>\n<p class=\" wall-content\">Mais le plus gros du rassemblement du jour doit avoir lieu ce jeudi 11 septembre sur les coups de 18 heures, o\u00f9 une assembl\u00e9e g\u00e9n\u00e9rale se tiendra devant l\u2019h\u00f4tel de ville pour d\u00e9cider de la suite des \u00e9v\u00e9nements.<\/p>\n<p class=\" wall-content\">Personnalisez votre actualit\u00e9 en ajoutant vos villes et m\u00e9dias en favori avec <a href=\"https:\/\/moncompte.actu.fr\" title=\"D\u00e9couvez Mon Actu\" rel=\"nofollow noopener\" data-trk=\"{&quot;cta&quot;:{&quot;action&quot;:&quot;https:\\\/\\\/moncompte.actu.fr&quot;,&quot;category&quot;:&quot;mon compte&quot;,&quot;from&quot;:&quot;article footer&quot;,&quot;name&quot;:&quot;Mon actu&quot;,&quot;type&quot;:&quot;cta&quot;}}\" target=\"_blank\">Mon Actu<\/a>.<\/p>\n","protected":false},"excerpt":{"rendered":"Par Julien Sournies Publi\u00e9 le 11 sept. 2025 \u00e0 12h38 La journ\u00e9e de mobilisation \u00ab\u00a0Bloquons tout\u00a0\u00bb de ce&hellip;\n","protected":false},"author":2,"featured_media":382581,"comment_status":"","ping_status":"","sticky":false,"template":"","format":"standard","meta":{"footnotes":""},"categories":[9653],"tags":[1111,11,2430,47212,1777,674,1011,27,12242,50957,12,25,4001,104],"class_list":{"0":"post-382580","1":"post","2":"type-post","3":"status-publish","4":"format-standard","5":"has-post-thumbnail","7":"category-saint-etienne","8":"tag-actu","9":"tag-actualites","10":"tag-auvergne-rhone-alpes","11":"tag-bloquons-tout","12":"tag-eu","13":"tag-europe","14":"tag-fr","15":"tag-france","16":"tag-gael-perdriau","17":"tag-mouvement-du-10-septembre","18":"tag-news","19":"tag-republique-francaise","20":"tag-saint-etienne","21":"tag-societe"},"share_on_mastodon":{"url":"https:\/\/pubeurope.com\/@fr\/115185305812691397","error":""},"_links":{"self":[{"href":"https:\/\/www.europesays.com\/fr\/wp-json\/wp\/v2\/posts\/382580","targetHints":{"allow":["GET"]}}],"collection":[{"href":"https:\/\/www.europesays.com\/fr\/wp-json\/wp\/v2\/posts"}],"about":[{"href":"https:\/\/www.europesays.com\/fr\/wp-json\/wp\/v2\/types\/post"}],"author":[{"embeddable":true,"href":"https:\/\/www.europesays.com\/fr\/wp-json\/wp\/v2\/users\/2"}],"replies":[{"embeddable":true,"href":"https:\/\/www.europesays.com\/fr\/wp-json\/wp\/v2\/comments?post=382580"}],"version-history":[{"count":0,"href":"https:\/\/www.europesays.com\/fr\/wp-json\/wp\/v2\/posts\/382580\/revisions"}],"wp:featuredmedia":[{"embeddable":true,"href":"https:\/\/www.europesays.com\/fr\/wp-json\/wp\/v2\/media\/382581"}],"wp:attachment":[{"href":"https:\/\/www.europesays.com\/fr\/wp-json\/wp\/v2\/media?parent=382580"}],"wp:term":[{"taxonomy":"category","embeddable":true,"href":"https:\/\/www.europesays.com\/fr\/wp-json\/wp\/v2\/categories?post=382580"},{"taxonomy":"post_tag","embeddable":true,"href":"https:\/\/www.europesays.com\/fr\/wp-json\/wp\/v2\/tags?post=382580"}],"curies":[{"name":"wp","href":"https:\/\/api.w.org\/{rel}","templated":true}]}}