{"id":382582,"date":"2025-09-11T10:57:13","date_gmt":"2025-09-11T10:57:13","guid":{"rendered":"https:\/\/www.europesays.com\/fr\/382582\/"},"modified":"2025-09-11T10:57:13","modified_gmt":"2025-09-11T10:57:13","slug":"un-spectaculaire-incendie-bloque-un-axe-central-de-la-ville","status":"publish","type":"post","link":"https:\/\/www.europesays.com\/fr\/382582\/","title":{"rendered":"un spectaculaire incendie bloque un axe central de la ville"},"content":{"rendered":"<p>La circulation des trolleybus a \u00e9t\u00e9 coup\u00e9e, ce jeudi, \u00e0 l\u2019heure du d\u00e9jeuner, rue Saint-Georges, \u00e0 Nancy, un axe central du centre-ville. Les sapeurs-pompiers luttent contre un feu de combles qui s\u2019est d\u00e9clar\u00e9 au 42, non loin de la cath\u00e9drale, au-dessus de Carac.<\/p>\n<p>Un important panache de fum\u00e9e se d\u00e9gage, visible depuis tout le centre-ville. Des dizaines de badauds regardent les op\u00e9rations de secours, men\u00e9es avec deux grandes \u00e9chelles.<\/p>\n<p>Si l\u2019incendie est attaqu\u00e9 par l\u2019ext\u00e9rieur par deux lances, des reconnaissances sont en cours \u00e0 l\u2019int\u00e9rieur de l\u2019immeuble.<\/p>\n<p>Dans un m\u00eame temps, les pompiers proc\u00e8dent au d\u00e9tuilage du toit de cet immeuble sur quatre niveaux. Ils doivent composer avec un vent soutenu.<\/p>\n<p>Sur place, le sous-pr\u00e9fet Christophe Antony a fait premier point avec les secours confront\u00e9s \u00e0 une \u00ab situation p\u00e9rilleuse \u00bb.<\/p>\n","protected":false},"excerpt":{"rendered":"La circulation des trolleybus a \u00e9t\u00e9 coup\u00e9e, ce jeudi, \u00e0 l\u2019heure du d\u00e9jeuner, rue Saint-Georges, \u00e0 Nancy, un&hellip;\n","protected":false},"author":2,"featured_media":382583,"comment_status":"","ping_status":"","sticky":false,"template":"","format":"standard","meta":{"footnotes":""},"categories":[9635],"tags":[1111,11,1704,1777,674,274,1011,27,775,1310,3457,1702,1703,12,25],"class_list":{"0":"post-382582","1":"post","2":"type-post","3":"status-publish","4":"format-standard","5":"has-post-thumbnail","7":"category-nancy","8":"tag-actu","9":"tag-actualites","10":"tag-edition-nancy-et-agglomeration","11":"tag-eu","12":"tag-europe","13":"tag-faits-divers-justice","14":"tag-fr","15":"tag-france","16":"tag-grand-est","17":"tag-incendie","18":"tag-meurthe-et-moselle","19":"tag-nancy","20":"tag-nancy-ville-54b","21":"tag-news","22":"tag-republique-francaise"},"share_on_mastodon":{"url":"https:\/\/pubeurope.com\/@fr\/115185309780041458","error":""},"_links":{"self":[{"href":"https:\/\/www.europesays.com\/fr\/wp-json\/wp\/v2\/posts\/382582","targetHints":{"allow":["GET"]}}],"collection":[{"href":"https:\/\/www.europesays.com\/fr\/wp-json\/wp\/v2\/posts"}],"about":[{"href":"https:\/\/www.europesays.com\/fr\/wp-json\/wp\/v2\/types\/post"}],"author":[{"embeddable":true,"href":"https:\/\/www.europesays.com\/fr\/wp-json\/wp\/v2\/users\/2"}],"replies":[{"embeddable":true,"href":"https:\/\/www.europesays.com\/fr\/wp-json\/wp\/v2\/comments?post=382582"}],"version-history":[{"count":0,"href":"https:\/\/www.europesays.com\/fr\/wp-json\/wp\/v2\/posts\/382582\/revisions"}],"wp:featuredmedia":[{"embeddable":true,"href":"https:\/\/www.europesays.com\/fr\/wp-json\/wp\/v2\/media\/382583"}],"wp:attachment":[{"href":"https:\/\/www.europesays.com\/fr\/wp-json\/wp\/v2\/media?parent=382582"}],"wp:term":[{"taxonomy":"category","embeddable":true,"href":"https:\/\/www.europesays.com\/fr\/wp-json\/wp\/v2\/categories?post=382582"},{"taxonomy":"post_tag","embeddable":true,"href":"https:\/\/www.europesays.com\/fr\/wp-json\/wp\/v2\/tags?post=382582"}],"curies":[{"name":"wp","href":"https:\/\/api.w.org\/{rel}","templated":true}]}}