{"id":382586,"date":"2025-09-11T10:59:11","date_gmt":"2025-09-11T10:59:11","guid":{"rendered":"https:\/\/www.europesays.com\/fr\/382586\/"},"modified":"2025-09-11T10:59:11","modified_gmt":"2025-09-11T10:59:11","slug":"le-photographe-patrick-tordjman-expose-ses-terriens-vagues-a-la-galerie-15-a-toulon","status":"publish","type":"post","link":"https:\/\/www.europesays.com\/fr\/382586\/","title":{"rendered":"Le photographe Patrick Tordjman expose ses \u00ab\u00a0Terriens vagues\u00a0\u00bb \u00e0 La Galerie 15 \u00e0 Toulon"},"content":{"rendered":"<p>Il a un sens quasi inn\u00e9 de la lumi\u00e8re selon Pierre-Jean Rey, directeur artistique de la Galerie 15, un \u0153il form\u00e9 au contact de Louis Stettner et \u00e7a se voit: le photographe Patrick Tordjman expose pour la premi\u00e8re fois de sa carri\u00e8re ses Terriens vagues, des personnes souvent isol\u00e9es de leur environnement, captur\u00e9es dans leur instant de vie. Du noir et blanc \u2013 seul le visage du photographe \u00e0 l\u2019entr\u00e9e de la galerie, saisi par Eric Pineau est en couleurs \u2013 en 34 images qui font sens, au-del\u00e0 des lieux et des \u00e9poques. Car ces 34 photographies racontent aussi plus de 30 ann\u00e9es de vie du photographe qui s\u2019\u00e9tait d\u00e9tourn\u00e9 de l\u2019objectif.<\/p>\n<p>Patrick Tordjman est un artiste au parcours atypique. Des \u00e9tudes de cin\u00e9ma documentaire \u00e0 Boston, avant de revenir en France pour le service militaire. C\u2019est l\u00e0 qu\u2019il se saisit pour la premi\u00e8re fois d\u2019un appareil argentique: \u00ab\u00a0J\u2019avais achet\u00e9 un petit bo\u00eetier et j\u2019ai fait un premier reportage sur ce que je vivais.\u00a0\u00bb Lib\u00e9ration choisit d\u2019en publier deux ou trois pour illustrer un de ses sujets&#8230; Puis, pendant deux ans, il sera assistant du grand photographe nord am\u00e9ricain Louis Stettner. \u00ab\u00a0Il m\u2019a beaucoup influenc\u00e9\u00a0\u00bb, confie l\u2019artiste qui, choisit ensuite de prendre son envol. \u00ab\u00a0Je me suis autoproduit alors, en faisant des sujets sur Isra\u00ebl et la Palestine\u2026 Mon p\u00e8re s\u2019\u00e9tait remari\u00e9 avec une Isra\u00e9lienne et j\u2019allais souvent l\u00e0-bas\u00a0\u00bb, r\u00e9sume-t-il. Sans \u00eatre photographe de guerre, \u00ab\u00a0je voulais montrer une vision diff\u00e9rente du conflit\u00a0\u00bb. <\/p>\n<p>Le passage \u00e0 la couleur \u00ab\u00a0pour r\u00e9pondre au march\u00e9\u00a0\u00bb, l\u2019arriv\u00e9e du num\u00e9rique qui modifie les codes et la pratique de la photographie\u2026 Le photographe prend du recul, d\u00e9cide de faire une pause.<\/p>\n<p>Une pause qui a dur\u00e9 25 ans. Il mue en agriculteur bio dans l\u2019Aveyron d\u2019abord, passe un bac pro en horticulture, mara\u00eechage, reprend l\u2019exploitation de son p\u00e8re, du c\u00f4t\u00e9 de Lorgues. Et renoue avec son appareil apr\u00e8s 25 ans. Un argentique toujours, pour \u00e9prouver encore sa technique, son \u0153il\u2026 \u00ab\u00a0La photo n\u2019a jamais \u00e9t\u00e9 vraiment loin de moi mais pendant des ann\u00e9es, j\u2019ai \u00e9t\u00e9 incapable de reproduire le travail que je faisais \u201cavant\u00a0\u00bb \u00bb. Les clich\u00e9s ramen\u00e9s de r\u00e9cents s\u00e9jours \u00e0 Madrid, Rome, t\u00e9moignent de ce regard neuf et en m\u00eame temps jamais perdu, lui qui ne recadre pas ses photos, n\u2019utilise pas de mode \u00ab\u00a0rafale\u00a0\u00bb, comme un hommage aux anciens et aux puristes. \u00ab\u00a0Si on doit recadrer une photo c\u2019est que l\u2019on s\u2019est plant\u00e9 qu\u2019on n\u2019\u00e9tait pas au bon endroit au bon moment\u2026 Du coup \u00e7a pousse \u00e0 devenir meilleur. \u00ab\u00a0<\/p>\n<p>\u00a0<\/p>\n<p> , jusqu\u2019au 31 octobre \u00e0 la Galerie 15 \u00e0 Toulon. Contact: 06.12.11.04.33. ou 06.09.13.17.15. Rens.www.galerie15.com<\/p>\n","protected":false},"excerpt":{"rendered":"Il a un sens quasi inn\u00e9 de la lumi\u00e8re selon Pierre-Jean Rey, directeur artistique de la Galerie 15,&hellip;\n","protected":false},"author":2,"featured_media":382587,"comment_status":"","ping_status":"","sticky":false,"template":"","format":"standard","meta":{"footnotes":""},"categories":[9619],"tags":[1111,11,251,1777,674,8202,1011,27,12,882,25,2310],"class_list":{"0":"post-382586","1":"post","2":"type-post","3":"status-publish","4":"format-standard","5":"has-post-thumbnail","7":"category-toulon","8":"tag-actu","9":"tag-actualites","10":"tag-culture","11":"tag-eu","12":"tag-europe","13":"tag-expos","14":"tag-fr","15":"tag-france","16":"tag-news","17":"tag-provence-alpes-cote-dazur","18":"tag-republique-francaise","19":"tag-toulon"},"share_on_mastodon":{"url":"https:\/\/pubeurope.com\/@fr\/115185317517689229","error":""},"_links":{"self":[{"href":"https:\/\/www.europesays.com\/fr\/wp-json\/wp\/v2\/posts\/382586","targetHints":{"allow":["GET"]}}],"collection":[{"href":"https:\/\/www.europesays.com\/fr\/wp-json\/wp\/v2\/posts"}],"about":[{"href":"https:\/\/www.europesays.com\/fr\/wp-json\/wp\/v2\/types\/post"}],"author":[{"embeddable":true,"href":"https:\/\/www.europesays.com\/fr\/wp-json\/wp\/v2\/users\/2"}],"replies":[{"embeddable":true,"href":"https:\/\/www.europesays.com\/fr\/wp-json\/wp\/v2\/comments?post=382586"}],"version-history":[{"count":0,"href":"https:\/\/www.europesays.com\/fr\/wp-json\/wp\/v2\/posts\/382586\/revisions"}],"wp:featuredmedia":[{"embeddable":true,"href":"https:\/\/www.europesays.com\/fr\/wp-json\/wp\/v2\/media\/382587"}],"wp:attachment":[{"href":"https:\/\/www.europesays.com\/fr\/wp-json\/wp\/v2\/media?parent=382586"}],"wp:term":[{"taxonomy":"category","embeddable":true,"href":"https:\/\/www.europesays.com\/fr\/wp-json\/wp\/v2\/categories?post=382586"},{"taxonomy":"post_tag","embeddable":true,"href":"https:\/\/www.europesays.com\/fr\/wp-json\/wp\/v2\/tags?post=382586"}],"curies":[{"name":"wp","href":"https:\/\/api.w.org\/{rel}","templated":true}]}}