{"id":382592,"date":"2025-09-11T11:02:12","date_gmt":"2025-09-11T11:02:12","guid":{"rendered":"https:\/\/www.europesays.com\/fr\/382592\/"},"modified":"2025-09-11T11:02:12","modified_gmt":"2025-09-11T11:02:12","slug":"aviron-bayonnais-sireli-maqala-et-alexandre-fischer-titulaires-pour-la-reception-de-montpellier","status":"publish","type":"post","link":"https:\/\/www.europesays.com\/fr\/382592\/","title":{"rendered":"Aviron Bayonnais\u00a0: Sireli Maqala et Alexandre Fischer titulaires pour la r\u00e9ception de Montpellier"},"content":{"rendered":"<p>Pour la r\u00e9ception de Montpellier, ce samedi 13 septembre, le staff de l&rsquo;Aviron Bayonnais ne devrait proc\u00e9der qu&rsquo;\u00e0 deux changements dans son \u00e9quipe de d\u00e9part, avec les titularisations de Sireli Maqala au centre et d&rsquo;Alexandre Fischer en troisi\u00e8me ligne.<\/p>\n<p>Le pari de la continuit\u00e9 pour confirmer apr\u00e8s Perpignan. C&rsquo;est sans doute dans cet esprit que le staff de\u00a0<a class=\"IciLink ici-link IciArticleLink g-ici-body-regular-1 underline brand svelte-lu7k6w\" href=\"https:\/\/www.francebleu.fr\/personnes\/aviron-bayonnais\" rel=\"nofollow noopener\" target=\"_blank\">l&rsquo;Aviron Bayonnais<\/a>\u00a0va, une semaine apr\u00e8s <a class=\"IciLink ici-link IciArticleLink g-ici-body-regular-1 underline brand svelte-lu7k6w\" href=\"https:\/\/www.francebleu.fr\/sports\/rugby\/aviron-bayonnais-venir-gagner-ici-moralement-ca-va-compter-les-declarations-apres-le-succes-a-perpignan-4603587\" rel=\"nofollow noopener\" target=\"_blank\">le succ\u00e8s inaugural \u00e0 Perpignan (19-26)<\/a>, ne proc\u00e9der qu&rsquo;\u00e0 deux changements dans son quinze de d\u00e9part pour la r\u00e9ception de Montpellier ce samedi 13 septembre (16h30), pour la 2\u1d49 journ\u00e9e de\u00a0<a class=\"IciLink ici-link IciArticleLink g-ici-body-regular-1 underline brand svelte-lu7k6w\" href=\"https:\/\/www.francebleu.fr\/theme\/rugby-top-14\" rel=\"nofollow noopener\" target=\"_blank\">Top 14<\/a>. \u00c0 savoir, Sireli Maqala, qui occupera le poste de centre, associ\u00e9 \u00e0 Manu Tuilagi et Alexandre Fischer en flanker, ce qui d\u00e9calle Bruni au centre de la troisi\u00e8me ligne.<\/p>\n<p>Pour le reste, le deuxi\u00e8me ligne et capitaine, Arthur Iturria, touch\u00e9 au dos lors du match \u00e0 Perpignan, d\u00e9butera bien sur la pelouse de Jean-Dauger contre le MHR. Sur le banc en 6-2 (le staff r\u00e9it\u00e8re), Swan Cormenier sera bien de la partie. Le premier est sorti avant la fin du match \u00e0 Aim\u00e9 Giral. Le second \u00e9tait\u00a0en d\u00e9licatesse avec une cheville et a \u00e9t\u00e9 m\u00e9nag\u00e9 en d\u00e9but de semaine. Pascal Cotet devrait \u00eatre de retour sur le banc, apr\u00e8s huit mois loin des terrains.<\/p>\n<p>Luke Tagi \u00e9tait absent de la s\u00e9ance de ce jeudi.\u00a0L&rsquo;international fidjien, touch\u00e9 \u00e0 une cheville, avait d\u00e9j\u00e0 \u00e9t\u00e9 m\u00e9nag\u00e9 en d\u00e9but de semaine. Baptiste Germain, touch\u00e9 au mollet, s&rsquo;entrainait avec les joueurs sur le c\u00f4t\u00e9, tout comme Baptiste Chouzenoux (commotion), Noa Traversier et Vincent Giudicelli (coude).<\/p>\n<p>Composition d&rsquo;\u00e9quipe de Bayonne<\/p>\n<p>1-\u00a0Andy BORDELAI\u00a0; 2- Facundo BOSCH\u00a0;\u00a03- Emerick SETIANO<br \/>4-\u00a0Arthur ITURRIA (c) ;\u00a05- Alex MOON<br \/>6- <strong>Alexandre FISCHER<\/strong>\u00a0; 8-\u00a0Rodrigo BRUNI\u00a0;\u00a07-\u00a0Esteban CAPILLA<\/p>\n<p>9- Maxime MACHENAUD\u00a0;\u00a010-\u00a0Joris\u00a0SEGONDS<br \/>11- Arnaud ERBINARTEGARAY\u00a0; 12- Manu TUILAGI\u00a0; 13- <strong>Sireli MAQALA<\/strong>\u00a0; 14- Tom SPRING<br \/>15-\u00a0Cheikh TIBEGHIEN<\/p>\n<p><strong>Rempla\u00e7ants\u00a0:<\/strong>\u00a016-\u00a0Lucas MARTIN\u00a0; 17- Swan CORMENIER\u00a0; 18- Ewan JOHNSON\u00a0; 19-\u00a0Baptiste H\u00c9GUY\u00a0; 20- Giovanni HABEL-KUFFNER\u00a0; 21- Herschel JANTJIES\u00a0; 22- Yohan ORABE\u00a0; 23- Pascal COTET<\/p>\n<p>\u00c0 lire aussi   <img decoding=\"async\" src=\"https:\/\/www.europesays.com\/fr\/wp-content\/uploads\/2025\/09\/1757588531_475_560x315\" alt=\"Tom Spring, invit\u00e9 de 100% Rugby ce lundi\" style=\"--_image-preview:url('data:image\/jpeg;base64,\/9j\/2wBDACgcHiMeGSgjISMtKygwPGRBPDc3PHtYXUlkkYCZlo+AjIqgtObDoKrarYqMyP\/L2u71\/\/\/\/m8H\/\/\/\/6\/+b9\/\/j\/2wBDASstLTw1PHZBQXb4pYyl+Pj4+Pj4+Pj4+Pj4+Pj4+Pj4+Pj4+Pj4+Pj4+Pj4+Pj4+Pj4+Pj4+Pj4+Pj4+Pj4+Pj\/wAARCAAXACoDASIAAhEBAxEB\/8QAGAAAAwEBAAAAAAAAAAAAAAAAAAEDAgT\/xAAXEAEBAQEAAAAAAAAAAAAAAAAAAQIR\/8QAFwEBAQEBAAAAAAAAAAAAAAAAAgEAA\/\/EABURAQEAAAAAAAAAAAAAAAAAAAAB\/9oADAMBAAIRAxEAPwCmY3CkaNGanpWxPUaVk6XTsIkdUMAKsFjGoAMVOxngDpBf\/9k=');\" loading=\"lazy\" fetchpriority=\"low\" aria-hidden=\"true\" class=\"svelte-1pnmlwx rounded\" onload=\"this.__e=event\" onerror=\"this.__e=event\"\/>\u00c0 \u00e9couter aussi   <img decoding=\"async\" src=\"https:\/\/www.europesays.com\/fr\/wp-content\/uploads\/2025\/09\/1757588532_668_560x315\" alt=\"Baptiste Erdocio lors du rassemblement de l'\u00e9quipe de France \u00e0 Auckland en juin dernier\" style=\"--_image-preview:url('data:image\/jpeg;base64,\/9j\/2wBDACgcHiMeGSgjISMtKygwPGRBPDc3PHtYXUlkkYCZlo+AjIqgtObDoKrarYqMyP\/L2u71\/\/\/\/m8H\/\/\/\/6\/+b9\/\/j\/2wBDASstLTw1PHZBQXb4pYyl+Pj4+Pj4+Pj4+Pj4+Pj4+Pj4+Pj4+Pj4+Pj4+Pj4+Pj4+Pj4+Pj4+Pj4+Pj4+Pj4+Pj\/wAARCAAXACoDASIAAhEBAxEB\/8QAFwABAQEBAAAAAAAAAAAAAAAAAgABA\/\/EABcQAQEBAQAAAAAAAAAAAAAAAAABAhH\/xAAWAQEBAQAAAAAAAAAAAAAAAAABAAL\/xAAUEQEAAAAAAAAAAAAAAAAAAAAA\/9oADAMBAAIRAxEAPwDhKXXHNOVklQ020dUoKJUUlmukqSLejakQFrOpBP\/Z');\" loading=\"lazy\" fetchpriority=\"low\" aria-hidden=\"true\" class=\"svelte-1pnmlwx rounded\" onload=\"this.__e=event\" onerror=\"this.__e=event\"\/> <\/p>\n<p>loading<\/p>\n<p>loading<\/p>\n","protected":false},"excerpt":{"rendered":"Pour la r\u00e9ception de Montpellier, ce samedi 13 septembre, le staff de l&rsquo;Aviron Bayonnais ne devrait proc\u00e9der qu&rsquo;\u00e0&hellip;\n","protected":false},"author":2,"featured_media":382593,"comment_status":"","ping_status":"","sticky":false,"template":"","format":"standard","meta":{"footnotes":""},"categories":[9599],"tags":[1111,11,1777,674,1011,27,2208,12,2680,25],"class_list":{"0":"post-382592","1":"post","2":"type-post","3":"status-publish","4":"format-standard","5":"has-post-thumbnail","7":"category-montpellier","8":"tag-actu","9":"tag-actualites","10":"tag-eu","11":"tag-europe","12":"tag-fr","13":"tag-france","14":"tag-montpellier","15":"tag-news","16":"tag-occitanie","17":"tag-republique-francaise"},"share_on_mastodon":{"url":"https:\/\/pubeurope.com\/@fr\/115185329832733187","error":""},"_links":{"self":[{"href":"https:\/\/www.europesays.com\/fr\/wp-json\/wp\/v2\/posts\/382592","targetHints":{"allow":["GET"]}}],"collection":[{"href":"https:\/\/www.europesays.com\/fr\/wp-json\/wp\/v2\/posts"}],"about":[{"href":"https:\/\/www.europesays.com\/fr\/wp-json\/wp\/v2\/types\/post"}],"author":[{"embeddable":true,"href":"https:\/\/www.europesays.com\/fr\/wp-json\/wp\/v2\/users\/2"}],"replies":[{"embeddable":true,"href":"https:\/\/www.europesays.com\/fr\/wp-json\/wp\/v2\/comments?post=382592"}],"version-history":[{"count":0,"href":"https:\/\/www.europesays.com\/fr\/wp-json\/wp\/v2\/posts\/382592\/revisions"}],"wp:featuredmedia":[{"embeddable":true,"href":"https:\/\/www.europesays.com\/fr\/wp-json\/wp\/v2\/media\/382593"}],"wp:attachment":[{"href":"https:\/\/www.europesays.com\/fr\/wp-json\/wp\/v2\/media?parent=382592"}],"wp:term":[{"taxonomy":"category","embeddable":true,"href":"https:\/\/www.europesays.com\/fr\/wp-json\/wp\/v2\/categories?post=382592"},{"taxonomy":"post_tag","embeddable":true,"href":"https:\/\/www.europesays.com\/fr\/wp-json\/wp\/v2\/tags?post=382592"}],"curies":[{"name":"wp","href":"https:\/\/api.w.org\/{rel}","templated":true}]}}