{"id":382596,"date":"2025-09-11T11:04:10","date_gmt":"2025-09-11T11:04:10","guid":{"rendered":"https:\/\/www.europesays.com\/fr\/382596\/"},"modified":"2025-09-11T11:04:10","modified_gmt":"2025-09-11T11:04:10","slug":"pres-de-rouen-un-faux-agent-veolia-vole-8-000-euros-et-des-bijoux-en-or-a-une-femme-de-90-ans","status":"publish","type":"post","link":"https:\/\/www.europesays.com\/fr\/382596\/","title":{"rendered":"Pr\u00e8s de Rouen, un faux agent V\u00e9olia vole 8.000 euros et des bijoux en or \u00e0 une femme de 90 ans"},"content":{"rendered":"<p>Une femme de 90 ans s&rsquo;est fait voler 8.000 euros, une dizaine de bijoux en or et un ch\u00e9quier, ce mercredi apr\u00e8s-midi \u00e0 \u00a0Saint-L\u00e9ger-du-Bourg-Denis (Seine-Maritime). Un faux agent V\u00e9olia a pr\u00e9text\u00e9 une pollution de l&rsquo;eau pour s&rsquo;introduire chez elle.<\/p>\n<p>Un homme d&rsquo;une trentaine d&rsquo;ann\u00e9es est recherch\u00e9 par la police rouennaise, accus\u00e9 d&rsquo;avoir <strong>arnaqu\u00e9 une vieille dame de 90 ans<\/strong> \u00e0 \u00a0Saint-L\u00e9ger-du-Bourg-Denis\u00a0pr\u00e8s de Rouen, ce mercredi apr\u00e8s-midi. Vers 16h45, cet homme\u00a0<strong>s&rsquo;est fait passer pour un agent de V\u00e9olia<\/strong> et a pr\u00e9text\u00e9 une pollution de l&rsquo;eau pour rentrer chez elle.<\/p>\n<p>Le trentenaire lui a demand\u00e9 de mettre tous ses objets de valeur dans le r\u00e9frig\u00e9rateur, et a profit\u00e9 d&rsquo;un moment d&rsquo;inattention de la personne \u00e2g\u00e9e pour tout lui voler\u00a0:\u00a0<strong>8.000 euros en liquide, une dizaine de bijoux, bagues et colliers en or, et un ch\u00e9quier.<\/strong><\/p>\n<p>La police nationale appelle les personnes \u00e2g\u00e9es \u00e0 la plus grande vigilance.<\/p>\n","protected":false},"excerpt":{"rendered":"Une femme de 90 ans s&rsquo;est fait voler 8.000 euros, une dizaine de bijoux en or et un&hellip;\n","protected":false},"author":2,"featured_media":382597,"comment_status":"","ping_status":"","sticky":false,"template":"","format":"standard","meta":{"footnotes":""},"categories":[9587],"tags":[1111,11,1777,674,1011,27,12,5161,25,9590],"class_list":{"0":"post-382596","1":"post","2":"type-post","3":"status-publish","4":"format-standard","5":"has-post-thumbnail","7":"category-rouen","8":"tag-actu","9":"tag-actualites","10":"tag-eu","11":"tag-europe","12":"tag-fr","13":"tag-france","14":"tag-news","15":"tag-normandie","16":"tag-republique-francaise","17":"tag-rouen"},"share_on_mastodon":{"url":"https:\/\/pubeurope.com\/@fr\/115185337293619507","error":""},"_links":{"self":[{"href":"https:\/\/www.europesays.com\/fr\/wp-json\/wp\/v2\/posts\/382596","targetHints":{"allow":["GET"]}}],"collection":[{"href":"https:\/\/www.europesays.com\/fr\/wp-json\/wp\/v2\/posts"}],"about":[{"href":"https:\/\/www.europesays.com\/fr\/wp-json\/wp\/v2\/types\/post"}],"author":[{"embeddable":true,"href":"https:\/\/www.europesays.com\/fr\/wp-json\/wp\/v2\/users\/2"}],"replies":[{"embeddable":true,"href":"https:\/\/www.europesays.com\/fr\/wp-json\/wp\/v2\/comments?post=382596"}],"version-history":[{"count":0,"href":"https:\/\/www.europesays.com\/fr\/wp-json\/wp\/v2\/posts\/382596\/revisions"}],"wp:featuredmedia":[{"embeddable":true,"href":"https:\/\/www.europesays.com\/fr\/wp-json\/wp\/v2\/media\/382597"}],"wp:attachment":[{"href":"https:\/\/www.europesays.com\/fr\/wp-json\/wp\/v2\/media?parent=382596"}],"wp:term":[{"taxonomy":"category","embeddable":true,"href":"https:\/\/www.europesays.com\/fr\/wp-json\/wp\/v2\/categories?post=382596"},{"taxonomy":"post_tag","embeddable":true,"href":"https:\/\/www.europesays.com\/fr\/wp-json\/wp\/v2\/tags?post=382596"}],"curies":[{"name":"wp","href":"https:\/\/api.w.org\/{rel}","templated":true}]}}