{"id":382600,"date":"2025-09-11T11:06:17","date_gmt":"2025-09-11T11:06:17","guid":{"rendered":"https:\/\/www.europesays.com\/fr\/382600\/"},"modified":"2025-09-11T11:06:17","modified_gmt":"2025-09-11T11:06:17","slug":"sciences-po-paris-nantes-grenoble-le-point-sur-les-actions-en-cours-au-lendemain-du-10-septembre","status":"publish","type":"post","link":"https:\/\/www.europesays.com\/fr\/382600\/","title":{"rendered":"Sciences Po Paris, Nantes, Grenoble\u2026 Le point sur les actions en cours au lendemain du 10\u00a0septembre"},"content":{"rendered":"<p class=\"authors latino-300b text-grey-600\">\n<p>  Par\u00a0<br \/>\nLe Nouvel Obs avec AFP<\/p>\n<p class=\"latino-300r text-grey-600 pe-8  border-end-lg\">\n<p>    Publi\u00e9 le\u00a011 septembre 2025 \u00e0 11h27\n  <\/p>\n<p>              Lecture\u00a0:\u00a01\u00a0min.<\/p>\n<p>      <img fetchpriority=\"high\" decoding=\"async\" class=\"mx-auto\" src=\"data:image\/svg+xml,%3Csvg%20xmlns%3D%27http%3A%2F%2Fwww.w3.org%2F2000%2Fsvg%27%20fill%3D%22%23e4e4e4%22%20viewBox%3D%270%200%20510%20340%27%20width%3D%22510%22%20height%3D%22340%22%3E%3Cpath%20d%3D%27M0%200h510v340H0z%27%2F%3E%3C%2Fsvg%3E\"  loading=\"eager\" width=\"510\" height=\"340\" data-oncrawl-image-size=\"510x340\" alt=\"Des manifestants \u00e0 Grenoble lors du mouvement \u00ab\u00a0Bloquons tout\u00a0\u00bb, le 10\u00a0septembre 2025.\"\/>      <\/p>\n<p class=\"latino-100m text-grey-600\">\n            Des manifestants \u00e0 Grenoble lors du mouvement \u00ab\u00a0Bloquons tout\u00a0\u00bb, le 10\u00a0septembre 2025.\u00a0BENOIT PAVAN \/ HANS LUCAS VIA AFP        <\/p>\n<p>        Lire\u00a0plus\u00a0tard      <\/p>\n<p><a aria-label=\"Nous suivre sur Google News\" href=\"https:\/\/news.google.com\/publications\/CAAqBwgKMJe4nQkw3dFs?hl=fr&amp;gl=FR&amp;ceid=FR%3Afr\" target=\"_blank\" data-piano=\"Page_Article,Sous_date_publi,Nous_suivre_sur_google_news,1er_clic,action\" class=\"btn btn--small btn--tertiary btn--icon-only\" rel=\"nofollow noopener\"><\/p>\n<p>      Google Actualit\u00e9s<br \/>\n  <\/a><\/p>\n<p>  Partager<\/p>\n<p>        Facebook<\/p>\n<p>        Bluesky<\/p>\n<p>        E-mail<\/p>\n<p>        Copier le lien<\/p>\n<p>      Envoyer<\/p>\n<p>      S\u2019abonner    <\/p>\n<p class=\"node__paragraphe antonia-750r text-grey-800 pb-24 pb-md-32\">\nLa police est intervenue pour lib\u00e9rer les acc\u00e8s bloqu\u00e9s ce jeudi 11\u00a0septembre par des \u00e9tudiants de Sciences Po \u00e0 Paris dans le cadre du <a href=\"https:\/\/www.nouvelobs.com\/social\/20250910.OBS107514\/en-direct-10-septembre-suivez-les-manifestations-et-mobilisations-du-mouvement-bloquons-tout-ce-mercredi.html\" rel=\"nofollow noopener\" target=\"_blank\">mouvement \u00ab\u00a0Bloquons tout\u00a0\u00bb<\/a>, qui a donn\u00e9 lieu aussi \u00e0 quelques nouvelles actions en r\u00e9gions.<\/p>\n<p class=\"latino-500b text-grey-600 pb-16\">A lire aussi<\/p>\n<p><a href=\"https:\/\/www.nouvelobs.com\/social\/20250910.OBS107536\/l-aile-gauche-de-bloquons-tout-semble-s-etre-davantage-mobilisee-que-son-aile-droite.html\" data-article-key=\"20250910.OBS107536\" class=\"link--box flex-grow-1\" data-piano=\"Page_Article,Lire_aussi,,Lien1,navigation\" rel=\"nofollow noopener\" target=\"_blank\"><\/p>\n<p>                <img decoding=\"async\" src=\"data:image\/svg+xml,%3Csvg%20xmlns%3D%27http%3A%2F%2Fwww.w3.org%2F2000%2Fsvg%27%20fill%3D%22%23e4e4e4%22%20viewBox%3D%270%200%20120%2080%27%20width%3D%22120%22%20height%3D%2280%22%3E%3Cpath%20d%3D%27M0%200h120v80H0z%27%2F%3E%3C%2Fsvg%3E\"  width=\"120\" height=\"79\" loading=\"lazy\" alt=\"Un manifestant utilise une fus\u00e9e \u00e9clairante pour \u00e9crire le nom du pr\u00e9sident fran\u00e7ais au sol, place de la R\u00e9publique, \u00e0 Paris, le 10\u00a0septembre 2025.\"\/><\/p>\n<p class=\"latino-300r latino-lg-600m text-grey-800\">\n                      <strong class=\"latino-300b latino-lg-600m text-grey-500\">Entretien\u00a0<\/strong><br \/>\n                    \u00ab\u00a0L\u2019aile gauche de \u201cBloquons tout\u201d semble s\u2019\u00eatre davantage mobilis\u00e9e que son aile droite\u00a0\u00bb        <\/p>\n<p><\/a><\/p>\n<p class=\"node__paragraphe antonia-750r text-grey-800 pb-24 pb-md-32\">\n\u00ab\u00a0Ce (jeudi) matin, on a d\u00fb encore d\u00e9bloquer un certain nombre d\u2019\u00e9tablissements d\u2019enseignement sup\u00e9rieur, notamment (\u2026) \u00e0 Sciences Po pour d\u00e9bloquer les acc\u00e8s\u00a0\u00bb, a indiqu\u00e9 le pr\u00e9fet de police, Laurent Nu\u00f1ez, sur CNews.<\/p>\n<p class=\"node__paragraphe antonia-750r text-grey-800 pb-24 pb-md-32\">\nUne soixantaine d\u2019\u00e9l\u00e8ves de Sciences Po Paris ont temporairement bloqu\u00e9 l\u2019entr\u00e9e de l\u2019\u00e9tablissement de 06h30 \u00e0 08h00 environ, a constat\u00e9 une journaliste de l\u2019AFP.<\/p>\n<p class=\"node__paragraphe antonia-750r text-grey-800 pb-24 pb-md-32\">\nDes \u00e9tudiants ont aussi barr\u00e9 les acc\u00e8s au campus des Grands Moulins de l\u2019Universit\u00e9 Paris Cit\u00e9, selon la journaliste.<\/p>\n<p class=\"node__paragraphe antonia-750r text-grey-800 pb-24 pb-md-32\">\nEn r\u00e9gions, une tentative de blocage d\u2019un site Lactalis en Loire-Atlantique a \u00e9t\u00e9 avort\u00e9e apr\u00e8s discussion entre les manifestants et les gendarmes, a indiqu\u00e9 la gendarmerie.<\/p>\n<p class=\"node__paragraphe antonia-750r text-grey-800 pb-24 pb-md-32\">\nA Nantes, selon les informations de <a target=\"_blank\" href=\"https:\/\/www.bfmtv.com\/societe\/manifestations\/encore-des-mobilisations-et-quelques-tentatives-de-blocage-au-lendemain-du-mouvement-bloquons-tout-du-10-septembre_AN-202509110224.html\" rel=\"noopener nofollow\">BFMTV<\/a>, des manifestants se sont rassembl\u00e9s place Rosa-Parks pour mettre en place un point de blocage. Les journalistes rapportent une \u00ab\u00a0intervention muscl\u00e9e\u00a0\u00bb de la part des CRS pr\u00e9sents sur place, pour disperser le groupe.<\/p>\n<p class=\"node__paragraphe antonia-750r text-grey-800 pb-24 pb-md-32\">\nEn Is\u00e8re, une cinquantaine de personnes ont tent\u00e9 de bloquer plusieurs points \u00e0 Saint-Martin-d\u2019H\u00e8res et \u00e0 Grenoble avec trois interpellations pour entrave \u00e0 la circulation, selon la pr\u00e9fecture.<\/p>\n<p>Pr\u00e8s de 200\u00a0000\u00a0participants sur la journ\u00e9e du 10\u00a0septembre<\/p>\n<p class=\"node__paragraphe antonia-750r text-grey-800 pb-24 pb-md-32\">\nLa police a indiqu\u00e9 \u00eatre intervenue peu avant 8h00 pour faire \u00e9vacuer des locaux de la radio Ici (ex-France Bleu) Saint-Etienne une cinquantaine de manifestants qui souhaitaient s\u2019exprimer \u00e0 l\u2019antenne. Ce groupe avait un peu plus t\u00f4t tent\u00e9 d\u2019acc\u00e9der aux locaux de France 3 Loire, mais en a \u00e9t\u00e9 emp\u00each\u00e9 par un cordon policier.<\/p>\n<p class=\"node__paragraphe antonia-750r text-grey-800 pb-24 pb-md-32\">\nL\u2019universit\u00e9 Lyon 2 a annonc\u00e9 rester ferm\u00e9e jeudi \u00ab\u00a0pour pr\u00e9server la s\u00e9curit\u00e9 des personnes et des biens\u00a0\u00bb.<\/p>\n<p class=\"node__paragraphe antonia-750r text-grey-800 pb-24 pb-md-32\">\nPlus au sud, \u00e0 Aix-en-Provence, 25 personnes ont men\u00e9 t\u00f4t jeudi matin une op\u00e9ration de tractage sur le rond-point de l\u2019Arc, avec filtrage, ce qui a ralenti mais pas bloqu\u00e9 l\u2019acc\u00e8s \u00e0 l\u2019A8, selon une source polici\u00e8re.<\/p>\n<p class=\"node__paragraphe antonia-750r text-grey-800 pb-24 pb-md-32\">\nPr\u00e8s de <a href=\"https:\/\/www.nouvelobs.com\/social\/20250910.OBS107537\/10-septembre-a-dunkerque-les-gens-relevent-la-tete-et-se-battent-pour-leur-dignite.html\" rel=\"nofollow noopener\" target=\"_blank\">200\u00a0000 personnes ont particip\u00e9 <\/a>mercredi en France \u00e0 l\u2019appel lanc\u00e9 sur les r\u00e9seaux sociaux \u00ab\u00a0Bloquons tout\u00a0\u00bb, \u00e9maill\u00e9e d\u2019incidents et de quelques d\u00e9gradations.<\/p>\n<p class=\"node__paragraphe antonia-750r text-grey-800 pb-24 pb-md-32\">\nLe minist\u00e8re de l\u2019Int\u00e9rieur a comptabilis\u00e9 850 actions en France, dont 596 rassemblements et 253 blocages. Les forces de l\u2019ordre ont proc\u00e9d\u00e9 \u00e0 675 interpellations sur le territoire, dont 280 \u00e0 Paris. Au total, 549 personnes ont \u00e9t\u00e9 plac\u00e9es en garde \u00e0 vue, dont 183 \u00e0 Paris, selon le minist\u00e8re qui fait \u00e9tat de 34 bless\u00e9s l\u00e9gers parmi les forces de l\u2019ordre.<\/p>\n<p class=\"node__paragraphe antonia-750r text-grey-800 pb-24 pb-md-32\">\n\u00ab\u00a0C\u2019est une r\u00e9ussite\u00a0\u00bb pour les forces de l\u2019ordre car \u00ab\u00a0des personnes appelaient au blocage du pays\u00a0\u00bb et \u00ab\u00a0il y a tr\u00e8s peu de d\u00e9gradations, les policiers les ont syst\u00e9matiquement emp\u00each\u00e9es\u00a0\u00bb, a soulign\u00e9 Laurent Nu\u00f1ez.<\/p>\n<p class=\"authors latino-600m text-grey-800\">\n<p>  Par\u00a0<br \/>\nLe Nouvel Obs avec AFP<\/p>\n","protected":false},"excerpt":{"rendered":"Par\u00a0 Le Nouvel Obs avec AFP Publi\u00e9 le\u00a011 septembre 2025 \u00e0 11h27 Lecture\u00a0:\u00a01\u00a0min. Des manifestants \u00e0 Grenoble lors&hellip;\n","protected":false},"author":2,"featured_media":382601,"comment_status":"","ping_status":"","sticky":false,"template":"","format":"standard","meta":{"footnotes":""},"categories":[9566],"tags":[17,15033,1111,11,2430,47212,1777,674,1011,27,2731,766,12,626,5766,3948,25,41,801],"class_list":{"0":"post-382600","1":"post","2":"type-post","3":"status-publish","4":"format-standard","5":"has-post-thumbnail","7":"category-grenoble","8":"tag-17","9":"tag-actions","10":"tag-actu","11":"tag-actualites","12":"tag-auvergne-rhone-alpes","13":"tag-bloquons-tout","14":"tag-eu","15":"tag-europe","16":"tag-fr","17":"tag-france","18":"tag-grenoble","19":"tag-nantes","20":"tag-news","21":"tag-paris","22":"tag-po","23":"tag-point","24":"tag-republique-francaise","25":"tag-sciences","26":"tag-social"},"share_on_mastodon":{"url":"https:\/\/pubeurope.com\/@fr\/115185345156429790","error":""},"_links":{"self":[{"href":"https:\/\/www.europesays.com\/fr\/wp-json\/wp\/v2\/posts\/382600","targetHints":{"allow":["GET"]}}],"collection":[{"href":"https:\/\/www.europesays.com\/fr\/wp-json\/wp\/v2\/posts"}],"about":[{"href":"https:\/\/www.europesays.com\/fr\/wp-json\/wp\/v2\/types\/post"}],"author":[{"embeddable":true,"href":"https:\/\/www.europesays.com\/fr\/wp-json\/wp\/v2\/users\/2"}],"replies":[{"embeddable":true,"href":"https:\/\/www.europesays.com\/fr\/wp-json\/wp\/v2\/comments?post=382600"}],"version-history":[{"count":0,"href":"https:\/\/www.europesays.com\/fr\/wp-json\/wp\/v2\/posts\/382600\/revisions"}],"wp:featuredmedia":[{"embeddable":true,"href":"https:\/\/www.europesays.com\/fr\/wp-json\/wp\/v2\/media\/382601"}],"wp:attachment":[{"href":"https:\/\/www.europesays.com\/fr\/wp-json\/wp\/v2\/media?parent=382600"}],"wp:term":[{"taxonomy":"category","embeddable":true,"href":"https:\/\/www.europesays.com\/fr\/wp-json\/wp\/v2\/categories?post=382600"},{"taxonomy":"post_tag","embeddable":true,"href":"https:\/\/www.europesays.com\/fr\/wp-json\/wp\/v2\/tags?post=382600"}],"curies":[{"name":"wp","href":"https:\/\/api.w.org\/{rel}","templated":true}]}}