{"id":382604,"date":"2025-09-11T11:08:11","date_gmt":"2025-09-11T11:08:11","guid":{"rendered":"https:\/\/www.europesays.com\/fr\/382604\/"},"modified":"2025-09-11T11:08:11","modified_gmt":"2025-09-11T11:08:11","slug":"apres-lincendie-dun-bus-sur-la-rocade-un-pont-en-partie-inaccessible-pour-combien-de-temps","status":"publish","type":"post","link":"https:\/\/www.europesays.com\/fr\/382604\/","title":{"rendered":"Apr\u00e8s l&rsquo;incendie d&rsquo;un bus sur la rocade, un pont en partie inaccessible pour combien de temps ?"},"content":{"rendered":"<p class=\"article__intro\">Lors d&rsquo;une action \u00ab\u00a0Bloquons tout\u00a0\u00bb ce mercredi 10 septembre 2025 \u00e0 Rennes, un bus s&rsquo;est embras\u00e9 sous l&rsquo;\u00e9changeur de la porte d&rsquo;Alma. L&rsquo;ouvrage a \u00e9t\u00e9 fragilis\u00e9 par le feu. La circulation y est donc d\u00e9sormais interdite, dans le sens Nantes-Rennes, jusqu&rsquo;\u00e0 nouvel ordre.<\/p>\n<p>\n      L\u2019actu des r\u00e9gions\n    <\/p>\n<p>\n      Chaque jour, un tour d\u2019horizon des principales infos de toutes les r\u00e9gions.\n    <\/p>\n<p>    France T\u00e9l\u00e9visions utilise votre adresse e-mail afin de vous envoyer la newsletter \u00ab\u00a0L\u2019actu des r\u00e9gions\u00a0\u00bb. Vous pouvez vous d\u00e9sinscrire \u00e0 tout moment via le lien en bas de cette newsletter. <a target=\"_blank\" href=\"https:\/\/www.francetelevisions.fr\/groupe\/confidentialite\/politique-de-confidentialite\/politique-de-confidentialite-de-france-televisions-6503\" rel=\"nofollow noopener\">Notre politique de confidentialit\u00e9<\/a><\/p>\n<p>Apr\u00e8s l&rsquo;incendie d&rsquo;un bus sur la rocade de Rennes, ce mercredi 10 septembre 2025, lors des manifestations \u00ab\u00a0Bloquons tout !\u00a0\u00bb, le pont de la porte d&rsquo;Alma, au sud de la ville, sous lequel le v\u00e9hicule a br\u00fbl\u00e9, a \u00e9t\u00e9 grandement fragilis\u00e9.<\/p>\n<p><strong>\u00c0 lire sur le m\u00eame sujet :<\/strong><a href=\"https:\/\/france3-regions.franceinfo.fr\/bretagne\/ille-et-vilaine\/rennes\/bloquons-tout-acces-a-rennes-ferme-depuis-nantes-blocage-de-depot-de-bus-quelles-suites-pour-le-mouvement-ce-jeudi-en-bretagne-3214892.html\" target=\"_blank\" rel=\"noopener nofollow\" data-tooltip-url=\"https:\/\/france3-regions.franceinfo.fr\/bretagne\/ille-et-vilaine\/rennes\/bloquons-tout-acces-a-rennes-ferme-depuis-nantes-blocage-de-depot-de-bus-quelles-suites-pour-le-mouvement-ce-jeudi-en-bretagne-3214892.html\">\u00a0\u00ab\u00a0Bloquons tout\u00a0\u00bb. Acc\u00e8s \u00e0 Rennes ferm\u00e9 depuis Nantes, blocage de d\u00e9p\u00f4t de bus, quelles suites pour le mouvement ce jeudi en Bretagne ?<\/a><\/p>\n<p>Ce jeudi, cet ouvrage de la RN137, la voie express entre Rennes et Nantes, emprunt\u00e9 par quelque 50\u00a0000 v\u00e9hicules par jour, reste donc partiellement ferm\u00e9 \u00e0 la circulation, pour sa \u00ab\u00a0mise en s\u00e9curit\u00e9\u00a0\u00bb, indique la Direction des routes dans un communiqu\u00e9.<\/p>\n<blockquote class=\"ftvi_content_quote\">\n<p class=\"ftvi_citation_quote\">\u00ab\u00a0Dans l&rsquo;attente des r\u00e9parations de l&rsquo;ouvrage, ce pont est d\u00e9sormais limit\u00e9 \u00e0 44T dans le sens Rennes vers Nantes et toujours ferm\u00e9 dans le sens Nantes vers Rennes.<\/p>\n<p>Direction des Routes Ouest<\/p><\/blockquote>\n<p>Il est donc interdit<strong> <\/strong>\u00ab\u00a0aux v\u00e9hicules de plus de 44 tonnes de circuler sur cet ouvrage, jusqu&rsquo;au 31 d\u00e9cembre 2025, 24h sur 24, y compris les week-ends et jours f\u00e9ri\u00e9s,\u00a0\u00bb pr\u00e9cise la pr\u00e9fecture, qui a pris un arr\u00eat\u00e9, publi\u00e9 ce mercredi apr\u00e8s-midi.<\/p>\n<p><strong>\u00c0 lire sur le m\u00eame sujet :\u00a0<\/strong><a href=\"https:\/\/france3-regions.franceinfo.fr\/bretagne\/ille-et-vilaine\/rennes\/bloquons-tout-un-bus-incendie-en-marge-du-blocus-sur-la-rocade-de-rennes-ce-que-l-on-sait-3214490.html\" target=\"_blank\" rel=\"noopener nofollow\" data-tooltip-url=\"https:\/\/france3-regions.franceinfo.fr\/bretagne\/ille-et-vilaine\/rennes\/bloquons-tout-un-bus-incendie-en-marge-du-blocus-sur-la-rocade-de-rennes-ce-que-l-on-sait-3214490.html\">\u00ab\u00a0Bloquons tout\u00a0\u00bb. Un bus incendi\u00e9 en marge du blocus sur la rocade de Rennes. Ce que l&rsquo;on sait<\/a><\/p>\n<p>La rocade (RN136) est, ce jeudi, rouverte \u00e0 la circulation, avec cependant le maintien de la fermeture de la bretelle de sortie en direction d&rsquo;Alma ou Rennes centre. La porte d&rsquo;Alma \u00e9tant ferm\u00e9e en direction du centre-ville, il est demand\u00e9 d&#8217;emprunter la porte d&rsquo;Angers pour entrer dans Rennes. En effet, au vu de cette fermeture de l&rsquo;entr\u00e9e dans Rennes, par la RN137 de Nantes, des d\u00e9viations ont \u00e9t\u00e9 mises en place, d\u00e9taille la Diro. <br \/>Les usagers arrivant de la N137 Nantes et voulant prendre la direction de Rennes Centre vers Alma et vers la rocade ouest sont invit\u00e9s \u00e0 sortir depuis la N137 vers l&rsquo;\u00e9changeur de la Contrie (RD34) et suivre la direction de Chartres de Bretagne puis continuer sur la RD34 et sur la RD837 en direction de Rennes.<\/p>\n<p>Les automobilistes peuvent \u00e9galement arriver jusqu&rsquo;\u00e0 l&rsquo;\u00e9changeur d&rsquo;Alma, et prendre la N136, rocade de Rennes ext\u00e9rieure, sortir \u00e0 l&rsquo;\u00e9changeur de la route d&rsquo;Angers, reprendre la rocade int\u00e9rieure et retrouver leur destination d&rsquo;origine. Ils peuvent encore prendre la N136 rocade de Rennes ext\u00e9rieure en destination de la rocade ouest.<\/p>\n<p>Des expertises doivent avoir lieu afin d&rsquo;estimer l&rsquo;ampleur des d\u00e9g\u00e2ts, les travaux \u00e0 r\u00e9aliser, ainsi que les \u00e9ch\u00e9ances du chantier et la dur\u00e9e estim\u00e9e de la fermeture du pont. La direction des routes devrait communiquer prochainement, mais nous indique que \u00ab\u00a0La dur\u00e9e de mesures est ind\u00e9termin\u00e9e \u00e0 ce stade.\u00a0\u00bb<\/p>\n<p>Une incertitude qui ne laisse pas pr\u00e9sager une r\u00e9ouverture rapide, d&rsquo;ailleurs d&rsquo;autres exemples ne nous engagent pas \u00e0 l&rsquo;optimisme.\u00a0<\/p>\n<p>\u00c0 Rouen, en Normandie, au mois d&rsquo;octobre 2012, le pont Mathilde qui enjambe la Seine, avait connu un sort assez similaire, suite \u00e0 <a href=\"https:\/\/france3-regions.franceinfo.fr\/normandie\/2012\/10\/29\/incendie-sur-le-pont-mathilde-de-rouen-des-consequences-sur-la-circulation-des-dizaines-de-kilometres-132239.html\" target=\"_blank\" rel=\"noopener nofollow\" data-tooltip-url=\"https:\/\/france3-regions.franceinfo.fr\/normandie\/2012\/10\/29\/incendie-sur-le-pont-mathilde-de-rouen-des-consequences-sur-la-circulation-des-dizaines-de-kilometres-132239.html\">l&rsquo;incendie d&rsquo;un camion-citerne<\/a>. L&rsquo;ouvrage, crucial pour la circulation de la ville, emprunt\u00e9 par 75 000 \u00e0 80 000 v\u00e9hicules par jour, n&rsquo;avait rouvert que deux ans plus tard, \u00e0 l&rsquo;\u00e9t\u00e9 2014, apr\u00e8s presque une ann\u00e9e d&rsquo;expertise et une autre de travaux de r\u00e9paration.<\/p>\n<p><strong>\u00c0 lire sur le sujet :<\/strong> <a href=\"https:\/\/france3-regions.franceinfo.fr\/normandie\/2013\/07\/08\/les-travaux-du-pont-mathilde-rouen-doivent-demarrer-d-ici-la-fin-de-l-ete-284487.html\" target=\"_blank\" rel=\"noopener nofollow\" data-tooltip-url=\"https:\/\/france3-regions.franceinfo.fr\/normandie\/2013\/07\/08\/les-travaux-du-pont-mathilde-rouen-doivent-demarrer-d-ici-la-fin-de-l-ete-284487.html\">Les travaux du Pont Mathilde \u00e0 Rouen doivent d\u00e9marrer d&rsquo;ici \u00e0 la fin de l&rsquo;\u00e9t\u00e9<\/a><\/p>\n<p>En revanche, le pont de Pont-R\u00e9an, au sud de Rennes, touch\u00e9 par les inondations du mois de janvier dernier, est redevenu circulant, plus t\u00f4t qu&rsquo;annonc\u00e9 initialement. Quelques semaines seulement apr\u00e8s la d\u00e9crue.\u00a0<\/p>\n<p><strong>\u00c0 lire sur le sujet :<\/strong> <a href=\"https:\/\/france3-regions.franceinfo.fr\/bretagne\/ille-et-vilaine\/rennes\/inondation-en-bretagne-le-pont-rean-a-guichen-ne-rouvrira-pas-meme-apres-la-decrue-3100321.html\" target=\"_blank\" rel=\"noopener nofollow\" data-tooltip-url=\"https:\/\/france3-regions.franceinfo.fr\/bretagne\/ille-et-vilaine\/rennes\/inondation-en-bretagne-le-pont-rean-a-guichen-ne-rouvrira-pas-meme-apres-la-decrue-3100321.html\">Inondation en Bretagne : le pont de Pont-R\u00e9an ne rouvrira pas m\u00eame apr\u00e8s la d\u00e9crue<\/a><\/p>\n<p>Moins d\u00e9grad\u00e9 que pr\u00e9vu, le pont a en effet pu retrouver un fonctionnement normal au d\u00e9but du mois de f\u00e9vrier, ouvert \u00e0 la circulation, y compris pour les cars et les poids lourds.<\/p>\n<p>En attendant d&rsquo;en savoir davantage sur le devenir du pont de la porte de l&rsquo;Alma, \u00e0 Rennes, ne reste aux automobilistes qu&rsquo;\u00e0 prendre leur mal en patience et \u00e0 chercher d&rsquo;autres itin\u00e9raires alternatifs. <\/p>\n","protected":false},"excerpt":{"rendered":"Lors d&rsquo;une action \u00ab\u00a0Bloquons tout\u00a0\u00bb ce mercredi 10 septembre 2025 \u00e0 Rennes, un bus s&rsquo;est embras\u00e9 sous l&rsquo;\u00e9changeur&hellip;\n","protected":false},"author":2,"featured_media":382605,"comment_status":"","ping_status":"","sticky":false,"template":"","format":"standard","meta":{"footnotes":""},"categories":[2821],"tags":[1111,11,829,1777,674,1011,27,12,584,25],"class_list":{"0":"post-382604","1":"post","2":"type-post","3":"status-publish","4":"format-standard","5":"has-post-thumbnail","7":"category-rennes","8":"tag-actu","9":"tag-actualites","10":"tag-bretagne","11":"tag-eu","12":"tag-europe","13":"tag-fr","14":"tag-france","15":"tag-news","16":"tag-rennes","17":"tag-republique-francaise"},"share_on_mastodon":{"url":"https:\/\/pubeurope.com\/@fr\/115185353039136408","error":""},"_links":{"self":[{"href":"https:\/\/www.europesays.com\/fr\/wp-json\/wp\/v2\/posts\/382604","targetHints":{"allow":["GET"]}}],"collection":[{"href":"https:\/\/www.europesays.com\/fr\/wp-json\/wp\/v2\/posts"}],"about":[{"href":"https:\/\/www.europesays.com\/fr\/wp-json\/wp\/v2\/types\/post"}],"author":[{"embeddable":true,"href":"https:\/\/www.europesays.com\/fr\/wp-json\/wp\/v2\/users\/2"}],"replies":[{"embeddable":true,"href":"https:\/\/www.europesays.com\/fr\/wp-json\/wp\/v2\/comments?post=382604"}],"version-history":[{"count":0,"href":"https:\/\/www.europesays.com\/fr\/wp-json\/wp\/v2\/posts\/382604\/revisions"}],"wp:featuredmedia":[{"embeddable":true,"href":"https:\/\/www.europesays.com\/fr\/wp-json\/wp\/v2\/media\/382605"}],"wp:attachment":[{"href":"https:\/\/www.europesays.com\/fr\/wp-json\/wp\/v2\/media?parent=382604"}],"wp:term":[{"taxonomy":"category","embeddable":true,"href":"https:\/\/www.europesays.com\/fr\/wp-json\/wp\/v2\/categories?post=382604"},{"taxonomy":"post_tag","embeddable":true,"href":"https:\/\/www.europesays.com\/fr\/wp-json\/wp\/v2\/tags?post=382604"}],"curies":[{"name":"wp","href":"https:\/\/api.w.org\/{rel}","templated":true}]}}