{"id":382606,"date":"2025-09-11T11:09:12","date_gmt":"2025-09-11T11:09:12","guid":{"rendered":"https:\/\/www.europesays.com\/fr\/382606\/"},"modified":"2025-09-11T11:09:12","modified_gmt":"2025-09-11T11:09:12","slug":"mundo-en-fete-ce-week-end","status":"publish","type":"post","link":"https:\/\/www.europesays.com\/fr\/382606\/","title":{"rendered":"Mundo en f\u00eate ce week-end"},"content":{"rendered":"<p>Le <a href=\"https:\/\/www.dna.fr\/culture-loisirs\/2023\/09\/07\/vide-grenier-et-fete-foraine-ce-week-end\" target=\"_blank\" rel=\"noopener\">traditionnel messti<\/a> de Mundolsheim se tiendra du samedi 13 au mardi 16\u00a0septembre au parc de la mairie, proposant de nombreux stands et attractions pour tous les \u00e2ges.<\/p>\n<p>Dimanche\u00a014, place au vide-grenier qui occupera la rue du g\u00e9n\u00e9ral-Leclerc et les rues perpendiculaires pr\u00e8s de la mairie.<\/p>\n<p>Cette journ\u00e9e sera anim\u00e9e par l\u2019AS Mundolsheim et proposera notamment un spectacle du groupe folklorique de Berstett.<\/p>\n<p>Buvette et restauration sur place.<\/p>\n","protected":false},"excerpt":{"rendered":"Le traditionnel messti de Mundolsheim se tiendra du samedi 13 au mardi 16\u00a0septembre au parc de la mairie,&hellip;\n","protected":false},"author":2,"featured_media":382607,"comment_status":"","ping_status":"","sticky":false,"template":"","format":"standard","meta":{"footnotes":""},"categories":[2820],"tags":[1111,11,1687,2880,1777,674,3326,107,1685,1011,27,775,3264,12,25,640,3265],"class_list":{"0":"post-382606","1":"post","2":"type-post","3":"status-publish","4":"format-standard","5":"has-post-thumbnail","7":"category-strasbourg","8":"tag-actu","9":"tag-actualites","10":"tag-culture-loisirs","11":"tag-edition-strasbourg","12":"tag-eu","13":"tag-europe","14":"tag-fete-locale","15":"tag-fil-info","16":"tag-foire-et-salon","17":"tag-fr","18":"tag-france","19":"tag-grand-est","20":"tag-mundolsheim","21":"tag-news","22":"tag-republique-francaise","23":"tag-strasbourg","24":"tag-strasbourg-nord"},"share_on_mastodon":{"url":"https:\/\/pubeurope.com\/@fr\/115185357880842066","error":""},"_links":{"self":[{"href":"https:\/\/www.europesays.com\/fr\/wp-json\/wp\/v2\/posts\/382606","targetHints":{"allow":["GET"]}}],"collection":[{"href":"https:\/\/www.europesays.com\/fr\/wp-json\/wp\/v2\/posts"}],"about":[{"href":"https:\/\/www.europesays.com\/fr\/wp-json\/wp\/v2\/types\/post"}],"author":[{"embeddable":true,"href":"https:\/\/www.europesays.com\/fr\/wp-json\/wp\/v2\/users\/2"}],"replies":[{"embeddable":true,"href":"https:\/\/www.europesays.com\/fr\/wp-json\/wp\/v2\/comments?post=382606"}],"version-history":[{"count":0,"href":"https:\/\/www.europesays.com\/fr\/wp-json\/wp\/v2\/posts\/382606\/revisions"}],"wp:featuredmedia":[{"embeddable":true,"href":"https:\/\/www.europesays.com\/fr\/wp-json\/wp\/v2\/media\/382607"}],"wp:attachment":[{"href":"https:\/\/www.europesays.com\/fr\/wp-json\/wp\/v2\/media?parent=382606"}],"wp:term":[{"taxonomy":"category","embeddable":true,"href":"https:\/\/www.europesays.com\/fr\/wp-json\/wp\/v2\/categories?post=382606"},{"taxonomy":"post_tag","embeddable":true,"href":"https:\/\/www.europesays.com\/fr\/wp-json\/wp\/v2\/tags?post=382606"}],"curies":[{"name":"wp","href":"https:\/\/api.w.org\/{rel}","templated":true}]}}