{"id":382608,"date":"2025-09-11T11:10:39","date_gmt":"2025-09-11T11:10:39","guid":{"rendered":"https:\/\/www.europesays.com\/fr\/382608\/"},"modified":"2025-09-11T11:10:39","modified_gmt":"2025-09-11T11:10:39","slug":"on-a-note-tous-les-mercatos-de-ligue-1","status":"publish","type":"post","link":"https:\/\/www.europesays.com\/fr\/382608\/","title":{"rendered":"on a not\u00e9 tous les mercatos de Ligue 1"},"content":{"rendered":"<p>Apr\u00e8s une fin de mercato br\u00fblante et une tr\u00eave internationale pour la dig\u00e9rer, la Ligue 1 reprend ses droits ce week-end. L&rsquo;occasion de faire le bilan, club par club, de ce march\u00e9 des transferts estival.<\/p>\n<p>\u2022 Strasbourg 17\/20<img decoding=\"async\" class=\"lozad\" src=\"https:\/\/www.europesays.com\/fr\/wp-content\/uploads\/2025\/09\/J-Panichelli-2126035.jpg\"  alt=\"J. Panichelli\" title=\"J. Panichelli\"\/>J. Panichelli \u00a9 Iconsport<\/p>\n<p>Au c\u0153ur d\u2019un \u00e9t\u00e9 de \u00ab\u00a0sinistrose\u00a0\u00bb budg\u00e9taire g\u00e9n\u00e9rale en raison de la crise des droits TV, Strasbourg a flamb\u00e9. Le RCSA, l\u2019un des seuls clubs de L1 \u00e0 afficher une balance de transferts d\u00e9ficitaire, a recrut\u00e9 18 joueurs et investi pr\u00e8s de 120 millions d\u2019euros. Il s\u2019est, pour cela, adoss\u00e9 au r\u00e9seau de son propri\u00e9taire BlueCo, consortium qui d\u00e9tient \u00e9galement Chelsea. Cinq joueurs des Blues ont ainsi rejoint l\u2019Alsace (cela inclut Mamadou Sarr, vendu au club londonien 14 millions d\u2019euros, avant d\u2019\u00eatre pr\u00eat\u00e9 \u00e0 Strasbourg).<\/p>\n<p>L\u2019arriv\u00e9e de l\u2019international anglais <a href=\"https:\/\/rmcsport.bfmtv.com\/football\/transferts\/chilwell-a-strasbourg-la-derniere-surprise-d-un-mercato-a-18-recrues-en-alsace_AV-202509010891.html\" title=\"Chilwell \u00e0 Strasbourg, la derni\u00e8re surprise d&#039;un mercato \u00e0 18 recrues en Alsace\" class=\"internal_link\" rel=\"nofollow noopener\" target=\"_blank\">Ben Chilwell<\/a> a donn\u00e9 un peu plus de corps \u00e0 ce mercato entour\u00e9 de promesses comme l\u2019attaquant argentin Joaquin Panichelli ou la p\u00e9pite \u00e9quatorienne <a href=\"https:\/\/rmcsport.bfmtv.com\/football\/ligue-1\/mercato-il-a-tout-pour-etre-meilleur-que-messi-et-neymar-un-grand-espoir-equatorien-rejoint-strasbourg_AV-202508010237.html\" title=\"Mercato: &quot;Il a tout pour \u00eatre meilleur que Messi et Neymar&quot;: un grand espoir \u00e9quatorien rejoint Strasbourg\" class=\"internal_link\" rel=\"nofollow noopener\" target=\"_blank\">Kendry Paez.<\/a> Strasbourg a aussi bien vendu avec 80 millions d\u2019euros r\u00e9colt\u00e9s, dont 35 millions pour Dilane Bakwa et plus de 30 millions pour Habib Diarra. Ce fort remaniement ne fragilise pas, pour le moment, le socle de Liam Rosenior avec un d\u00e9but de saison solide: deux victoires et une d\u00e9faite rageante en L1, ainsi qu&rsquo;une qualification en phase de groupe de la Ligue Conf\u00e9rence.<\/p>\n<p>\u2022 Lille 16\/20<img decoding=\"async\" class=\"lozad\" src=\"https:\/\/www.europesays.com\/fr\/wp-content\/uploads\/2025\/09\/O-Giroud-2129244.jpg\"  alt=\"O. Giroud\" title=\"O. Giroud\"\/>O. Giroud \u00a9 Iconsport<\/p>\n<p>Apr\u00e8s les d\u00e9parts pr\u00e9vus des joueurs en fin de contrat (Jonathan David, R\u00e9my Cabella, Angel Gomes, Ismaily, Vito Mannone), l&rsquo;intersaison lilloise semblait compliqu\u00e9e apr\u00e8s une saison marqu\u00e9e par une 5e place et un beau parcours en Ligue des champions.\u00a0 Sous l&rsquo;impulsion d&rsquo;Olivier L\u00e9tang, l&rsquo;arriv\u00e9e du meilleur buteur des Bleus <a href=\"https:\/\/rmcsport.bfmtv.com\/football\/transferts\/olivier-giroud-signe-a-lille-la-ligue-1-retrouve-le-meilleur-buteur-de-l-histoire-des-bleus_AP-202507010798.html\" title=\"Olivier Giroud signe \u00e0 Lille, la Ligue 1 retrouve le meilleur buteur de l&#039;histoire des Bleus\" class=\"internal_link\" rel=\"nofollow noopener\" target=\"_blank\">Olivier Giroud<\/a> a rassur\u00e9 les supporters lillois, orphelins d&rsquo;un Jonathan David qui a tout donn\u00e9 durant 5 saisons. Une nouvelle fois, le Losc a tr\u00e8s bien vendu avec <a href=\"https:\/\/rmcsport.bfmtv.com\/football\/clubs\/losc-lille\/transferts\/mercato-en-route-vers-le-psg-lucas-chevalier-va-devenir-le-troisieme-gardien-le-plus-cher-du-monde_AV-202508070527.html\" title=\"Mercato: en route vers le PSG, Lucas Chevalier va devenir le troisi\u00e8me gardien le plus cher du monde\" class=\"internal_link\" rel=\"nofollow noopener\" target=\"_blank\">Lucas Chevalier au PSG<\/a> (55 millions, bonus compris), le d\u00e9fenseur Bafod\u00e9 Diakit\u00e9 \u00e0 Bournemouth pour 40 millions et le joli coup avec <a href=\"https:\/\/rmcsport.bfmtv.com\/football\/clubs\/losc-lille\/transferts\/mercato-cite-a-l-om-edon-zhegrova-aurait-un-accord-avec-la-juventus_AV-202508200332.html\" title=\"Mercato: cit\u00e9 \u00e0 l&#039;OM, Edon Zhegrova aurait un accord avec la Juventus\" class=\"internal_link\" rel=\"nofollow noopener\" target=\"_blank\">Edon Zhegrova<\/a> \u00e0 la Juventus pour 20 millions (bonus compris) \u00e0 un an de la fin de son contrat alors qu&rsquo;il n&rsquo;avait plus jou\u00e9 depuis le 14 d\u00e9cembre 2024. D&rsquo;autres dossiers ont rempli les caisses du Losc avec Gudmundsson \u00e0 Leeds (12 millions), Illic \u00e0 l&rsquo;Union Berlin (5 millions) ou Alan Virginius aux Young Boys (2,5 millions). Au total, le Losc a vendu pour un peu plus de 120 millions d&rsquo;euros.<\/p>\n<p>Ces nombreux d\u00e9parts ont inqui\u00e9t\u00e9 les supporters et Bruno Genesio sur certains postes \u00e0 quelques jours de la fin du mercato. L&rsquo;arriv\u00e9e du deuxi\u00e8me attaquant de pointe s&rsquo;est finalement r\u00e9alis\u00e9e avec le prometteur <a href=\"https:\/\/rmcsport.bfmtv.com\/football\/ligue-1\/losc-j-ai-ete-bluffe-igamane-deja-le-tube-de-l-ete-dans-le-nord_AV-202508310115.html\" title=\"LOSC: &quot;J&#039;ai \u00e9t\u00e9 bluff\u00e9&quot;, Igamane, d\u00e9j\u00e0 le tube de l&#039;\u00e9t\u00e9 dans le Nord?\" class=\"internal_link\" rel=\"nofollow noopener\" target=\"_blank\">Hamza Igamane<\/a> qui a d\u00e9j\u00e0 marqu\u00e9 deux fois. Sur son c\u00f4t\u00e9 gauche, Romain Perraud a pour sa part montr\u00e9 de bonnes choses, tandis que le gardien turc Berke \u00d6zer semble avoir dig\u00e9r\u00e9 la pression de remplacer Lucas Chevalier. En d\u00e9fense centrale, Nathan Ngoy montre d\u00e9j\u00e0 qu&rsquo;il peut faire une solide paire avec Alexsandro. F\u00e9lix Correia, Marius Broholm, Calvin Verdonk sont \u00e0 suivre. Toujours \u00e0 l&rsquo;affut de bonnes id\u00e9es, Olivier L\u00e9tang et ses \u00e9quipes ont \u00e9galement pris l&rsquo;ancien Marseillais Chancel Mbemba pour un an et pour renforcer une jeune d\u00e9fense centrale. Lille a d\u00e9pens\u00e9 un peu moins de 40 millions, ce qui fait une belle balance entre d\u00e9parts et arriv\u00e9es.<\/p>\n<p>Comme le souhaitait Bruno Genesio, tous les postes ont \u00e9t\u00e9 a minima doubl\u00e9s et le Losc semble capable de lutter pour une place en Ligue des champions tout en visant un bon parcours en Ligue Europa.<\/p>\n<p>\u2022 Lens 15\/20<img decoding=\"async\" class=\"lozad\" src=\"https:\/\/www.europesays.com\/fr\/wp-content\/uploads\/2025\/09\/F-Thauvin-2123356.jpg\"  alt=\"F. Thauvin\" title=\"F. Thauvin\"\/>F. Thauvin \u00a9 Iconsport<\/p>\n<p>Depuis plus d&rsquo;un an, le propri\u00e9taire de Lens <a href=\"https:\/\/rmcsport.bfmtv.com\/football\/ligue-1\/tout-le-monde-denonce-le-systeme-joseph-oughourlian-explique-pourquoi-il-veut-renverser-la-lfp-et-vincent-labrune_AN-202509080973.html\" title=\"&quot;Tout le monde d\u00e9nonce le syst\u00e8me&quot;: pourquoi Oughourlian veut renverser Labrune et &quot;changer la gouvernance&quot; \u00e0 la LFP\" class=\"internal_link\" rel=\"nofollow noopener\" target=\"_blank\">Joseph Oughourlian<\/a> a d\u00e9cid\u00e9 de r\u00e9duire les co\u00fbts, dont la masse salariale des joueurs, pour faire face aux difficult\u00e9s \u00e9conomiques du football fran\u00e7ais. La saison pass\u00e9e, le Racing avait d\u00e9j\u00e0 bien vendu avec Wahi \u00e0 l&rsquo;OM (30 millions d&rsquo;euros), Kushanov \u00e0 City (50 millions d&rsquo;euros), Samba \u00e0 Rennes (15 millions d&rsquo;euros) et cet \u00e9t\u00e9 avec <a href=\"https:\/\/rmcsport.bfmtv.com\/football\/transferts\/mercato-danso-quitte-lens-pour-tottenham-la-fin-d-un-long-feuilleton_AV-202502020207.html\" title=\"Mercato: Danso quitte Lens pour Tottenham, la fin d&#039;un long feuilleton\" class=\"internal_link\" rel=\"nofollow noopener\" target=\"_blank\">Danso \u00e0 Tottenham<\/a> (transfert d\u00e9finitif pour 25 millions d&rsquo;euros), Neil El Aynaoui \u00e0 la Roma (24 millions d&rsquo;euros), Facundo Medina \u00e0 l&rsquo;OM qui rapportera pr\u00e8s de 25 millions apr\u00e8s son pr\u00eat payant, Frankowski qui a rapport\u00e9 7 millions avec Galatasaray avant d&rsquo;aller \u00e0 Rennes et le joli coup <a href=\"https:\/\/rmcsport.bfmtv.com\/football\/transferts\/lens-l-inter-ouvre-le-dossier-andy-diouf-et-veut-passer-devant-naples_AV-202508210426.html\" title=\"Lens: l&#039;Inter ouvre le dossier Andy Diouf et veut passer devant Naples\" class=\"internal_link\" rel=\"nofollow noopener\" target=\"_blank\">Andy Diouf<\/a>, achet\u00e9 15 millions et revendu 25 millions deux ans plus tard \u00e0 l&rsquo;Inter. Dans les derniers jours, Lens s&rsquo;est s\u00e9par\u00e9 de Salis Abdul Samed (Nice) et Martin Satriano (Lyon) pour 5 millions d&rsquo;euros. Sous la houlette du nouveau duo du RC Lens, le Directeur g\u00e9n\u00e9ral Benjamin Parrot et le Directeur sportif Jean-Louis Leca, les ventes ont rapport\u00e9 environ 100 millions d&rsquo;euros au club.<\/p>\n<p>Jean-Louis Leca avait annonc\u00e9 qu&rsquo;il fallait recruter malin \u00e0 l&rsquo;image du Lens qui avait fait venir des joueurs prometteurs comme Danso ou Medina. Apr\u00e8s le d\u00e9part de Will Still, le choix de <a href=\"https:\/\/rmcsport.bfmtv.com\/football\/ligue-1\/lens-officialise-l-arrivee-de-pierre-sage-de-retour-en-ligue-1_AV-202506020832.html\" title=\"Lens officialise l&#039;arriv\u00e9e de Pierre Sage, de retour en Ligue 1\" class=\"internal_link\" rel=\"nofollow noopener\" target=\"_blank\">Pierre Sage<\/a> a \u00e9t\u00e9 judicieux puisque l&rsquo;ancien Lyonnais s&rsquo;est parfaitement fondu dans le staff Sang et Or, m\u00eame s&rsquo;il faudra juger la greffe \u00e0 plus long terme.\u00a0Avec <a href=\"https:\/\/rmcsport.bfmtv.com\/football\/transferts\/mercato-thauvin-arrive-a-lens-un-nouveau-champion-du-monde-va-retrouver-la-ligue-1_AV-202508050389.html\" title=\"Mercato: Thauvin arrive \u00e0 Lens, un nouveau champion du monde va retrouver la Ligue 1\" class=\"internal_link\" rel=\"nofollow noopener\" target=\"_blank\">Florian Thauvin<\/a>, Lens a r\u00e9ussi convaincre un champion du monde de rejoindre l&rsquo;Artois pour apporter son exp\u00e9rience et son aisance technique. Un dossier impuls\u00e9 par Jean-Louis Leca qui le connaissait par le pass\u00e9. L&rsquo;ancien Marseillais a sign\u00e9 un contrat de 3 ans pour un transfert de 6 millions d&rsquo;euros. En dehors de Thauvin, Lens a recrut\u00e9 des joueurs \u00e0 fort potentiel comme le jeune gardien Robin Risser (3 millions d&rsquo;euros), 20 ans, r\u00e9cemment appel\u00e9 avec les Espoirs, le d\u00e9fenseur autrichien Samson Baidoo (8 millions d&rsquo;euros), le milieu malien Mamadou Sangar\u00e9 pour 5 millions d&rsquo;euros et Sima en provenance de Brigton (4,5 millions d&rsquo;euros).<\/p>\n<p>Avec Florian Thauvin, Matthieu Udol apportera son exp\u00e9rience sur le c\u00f4t\u00e9 gauche.\u00a0En attaque, le RCL a fait le pari d&rsquo;Odsonne Edouard qui a tr\u00e8s peu jou\u00e9 la saison derni\u00e8re en Premier League. Au total, Lens a atteint son objectif de baisser sa masse salariale et de recruter malin. La balance entre les ventes (environ 100 millions) et les achats de joueurs (autour de 40 millions) est plus que positive.<\/p>\n<p>\u2022 Rennes 15\/20<img decoding=\"async\" class=\"lozad\" src=\"https:\/\/www.europesays.com\/fr\/wp-content\/uploads\/2025\/09\/V-Rongier-2126037.jpg\"  alt=\"V. Rongier\" title=\"V. Rongier\"\/>V. Rongier \u00a9 Iconsport<\/p>\n<p>Bien s\u00fbr, il reste le plus important: concr\u00e9tiser sur le terrain. Mais sur le papier, la refonte de l&rsquo;effectif r\u00e9alis\u00e9e par les dirigeants rennais, et notamment le nouveau Directeur sportif Loic D\u00e9sir\u00e9, est impressionnante. En juin dernier, le Stade Rennais comptait dans ses rangs 50 joueurs et notamment tous les flops du mercato 2024 de Fr\u00e9d\u00e9ric Massara. Deux mois plus tard, l&rsquo;effectif a \u00e9t\u00e9 ramen\u00e9 \u00e0 une trentaine d&rsquo;\u00e9l\u00e9ments en comptant les jeunes pros du centre de formation. Les Ostigard, Gronbaek, Meister, Faye, Gomez, Sishuba, Furuhashi pour ne citer qu&rsquo;eux ont \u00e9t\u00e9 exfiltr\u00e9s. Sur ce mercato, le club breton a bien vendu pour plus de 90 millions d&rsquo;euros estim\u00e9s avec des plus-values int\u00e9ressantes sur <a href=\"https:\/\/rmcsport.bfmtv.com\/football\/transferts\/mercato-accord-de-principe-rennes-nottingham-pour-kalimuendo-un-beau-cheque-attendu_AV-202508140307.html\" title=\"Mercato: n\u00e9gociations avanc\u00e9es Rennes-Nottingham pour Kalimuendo, un beau ch\u00e8que attendu\" class=\"internal_link\" rel=\"nofollow noopener\" target=\"_blank\">Kalimuendo<\/a> (30 millions d&rsquo;euros \u00e0 Brendford) et les joueurs form\u00e9s au club comme Truffert (\u00e0 Bournemouth pour 14 millions d&rsquo;euros) et Assignon (\u00e0 Stuttgart pour 13 millions d&rsquo;euros).<\/p>\n<p>Les Rennais se sont \u00e9galement renforc\u00e9s avec des tauliers de Ligue 1, gage de qualit\u00e9 et d&rsquo;exp\u00e9rience, en r\u00e9ussissant \u00e0 sortir des joueurs de Marseille (<a href=\"https:\/\/rmcsport.bfmtv.com\/football\/transferts\/mercato-accord-entre-rennes-et-l-om-pour-rongier-et-merlin-les-deux-joueurs-vont-filer-en-bretagne_AV-202507200115.html\" title=\"Mercato: accord entre Rennes et l\u2019OM pour Rongier et Merlin, les deux joueurs vont filer en Bretagne\" class=\"internal_link\" rel=\"nofollow noopener\" target=\"_blank\">Rongier, Merlin<\/a>) ou Monaco (Embolo) moyennant des moyens financiers importants sur les salaires. Habib Beye a ainsi obtenu les renforts qu&rsquo;il souhaitait aux postes qu&rsquo;il souhaitait.<\/p>\n<p>\u2022 Lyon 15\/20<img decoding=\"async\" class=\"lozad\" src=\"https:\/\/www.europesays.com\/fr\/wp-content\/uploads\/2025\/09\/Pavel-Sulc-le-31-aout-2025-2130869.jpg\"  alt=\"Pavel Sulc le 31 ao\u00fbt 2025\" title=\"Pavel Sulc le 31 ao\u00fbt 2025\"\/>Pavel Sulc le 31 ao\u00fbt 2025 \u00a9 Icon<\/p>\n<p>Miracul\u00e9 <a href=\"https:\/\/rmcsport.bfmtv.com\/football\/clubs\/olympique-lyon\/l-ol-maintenu-en-ligue-1-michele-kang-explique-comment-lyon-a-reussi-a-convaincre-la-dncg_AV-202507090646.html\" title=\"L\u2019OL maintenu en Ligue 1: Michele Kang explique comment Lyon a r\u00e9ussi \u00e0 convaincre la DNCG\" class=\"internal_link\" rel=\"nofollow noopener\" target=\"_blank\">en appel devant la DNCG<\/a> apr\u00e8s avoir \u00e9t\u00e9 r\u00e9trograd\u00e9 administrativement en Ligue 2, l\u2019OL avait des promesses \u00e0 respecter devant le gendarme financier mais aussi la chambre financi\u00e8re de l\u2019UEFA. Alors, Lyon a beaucoup vendu avec neuf transferts secs, dont ceux de <a href=\"https:\/\/rmcsport.bfmtv.com\/football\/transferts\/mercato-les-chiffres-detailles-du-transfert-de-rayan-cherki-de-l-ol-a-manchester-city_AV-202506100758.html\" title=\"Mercato: les chiffres d\u00e9taill\u00e9s du transfert de Rayan Cherki de l\u2019OL \u00e0 Manchester City\" class=\"internal_link\" rel=\"nofollow noopener\" target=\"_blank\">Rayan Cherki<\/a>, Georges Mikautadze, Lucas Perri, Sa\u00efd Benrhama, pour un total de recettes estim\u00e9 \u00e0 125 millions d\u2019euros (dont 24 de bonus). Des gros noms ont aussi quitt\u00e9 le club (<a href=\"https:\/\/rmcsport.bfmtv.com\/football\/transferts\/mercato-alexandre-lacazette-rejoint-officiellement-l-arabie-saoudite_AV-202507010690.html\" title=\"Mercato: Alexandre Lacazette rejoint officiellement l&#039;Arabie saoudite\" class=\"internal_link\" rel=\"nofollow noopener\" target=\"_blank\">Alexandre Lacazette<\/a>, Nemanja Matic, partis libres, Duje Caleta-Car pr\u00eat\u00e9, ou Jordan Veretout, vendu au Qatar), all\u00e9geant drastiquement la masse salariale (de 160 millions d&rsquo;euros en mai \u00e0 moins de 70 millions d\u2019euros pour 2025-2026).<\/p>\n<p>Au rayon des arriv\u00e9es, le club rhodanien a limit\u00e9 les frais avec moins de 43 millions d\u2019euros d\u00e9bours\u00e9s (dont 14,4 millions d&rsquo;euros de bonus) pour neuf recrues, dont le revenant surprise Rachid Ghezzal et un tour de force: celui d\u2019avoir conserv\u00e9 sa star <a href=\"https:\/\/rmcsport.bfmtv.com\/football\/ligue-1\/ol-metz-si-on-peut-l-enfermer-dans-le-vestiaire-lyon-veut-absolument-garder-malick-fofana_AV-202508240052.html\" title=\"OL-Metz: &quot;Si on peut l&#039;enfermer dans le vestiaire&quot;, Lyon veut absolument garder Malick Fofana\" class=\"internal_link\" rel=\"nofollow noopener\" target=\"_blank\">Malick Fofana<\/a>. Le club s\u2019est tourn\u00e9 vers des championnats jamais explor\u00e9s\u00a0comme la R\u00e9publique tch\u00e8que. Et cela a pay\u00e9 sur le terrain avec les buts de Pavel Sulc (contre l\u2019OM) et d&rsquo;Adam Karabec (contre Metz) lors des premi\u00e8res journ\u00e9es. Le mercato est donc r\u00e9ussi financi\u00e8rement mais aussi sportivement pour le moment, puisque l\u2019\u00e9quipe de <a href=\"https:\/\/rmcsport.bfmtv.com\/football\/transferts\/ol-nous-avons-besoin-de-vendre-un-joueur-important-la-mise-au-point-de-fonseca-sur-mikautadze-et-fofana_AV-202508290537.html\" title=\"OL: &quot;Nous avons besoin de vendre un joueur important&quot;, la mise au point de Fonseca sur Mikautadze et Fofana\" class=\"internal_link\" rel=\"nofollow noopener\" target=\"_blank\">Paulo Fonseca<\/a> partage la t\u00eate de la Ligue 1 avec le PSG. Toute la question est d\u00e9sormais de savoir si cet \u00e9tat de gr\u00e2ce insoup\u00e7onn\u00e9 peut durer.<\/p>\n<p>\u2022 Marseille 15\/20<img decoding=\"async\" class=\"lozad\" src=\"https:\/\/www.europesays.com\/fr\/wp-content\/uploads\/2025\/09\/Benjamin-Pavard-tenant-une-echarpe-de-l-OM-2135453.jpg\"  alt=\"Benjamin Pavard tenant une \u00e9charpe de l'OM\" title=\"Benjamin Pavard tenant une \u00e9charpe de l'OM\"\/>Benjamin Pavard tenant une \u00e9charpe de l&rsquo;OM \u00a9 OM<\/p>\n<p>Douze recrues, dont la moiti\u00e9 dans les tous derniers jours. Est-il vraiment possible de donner une note au mercato estival de l&rsquo;OM, tellement le chantier est important, notamment en d\u00e9fense, un secteur totalement chamboul\u00e9? Commen\u00e7ons par les motifs d&rsquo;espoir et d&rsquo;optimisme. L&rsquo;arri\u00e8re-garde a pris du grade, du caract\u00e8re et de l&rsquo;exp\u00e9rience, avec les arriv\u00e9es de <a href=\"https:\/\/rmcsport.bfmtv.com\/football\/transferts\/je-ne-voulais-que-l-om-les-images-de-benjamin-pavard-accueilli-par-les-supporters-a-marignane_AV-202509100511.html\" title=\"&quot;Je ne voulais que l&#039;OM&quot;: les images de Benjamin Pavard accueilli par les supporters \u00e0 Marignane\" class=\"internal_link\" rel=\"nofollow noopener\" target=\"_blank\">Pavard<\/a>, Aguerd, Medina et Emerson. Un sacr\u00e9 casting, bien que tardif.<\/p>\n<p>L&rsquo;arriv\u00e9e de Paixao suscite beaucoup d&rsquo;enthousiasme, comme <a href=\"https:\/\/rmcsport.bfmtv.com\/football\/transferts\/om-aux-armes-fumigenes-les-images-de-l-arrivee-d-aubameyang-a-l-aeroport-dans-une-ambiance-de-feu_AV-202507300481.html\" title=\"OM: &quot;Aux Armes&quot;, fumig\u00e8nes\u2026 les images de l\u2019arriv\u00e9e d&#039;Aubameyang \u00e0 l&#039;a\u00e9roport dans une ambiance de feu\" class=\"internal_link\" rel=\"nofollow noopener\" target=\"_blank\">le retour d&rsquo;Aubameyang<\/a>, consid\u00e9r\u00e9 comme une valeur s\u00fbre. Critiqu\u00e9 pour son instabilit\u00e9 chronique, l&rsquo;OM a pourtant tenu une promesse: <a href=\"https:\/\/rmcsport.bfmtv.com\/football\/clubs\/olympique-marseille\/l-om-serein-pour-l-avenir-de-de-zerbi_AV-202506040443.html\" title=\"L\u2019OM serein pour l\u2019avenir de De Zerbi\" class=\"internal_link\" rel=\"nofollow noopener\" target=\"_blank\">conserver son coach<\/a> et sa colonne vert\u00e9brale (Rulli, Balerdi, Hojbjerg, Greenwood). Leur niveau n&rsquo;est pas encore celui escompt\u00e9 mais la d\u00e9cision de les garder avait fait l&rsquo;unanimit\u00e9 ou presque chez les suiveurs et les supporters.<\/p>\n<p>Le gros point noir de ce mercato est \u00e9videmment <a href=\"https:\/\/rmcsport.bfmtv.com\/football\/transferts\/fin-du-feuilleton-adrien-rabiot-qui-va-quitter-l-om-pour-rejoindre-l-ac-milan-et-pourrait-vite-retrouver-jonathan-rowe_AV-202508310387.html\" title=\"Fin du feuilleton Adrien Rabiot, qui va quitter l\u2019OM pour rejoindre l\u2019AC Milan (et pourrait vite retrouver Jonathan Rowe)\" class=\"internal_link\" rel=\"nofollow noopener\" target=\"_blank\">la perte d&rsquo;Adrien Rabiot<\/a>, parti \u00e0 l&rsquo;AC Milan apr\u00e8s la fameuse bagarre avec Jonathan Rowe. Son d\u00e9part et cette histoire ont plomb\u00e9 l&rsquo;atmosph\u00e8re, autour du club et dans le vestiaire. C&rsquo;est d&rsquo;ailleurs le niveau du milieu de terrain qui pose question. Exit Rabiot et Rongier, lui aussi regrett\u00e9, arriv\u00e9es d&rsquo;<a href=\"https:\/\/rmcsport.bfmtv.com\/replay-emissions\/after-foot\/video-om-angel-gomes-une-plus-value-mais-attention-aux-blessures-previent-l-after_VN-202507040791.html\" title=\"OM : Angel Gomes &quot;une plus-value mais attention aux blessures&quot; pr\u00e9vient L&#039;After\" class=\"internal_link\" rel=\"nofollow noopener\" target=\"_blank\">Angel Gomes<\/a>, Vermeeren et O&rsquo;Riley: pas s\u00fbr que Marseille y ait gagn\u00e9 au change. C&rsquo;est l&rsquo;interrogation principale de ce mercato.\u00a0Si on analyse froidement la liste des d\u00e9parts et celle des arriv\u00e9es, il est en revanche ind\u00e9niable que l&rsquo;OM a un effectif de meilleure qualit\u00e9 que la saison pass\u00e9e. A noter que le club olympien est parvenu \u00e0 se s\u00e9parer de nombreux joueurs jug\u00e9s ind\u00e9sirables. M\u00eame si le traitement r\u00e9serv\u00e9 \u00e0 <a href=\"https:\/\/rmcsport.bfmtv.com\/football\/clubs\/olympique-marseille\/om-harit-maupay-ces-joueurs-marseillais-ecartes-de-la-liste-pour-la-ligue-des-champions_AV-202509030857.html\" title=\"OM: Harit, Maupay... ces joueurs marseillais \u00e9cart\u00e9s de la liste pour la Ligue des champions\" class=\"internal_link\" rel=\"nofollow noopener\" target=\"_blank\">Harit ou Maupay<\/a> (pouss\u00e9s vers la sortie et hors de la liste UEFA, le premier \u00e9tant jug\u00e9 trop souvent bless\u00e9, et le second trop l\u00e9ger face \u00e0 la concurrence en attaque) est bien la preuve qu&rsquo;un d\u00e9classement soudain peut arriver vite quand on joue \u00e0 l&rsquo;OM.<\/p>\n<p>\u2022 Paris FC 14\/20<img decoding=\"async\" class=\"lozad\" src=\"https:\/\/www.europesays.com\/fr\/wp-content\/uploads\/2025\/09\/Pierre-Lees-Melou-le-31-aout-2025-avec-le-Paris-FC-2132736.jpg\"  alt=\"Pierre Lees-Melou le 31 ao\u00fbt 2025 avec le Paris FC\" title=\"Pierre Lees-Melou le 31 ao\u00fbt 2025 avec le Paris FC\"\/>Pierre Lees-Melou le 31 ao\u00fbt 2025 avec le Paris FC \u00a9 Dave Winter\/FEP\/Icon Sport<\/p>\n<p><a href=\"https:\/\/rmcsport.bfmtv.com\/football\/ligue-1\/autour-de-40-millions-d-euros-pierre-ferracci-justifie-le-mercato-raisonnable-du-paris-fc_AV-202509100876.html\" title=\"&quot;Autour de 40 millions d&#039;euros&quot;: Pierre Ferracci justifie le mercato raisonnable du Paris FC\" class=\"internal_link\" rel=\"nofollow noopener\" target=\"_blank\">Pierre Ferracci<\/a>, pr\u00e9sident du Paris FC, avait pr\u00e9venu de longue date: \u00ab\u00a0ceux qui connaissent les dirigeants du Paris FC savent qu&rsquo;on ne fera pas de folies\u00a0\u00bb. Et le club a parfaitement respect\u00e9 son cahier des charges, en engageant des joueurs d&rsquo;exp\u00e9rience, francophones, pour assurer \u00ab\u00a0un maintien confortable en Ligue 1\u00a0\u00bb.<\/p>\n<p>Avec le recrutement de Moses Simon, meilleur dribbleur de L1 avec Nantes en 2024-2025, <a href=\"https:\/\/rmcsport.bfmtv.com\/football\/transferts\/mercato-avec-l-arrivee-de-lees-melou-le-paris-fc-signe-l-un-des-gros-coups-de-l-ete_AV-202508280569.html\" title=\"Mercato: avec l&#039;arriv\u00e9e de Lees-Melou, le Paris FC signe l&#039;un des gros coups de l&#039;\u00e9t\u00e9\" class=\"internal_link\" rel=\"nofollow noopener\" target=\"_blank\">Pierre Lees-Melou<\/a>, Hamari Traor\u00e9, Jonathan Ikon\u00e9 et Kevin Trapp, tous tr\u00e8s exp\u00e9riment\u00e9s, le contrat est rempli et tr\u00e8s bien rempli. Trois jeunes joueurs ont \u00e9galement rejoint le projet parisien: Noah Sangui, Willem Geubbels et le Br\u00e9silien Otavio. Ce dernier, achet\u00e9 plus de 15 millions d&rsquo;euros au FC Porto, est peut-\u00eatre la plus grosse surprise et le plus gros frisson de ce mercato estival puisqu&rsquo;il arrive d&rsquo;un grand d&rsquo;Europe. Mais ses deux premi\u00e8res apparitions \u00e0 Marseille puis contre Metz ont laiss\u00e9 l&rsquo;impression d&rsquo;un d\u00e9fenseur en difficult\u00e9 dans la gestion de la profondeur et le placement. Cela reste un jeune joueur et le coach St\u00e9phane Gilli en pense le plus grand bien, Otavio aura le temps de s&rsquo;acclimater \u00e0 la Ligue 1.<\/p>\n<p>Si on s&rsquo;arr\u00eate l\u00e0, le recrutement est quasi parfait mais au vu des ambitions du Paris FC et de la fortune de son propri\u00e9taire <a href=\"https:\/\/rmcsport.bfmtv.com\/football\/ligue-2\/le-paris-fc-bientot-rachete-par-la-famille-arnault_DN-202410090790.html\" title=\"Le Paris FC rachet\u00e9 par la famille Arnault\" class=\"internal_link\" rel=\"nofollow noopener\" target=\"_blank\">Antoine Arnault<\/a>, certains observateurs sont d\u00e9\u00e7us de ne pas avoir vu d\u00e9barquer une star. Mais le club ne voulait pas totalement d\u00e9s\u00e9quilibrer le vestiaire, et souhaitait r\u00e9compenser un groupe qui travaille main dans la main avec le coach depuis plus de deux ans pour enfin valider cette mont\u00e9e dans l&rsquo;\u00e9lite. Le dernier jour du march\u00e9, le PFC a tout de m\u00eame tent\u00e9 d&rsquo;arracher le buteur belge de Saint-\u00c9tienne Lucas Stassin pour plus de 25 millions d&rsquo;euros et le milieu ivoirien Patrick Zabi, du Stade de Reims, pour quasiment 20 millions d&rsquo;euros. Deux offres refus\u00e9es, mais qui prouvent la puissance de feu du petit nouveau de L1.<\/p>\n<p>Enfin, la patte <a href=\"https:\/\/rmcsport.bfmtv.com\/replay-emissions\/after-foot\/video-pfc-ou-est-l-expertise-de-red-bull-sur-le-mercato-du-paris-fc-interroge-jimmy-braun_VN-202509020879.html\" title=\"PFC : \u201cO\u00f9 est l\u2019expertise de Red Bull sur le mercato du Paris FC ?\u201d, interroge Jimmy Braun\" class=\"internal_link\" rel=\"nofollow noopener\" target=\"_blank\">Red Bull<\/a> a \u00e9t\u00e9 difficile \u00e0 cerner. L&rsquo;Allemand Marco Neppe est arriv\u00e9 pour \u00e9pauler la cellule de recrutement, mais sans chambouler les plans du club. Aucun \u00ab\u00a0prospect\u00a0\u00bb inattendu n&rsquo;est arriv\u00e9 et la relation entre le groupe autrichien et le club a m\u00eame parfois bafouill\u00e9. Comme sur le dossier Hamari Traor\u00e9 sur lequel les dirigeants parisiens et Red Bull n&rsquo;\u00e9taient pas d&rsquo;accord sur toute la ligne. Le lat\u00e9ral droit malien n&rsquo;est alors arriv\u00e9 que le dernier jour du mercato, alors que le poste \u00e9tait d\u00e9sert\u00e9 et que le central Samir Chergui a d\u00e9pann\u00e9 lors des trois premi\u00e8res journ\u00e9es.<\/p>\n<p>\u2022 PSG 14\/20<img decoding=\"async\" class=\"lozad\" src=\"https:\/\/www.europesays.com\/fr\/wp-content\/uploads\/2025\/09\/1757589023_219_Illya-Zabarnyi-lors-de-PSG-Angers-le-22-aout-2025-2132547.jpg\"  alt=\"Illya Zabarnyi lors de PSG-Angers le 22 ao\u00fbt 2025\" title=\"Illya Zabarnyi lors de PSG-Angers le 22 ao\u00fbt 2025\"\/>Illya Zabarnyi lors de PSG-Angers le 22 ao\u00fbt 2025 \u00a9 Philippe Lecoeur\/Icon Sport<\/p>\n<p>Dans le sens des arriv\u00e9es, le club parisien s&rsquo;est montr\u00e9 plut\u00f4t discret cet \u00e9t\u00e9. Paris a d&rsquo;abord r\u00e9ussi \u00e0 se renforcer en d\u00e9fense avec la signature <a href=\"https:\/\/rmcsport.bfmtv.com\/football\/clubs\/paris-saint-germain\/transfert-xxl-precocite-soutien-a-l-armee-ukrainienne-5-choses-a-savoir-sur-illia-zabarnyi-le-futur-roc-du-psg_AV-202508100203.html\" title=\"Transfert XXL, pr\u00e9cocit\u00e9, soutien \u00e0 l&#039;arm\u00e9e ukrainienne... 5 choses \u00e0 savoir sur Illia Zabarnyi, le futur roc du PSG\" class=\"internal_link\" rel=\"nofollow noopener\" target=\"_blank\">d&rsquo;Ilya Zabarnyi<\/a> contre environ 66 millions d&rsquo;euros. Le principal chantier de ce mercato estival restera le poste de gardien avec Lucas Chevalier et Renato Marin qui ont fait leur arriv\u00e9e. Mais aussi et surtout le choix fort de Luis Enrique d&rsquo;\u00e9carter <a href=\"https:\/\/rmcsport.bfmtv.com\/football\/clubs\/paris-saint-germain\/psg-on-sait-ou-on-veut-aller-luis-enrique-assume-sa-gestion-de-chevalier-et-donnarumma_AV-202508210382.html\" title=\"PSG: &quot;On sait o\u00f9 on veut aller&quot;, Luis Enrique assume sa gestion de Chevalier et Donnarumma\" class=\"internal_link\" rel=\"nofollow noopener\" target=\"_blank\">Gianluigi Donnarumma<\/a>. Ce qui a permis au club parisien de r\u00e9cup\u00e9rer 30 millions d&rsquo;euros (hors bonus) avec le transfert du portier italien \u00e0 Manchester City.<\/p>\n<p>Le Paris Saint-Germain et son conseiller sportif Luis Campos auront r\u00e9ussi \u00e0 boucler des d\u00e9parts \u00e0 la cha\u00eene. Carlos Soler, <a href=\"https:\/\/rmcsport.bfmtv.com\/football\/transferts\/je-pars-avec-plein-d-images-le-message-d-adieu-de-presnel-kimpembe-au-psg-apres-20-ans-au-club_AV-202509070269.html\" title=\"&quot;Je pars avec plein d&#039;images&quot;: le message d&#039;adieu de Presnel Kimpembe au PSG apr\u00e8s 20 ans au club\" class=\"internal_link\" rel=\"nofollow noopener\" target=\"_blank\">Presnel Kimpembe,<\/a> Arnau Tenas, Nordi Mukiele, Milan Skriniar ou encore Gabriel Moscardo sont partis. Un d\u00e9graissage XXL qui semble aujourd&rsquo;hui convenir \u00e0 l&rsquo;entra\u00eeneur Luis Enrique.<\/p>\n<p>\u2022 Nantes 13\/20<img decoding=\"async\" class=\"lozad\" src=\"https:\/\/www.europesays.com\/fr\/wp-content\/uploads\/2025\/09\/Hong-Hyun-Seok-2135656.jpg\"  alt=\"Hong Hyun-Seok\" title=\"Hong Hyun-Seok\"\/>Hong Hyun-Seok \u00a9 IconSport<\/p>\n<p>Dans un contexte financier compliqu\u00e9 pour les clubs de Ligue 1, le FC Nantes a su agir vite dans le sens des d\u00e9parts. Plusieurs cadres qui avaient v\u00e9cu des saisons compliqu\u00e9es sont partis, \u00e0 l\u2019image de Chirivella, Pallois ou Casteletto, ou ont \u00e9t\u00e9 pr\u00eat\u00e9 comme Lafont. Le nouveau projet amen\u00e9 par le coach <a href=\"https:\/\/rmcsport.bfmtv.com\/football\/ligue-1\/une-tuile-etonnante-pour-le-fc-nantes-luis-castro-serieusement-blesse-au-genou-lors-d-un-match-avec-le-staff_AV-202509050912.html\" title=\"Une tuile \u00e9tonnante pour le FC Nantes: Luis Castro s\u00e9rieusement bless\u00e9 au genou lors d\u2019un match avec le staff\" class=\"internal_link\" rel=\"nofollow noopener\" target=\"_blank\">Luis Castro<\/a> s\u2019appuie sur un groupe renouvel\u00e9 \u00e0 50%.<\/p>\n<p>Si le recrutement du d\u00e9fenseur central Uros Radakovic ne convainc pas grand-monde pour le moment, le retour d\u2019Awaziem associ\u00e9 au jeune Tati semble d\u00e9j\u00e0 efficace. Au milieu de terrain, le Sud-Cor\u00e9en Hong, titulaire face \u00e0 Auxerre lors du dernier match, donne \u00e9galement quelques assurances. Gr\u00e2ce \u00e0 une balance positive estim\u00e9e entre 35 et 40 millions d\u2019euros, dont la moiti\u00e9 pour le transfert de <a href=\"https:\/\/rmcsport.bfmtv.com\/football\/transferts\/mercato-offres-de-villarreal-volonte-de-kita-les-coulisses-du-transfert-record-du-nantais-nathan-zeze-vers-l-arabie-saoudite_AV-202507260240.html\" title=\"Mercato: offres de Villarreal, volont\u00e9 de Kita... les coulisses du transfert record du Nantais Nathan Z\u00e9z\u00e9 vers l&#039;Arabie saoudite\" class=\"internal_link\" rel=\"nofollow noopener\" target=\"_blank\">Z\u00e9z\u00e9<\/a>, sur ce mercato d\u2019\u00e9t\u00e9, la direction des Canaris a \u00e9galement pu mettre la barre tr\u00e8s haut pour \u00e9viter les d\u00e9parts de ses attaquants Mostafa Mohammed et Mathis Abline, auteurs de 14 buts l\u2019an pass\u00e9 en Ligue 1 \u00e0 eux deux. Un mercato plut\u00f4t r\u00e9ussi.<\/p>\n<p>\u2022 Monaco 12\/20<img decoding=\"async\" class=\"lozad\" src=\"https:\/\/www.europesays.com\/fr\/wp-content\/uploads\/2025\/09\/Le-milieu-de-terrain-francais-Paul-Pogba-lors-de-l-echauffement-de-Monaco-8-aout-2025-2120913.jpg\"  alt=\"Le milieu de terrain fran\u00e7ais Paul Pogba lors de l'\u00e9chauffement de Monaco, 8 ao\u00fbt 2025\" title=\"Le milieu de terrain fran\u00e7ais Paul Pogba lors de l'\u00e9chauffement de Monaco, 8 ao\u00fbt 2025\"\/>Le milieu de terrain fran\u00e7ais Paul Pogba lors de l&rsquo;\u00e9chauffement de Monaco, 8 ao\u00fbt 2025 \u00a9 ICON Sport<\/p>\n<p>Principal enseignement, l\u2019ASM a su garder dans ses rangs sa plus grosse valeur marchande et son plus gros talent: <a href=\"https:\/\/rmcsport.bfmtv.com\/football\/ligue-1\/transferts\/mercato-conquis-par-maghnes-akliouche-l-inter-tente-de-le-recruter-a-monaco_AV-202508110542.html\" title=\"Mercato: conquis par Maghnes Akliouche, l&#039;Inter tente de le recruter \u00e0 Monaco\" class=\"internal_link\" rel=\"nofollow noopener\" target=\"_blank\">Maghnes Akliouche<\/a>. Monaco a \u00e9galement r\u00e9gl\u00e9 provisoirement la probl\u00e9matique du gardien en pr\u00eatant Majecki \u00e0 Brest et en attirant Hradecky (35 ans), d\u00e9j\u00e0 \u00e0 l\u2019infirmerie apr\u00e8s une entorse du genou.<\/p>\n<p>Dier s\u2019est tr\u00e8s bien int\u00e9gr\u00e9 et apporte son v\u00e9cu, le pari Ansu Fati devrait bient\u00f4t se montrer mais le groupe semble s\u2019\u00eatre affaibli en profondeur dans l\u2019entrejeu. Derri\u00e8re le duo Zakaria-Camara, Magassa et Al-Musrati sont partis, <a href=\"https:\/\/rmcsport.bfmtv.com\/football\/transferts\/mercato-paul-pogba-va-signer-a-monaco_AV-202506220264.html\" title=\"Mercato: Paul Pogba va signer \u00e0 Monaco\" class=\"internal_link\" rel=\"nofollow noopener\" target=\"_blank\">Pogba<\/a> (un autre pari) est arriv\u00e9 et derri\u00e8re ce sont les jeunes Bamba (19 ans) et Coulibaly (21 ans) qui devront r\u00e9pondre pr\u00e9sent. Quant \u00e0 la p\u00e9pite <a href=\"https:\/\/rmcsport.bfmtv.com\/football\/transferts\/mercato-ben-seghir-en-passe-de-rejoindre-le-bayer-leverkusen_AV-202508280408.html\" title=\"Mercato: Ben Seghir en passe de rejoindre le Bayer Leverkusen\" class=\"internal_link\" rel=\"nofollow noopener\" target=\"_blank\">Eliesse Ben Seghir<\/a>, partie \u00e0 Leverkusen, son absence pourrait se faire ressentir dans une saison o\u00f9 il faudra jouer sur les deux tableaux (Ligue 1 et Ligue des champions).<\/p>\n<p>\u2022 Metz 12\/20<img decoding=\"async\" class=\"lozad\" src=\"https:\/\/www.europesays.com\/fr\/wp-content\/uploads\/2025\/09\/Jonathan-Fischer-2135655.jpg\"  alt=\"Jonathan Fischer\" title=\"Jonathan Fischer\"\/>Jonathan Fischer \u00a9 IconSport<\/p>\n<p>Comme de nombreux clubs de Ligue 1, le FC Metz devait avant tout vendre avant de penser \u00e0 se renforcer. Les jeunes Idrissa Gueye (Udinese &#8211; pr\u00eat avec option d&rsquo;achat de 10 millions d&rsquo;euros) et Papa Diallo (parti \u00e0 Norwich pour 5 millions d&rsquo;euros) ont quitt\u00e9 le club. \u00a0Le d\u00e9part douloureux de Matthieu Udol \u00e0 Lens a aussi permis de renflouer un peu les caisses (3,5 millions d\u2019euros) mais a laiss\u00e9 un vide au poste d\u2019arri\u00e8re gauche qui a mis du temps \u00e0 \u00eatre combl\u00e9.<\/p>\n<p>L\u2019ancien Havrais Fod\u00e9 Ballo-Tour\u00e9 est arriv\u00e9 dans les derni\u00e8res heures du mercato. Un des nombreux paris du directeur sportif Fr\u00e9d\u00e9ric Arpinon qui a tent\u00e9 des coups avec le recrutement de Jonathan Fischer, un gardien danois \u00e9voluant en Norv\u00e8ge, le pr\u00eat de deux G\u00e9orgiens Giorgi Abuashvili et Giorgi Tsitaishvili (qui semble \u00eatre une bonne pioche) et le retour aux sources du milieu Boubacar Traor\u00e9, tr\u00e8s souvent bless\u00e9 la saison derni\u00e8re avec Wolverhampton.<\/p>\n<p>Mais c\u2019est surtout le recrutement d\u2019Habib Diallo, 5 ans apr\u00e8s son d\u00e9part du club mosellan, qui r\u00e9hausse le mercato du promu. Les espoirs offensifs messins reposent en grande partie sur les \u00e9paules de l\u2019attaquant s\u00e9n\u00e9galais, lib\u00e9r\u00e9 par son club saoudien d\u2019Al-Shabab. Le maintien passera sans doute par l\u2019efficacit\u00e9 de l\u2019ancien Strasbourgeois et par la r\u00e9ussite de son association avec <a href=\"https:\/\/rmcsport.bfmtv.com\/replay-emissions\/after-foot\/l-after-encense-stephane-le-mignan-et-gauthier-hein-artisans-de-la-montee-du-fc-metz-29-05_EN-202505290702.html\" title=\"L&#039;After encense St\u00e9phane Le Mignan et Gauthier Hein, artisans de la mont\u00e9e du FC Metz \u2013 29\/05\" class=\"internal_link\" rel=\"nofollow noopener\" target=\"_blank\">Gauthier Hein<\/a>,\u00a0le capitaine et ma\u00eetre \u00e0 jouer du club.<\/p>\n<p>\u2022 Auxerre 11\/20<img decoding=\"async\" class=\"lozad\" src=\"https:\/\/www.europesays.com\/fr\/wp-content\/uploads\/2025\/09\/Marvin-Senaya-2135654.jpg\"  alt=\"Marvin Senaya\" title=\"Marvin Senaya\"\/>Marvin Senaya \u00a9 IconSport<\/p>\n<p>C&rsquo;est un mercato pendant lequel l&rsquo;AJ Auxerre aura r\u00e9ussi \u00e0 faire parler d&rsquo;elle, principalement avec le dossier <a href=\"https:\/\/rmcsport.bfmtv.com\/football\/transferts\/ce-n-etait-pas-des-hommes-leca-regle-ses-comptes-avec-les-dirigeants-d-auxerre-apres-l-echec-du-dossier-sinayoko-a-lens_AV-202509020805.html\" title=\"&quot;Ce n\u2019\u00e9tait pas des hommes&quot;: Leca r\u00e8gle ses comptes avec les dirigeants d&#039;Auxerre apr\u00e8s l\u2019\u00e9chec du dossier Sinayoko \u00e0 Lens\" class=\"internal_link\" rel=\"nofollow noopener\" target=\"_blank\">Lassine Sinayoko<\/a>. Annonc\u00e9 en partance pour Lens, l&rsquo;attaquant est finalement rest\u00e9 dans l&rsquo;Yonne au terme d&rsquo;intenses n\u00e9gociations. Un \u00ab\u00a0non-mouvement\u00a0\u00bb \u00e0 ranger au rayon des victoires.<\/p>\n<p>En coulisses, la direction sportive s&rsquo;est montr\u00e9e quand m\u00eame tr\u00e8s active dans le sens des d\u00e9parts. Paul Joly, Florian Ay\u00e9, Jubal ou encore Ga\u00ebtan Perrin sont partis. Pour se renforcer, l\u2019AJA s\u2019est montr\u00e9e assez discr\u00e8te avec les signatures de Josu\u00e9 Casimir (Le Havre), Francisco Sierralta (Watford) mais aussi Marvin Senaya (Strasbourg).<\/p>\n<p>\u2022 Brest 11\/20<img decoding=\"async\" class=\"lozad\" src=\"https:\/\/www.europesays.com\/fr\/wp-content\/uploads\/2025\/09\/Joris-Chotard-2135653.jpg\"  alt=\"Joris Chotard\" title=\"Joris Chotard\"\/>Joris Chotard \u00a9 IconSport<\/p>\n<p>\u00c0 24 heures de la fin du mercato, la note aurait sans doute \u00e9t\u00e9 mauvaise. Oubli\u00e9e la Ligue des champions et ses lumi\u00e8res, Brest a retrouv\u00e9 son statut de 16e budget de Ligue 1. Le Stade Brestois a perdu de nombreux joueurs cet \u00e9t\u00e9 et notamment ses cadres Marco Bizot, <a href=\"https:\/\/rmcsport.bfmtv.com\/football\/transferts\/mercato-accord-entre-rennes-et-brest-pour-mahdi-camara_AV-202508130417.html\" title=\"Mercato: accord entre Rennes et Brest pour Mahdi Camara\" class=\"internal_link\" rel=\"nofollow noopener\" target=\"_blank\">Mahdi Camara <\/a>et Pierre Lees Melou. Durant tous le mois d&rsquo;ao\u00fbt, \u00c9ric Roy a d\u00fb composer avec une \u00e9quipe type int\u00e9ressante mais sans aucune profondeur de banc ne cachant pas ses interrogations.<\/p>\n<p>Mais comme chaque ann\u00e9e, le \u00ab\u00a0Lorenzi time\u00a0\u00bb a frapp\u00e9. Apr\u00e8s Joris Chotard le 23 ao\u00fbt, ce ne sont pas moins de quatre renforts qui ont d\u00e9barqu\u00e9 dans le Finist\u00e8re l&rsquo;avant-dernier et le dernier jours du march\u00e9. Une sp\u00e9cialit\u00e9 locale du directeur sportif brestois qui a notamment r\u00e9ussi \u00e0 convaincre Lucas Tousard de revenir en Ligue 1. Dina Ebimbe, Labeau Lascary et le jeune ailier gauche prometteur Path\u00e9 Mboup compl\u00e8te le tableau et donnent plus de s\u00e9r\u00e9nit\u00e9 \u00e0 l&rsquo;entraineur. Le mercato brestois n&rsquo;est malgr\u00e9 tout pas termin\u00e9. Le club cherche encore un d\u00e9fenseur central parmi les joueurs libres ou en joker.<\/p>\n<p>\u2022 Le Havre 11\/20<img decoding=\"async\" class=\"lozad\" src=\"https:\/\/www.europesays.com\/fr\/wp-content\/uploads\/2025\/09\/Thomas-Delaine-2135651.jpg\"  alt=\"Thomas Delaine\" title=\"Thomas Delaine\"\/>Thomas Delaine \u00a9 IconSport<\/p>\n<p>Onze recrues \u00e0 z\u00e9ro euro! <a href=\"https:\/\/rmcsport.bfmtv.com\/football\/ligue-1\/ligue-1-le-havre-passe-officiellement-sous-pavillon-americain_AV-202507020688.html\" title=\"Ligue 1: Le Havre passe officiellement sous pavillon am\u00e9ricain\" class=\"internal_link\" rel=\"nofollow noopener\" target=\"_blank\">Le Havre<\/a> a beaucoup modifi\u00e9 son effectif pendant l\u2019\u00e9t\u00e9 et cela ne lui a rien co\u00fbt\u00e9 en indemnit\u00e9 de transfert avec neuf joueurs arriv\u00e9s libres et deux pr\u00eats. Un march\u00e9 d\u2019opportunit\u00e9s dict\u00e9 par \u00ab\u00a0l\u2019encadrement de la masse salariale et des indemnit\u00e9s de mutations \u00e0 la suite du changement d&rsquo;actionnaire majoritaire du club\u00a0\u00bb impos\u00e9 par la DNCG.<\/p>\n<p>Le club doyen a donc d\u00e9graiss\u00e9 dans les grandes largeurs avec 20 d\u00e9parts (mais un seul payant, celui d\u2019Aliou Thiar\u00e9 contre un million d\u2019euros), en partie combl\u00e9s par le recrutement de joueurs bien connus du championnat de France (Mory Diaw, Thomas Delaine, Reda Khadra). Ils auront pour seule mission de maintenir le club en Ligue 1.<\/p>\n<p>\u2022 Nice 9\/20<img decoding=\"async\" class=\"lozad\" src=\"https:\/\/www.europesays.com\/fr\/wp-content\/uploads\/2025\/09\/Kevin-Carlos-lors-de-Nice-Auxerre-le-23-aout-2025-2135492.jpg\"  alt=\"K\u00e9vin Carlos lors de Nice-Auxerre, le 23 ao\u00fbt 2025.\" title=\"K\u00e9vin Carlos lors de Nice-Auxerre, le 23 ao\u00fbt 2025.\"\/>K\u00e9vin Carlos lors de Nice-Auxerre, le 23 ao\u00fbt 2025. \u00a9 Icon<\/p>\n<p>Nice a donn\u00e9 l\u2019impression de subir les \u00e9v\u00e9nements cet \u00e9t\u00e9 dans son mercato. Car oui, le Gym a tr\u00e8s bien vendu (environ 75 millions d&rsquo;euros pour 30 r\u00e9investis), mais il a eu du mal \u00e0 compenser ses pertes. La balance financi\u00e8re est positive, mais le chantier sportif est important pour Franck Haise, avec des recrues qui ont besoin de temps pour s\u2019acclimater.<\/p>\n<p>Certains dossiers (K\u00f6nigsd\u00f6rffer, Mahdi Camara, Sinayoko) ne se sont pas finalis\u00e9s pour diverses raisons. Un manque de clart\u00e9 et d\u2019anticipation qui a entra\u00een\u00e9 d\u00e9but ao\u00fbt <a href=\"https:\/\/rmcsport.bfmtv.com\/football\/ligue-des-champions\/benfica-nice-pas-les-armes-pour-jouer-la-ligue-des-champions-le-constat-sans-appel-de-franck-haise_AV-202508120539.html\" title=\"Benfica-Nice: &quot;Pas les armes pour jouer la Ligue des champions&quot;, le constat sans appel de Franck Haise\" class=\"internal_link\" rel=\"nofollow noopener\" target=\"_blank\">une d\u00e9b\u00e2cle<\/a> face au Benfica Lisbonne (0-2, 2-0) en tour pr\u00e9liminaire de Ligue des champions.<\/p>\n<p>\u2022 Toulouse 9\/20<\/p>\n<p>Un mercato de paris. D\u2019abord concentr\u00e9 sur les ventes, Toulouse s\u2019est rabattu sur des joueurs encore m\u00e9connus, jeunes et bon march\u00e9. Cinq recrues sont arriv\u00e9es pour un investissement total de onze millions d\u2019euros: le Br\u00e9silien Emersonn (21 ans) et les Argentins Santiago Hidalgo (20 ans) et Juan Vignolo (18 ans) en attaque, mais aussi le Ghan\u00e9en Abu Francis (24 ans) et le Slovaque Mario Sauer (21 ans) au milieu. Carles Martinez Novell s\u2019appuiera sur les joueurs du centre de formation pour renforcer un effectif d\u00e9lest\u00e9 de 14 \u00e9l\u00e9ments cet \u00e9t\u00e9. Le taulier <a href=\"https:\/\/rmcsport.bfmtv.com\/football\/transferts\/mercato-le-toulousain-aboukhlal-proche-du-torino_AV-202507260216.html\" title=\"Mercato: le Toulousain Aboukhlal proche du Torino\" class=\"internal_link\" rel=\"nofollow noopener\" target=\"_blank\">Zakaria Aboukhlal<\/a> (25 ans) s\u2019est envol\u00e9 pour l\u2019Italie alors que le tr\u00e8s prometteur d\u00e9fenseur fran\u00e7ais Jaydee Canvot (19 ans) a fil\u00e9 \u00e0 Crystal Palace contre pr\u00e8s de 25 millions d\u2019euros. Une bouff\u00e9e d\u2019oxyg\u00e8ne pour les finances mais une grosse perte sportive. Le club a toutefois r\u00e9sist\u00e9 \u00e0 d\u2019autres approches de Premier League pour son jeune Alexis Vossah (17 ans).<\/p>\n<p>\u2022 Lorient 8\/20<img decoding=\"async\" class=\"lozad\" src=\"https:\/\/www.europesays.com\/fr\/wp-content\/uploads\/2025\/09\/Dermane-Karim-2135645.jpg\"  alt=\"Dermane Karim\" title=\"Dermane Karim\"\/>Dermane Karim \u00a9 Iconsport<\/p>\n<p>Pour sa remont\u00e9e imm\u00e9diate en Ligue 1 un an apr\u00e8s l&rsquo;avoir quitt\u00e9e, <a href=\"https:\/\/rmcsport.bfmtv.com\/football\/ligue-1\/ligue-1-brest-rennes-nantes-angers-lorient-comment-les-clubs-de-l-ouest-tentent-de-passer-la-crise-financiere_AV-202506170244.html\" title=\"Ligue 1: Brest, Rennes, Nantes, Angers, Lorient... comment les clubs de l&#039;Ouest tentent de passer la crise financi\u00e8re?\" class=\"internal_link\" rel=\"nofollow noopener\" target=\"_blank\">Lorient<\/a> s&rsquo;attend \u00e0 souffrir. Les Morbihannais avaient besoin de se renforcer sur toutes les lignes sur ce mercato mais avec une surface financi\u00e8re limit\u00e9e. Ils ont donc \u00e9t\u00e9 piocher en Ligue 2, avec le gardien Bingourou Kamara (Pau), le milieu Noah Cadiou (Rodez) ou le piston gauche Kouassi (Ajaccio), misant aussi sur des jeunes prometteurs \u00e0 l&rsquo;\u00e9tranger mais sans exp\u00e9rience comme le milieu Dermane Karim (21 ans, pr\u00eat\u00e9 par Lommel en Belgique) ou le d\u00e9fenseur central Abdoulaye Faye (20 ans, pr\u00eat\u00e9 par Leverkusen).<\/p>\n<p>En revanche, aucune recrue offensive n&rsquo;est arriv\u00e9e. A la recherche d&rsquo;un gardien num\u00e9ro 1 depuis le d\u00e9part de Mvogo, les dirigeants ont aussi rappel\u00e9 le dernier jour du mercato un certain&#8230; Yvon Mvogo qui avait refus\u00e9 au d\u00e9part de prolonger mais n&rsquo;avait pas trouv\u00e9 depuis de nouveau club. M\u00eame recyclage avec le pr\u00eat de Bamo Meit\u00e9 par Marseille le d\u00e9fenseur central form\u00e9 au FC Lorient et vendu \u00e0 l&rsquo;OM il y a deux saisons. Les dirigeants savaient que la t\u00e2che allait \u00eatre difficile. Olivier Pantaloni aussi. Les Merlus devront faire avec.<\/p>\n<p>\u2022 Angers 7\/20<img decoding=\"async\" class=\"lozad\" src=\"https:\/\/www.europesays.com\/fr\/wp-content\/uploads\/2025\/09\/Lilian-Raolisoa-2135646.jpg\"  alt=\"Lilian Raolisoa\" title=\"Lilian Raolisoa\"\/>Lilian Raolisoa \u00a9 IconSport<\/p>\n<p>Le SCO connaissait la r\u00e8gle d\u00e8s la mi-juin, avec <a href=\"https:\/\/rmcsport.bfmtv.com\/football\/ligue-1\/vente-de-lepaul-labeau-lascary-pas-homologue-pression-de-la-dncg-la-mise-au-point-d-angers-sur-la-situation-economique-du-club_AV-202508300286.html\" title=\"Vente de Lepaul, Labeau-Lascary pas homologu\u00e9, pression de la DNCG: la mise au point d&#039;Angers sur la situation \u00e9conomique du club\" class=\"internal_link\" rel=\"nofollow noopener\" target=\"_blank\">un encadrement de la masse salariale<\/a> par la DNCG d\u00e9j\u00e0 annonc\u00e9e \u00e0 la baisse par le club de 25 \u00e0 14 millions d&rsquo;euros et des arriv\u00e9es conditionn\u00e9es au d\u00e9part. Himad Abdelli, qui poss\u00e9dait un bon de sortie, n\u2019a pas trouv\u00e9 de point de chute et Yahia Fofana, l\u2019autre joueur annonc\u00e9 partant, n\u2019a fait ses valises que ces derniers jours pour la Turquie permettant seulement au SCO d\u2019\u00e9conomiser son salaire et d\u2019esp\u00e9rer toucher 50% sur une revente \u00e9ventuelle.<\/p>\n<p>Le d\u00e9part d\u2019<a href=\"https:\/\/rmcsport.bfmtv.com\/football\/ligue-1\/angers-rennes-le-terrible-but-de-lepaul-contre-le-sco-trois-jours-apres-son-transfert-en-bretagne_AV-202508310252.html\" title=\"Angers-Rennes: le terrible but de Lepaul contre le SCO, trois jours apr\u00e8s son transfert en Bretagne\" class=\"internal_link\" rel=\"nofollow noopener\" target=\"_blank\">Esteban Lepaul<\/a> en toute fin de mercato (15 millions d\u2019euros \u00e0 Rennes) n\u2019aura pas permis aux Angevins, surveill\u00e9s par le gendarme financier, de recruter comme le club l\u2019envisageait Labeau-Lascary, Mouni\u00e9 ou Abdullahi. Dans cette situation, le SCO sort affaibli du mercato estival en esp\u00e9rant encore quelques ventes dans les pays o\u00f9 le march\u00e9 est encore ouvert pour quelques jours. Il devra surtout compter sur ses jeunes pour esp\u00e9rer \u00e9viter la descente en fin de saison.<\/p>\n<p>La cellule football de RMC Sport<\/p>\n","protected":false},"excerpt":{"rendered":"Apr\u00e8s une fin de mercato br\u00fblante et une tr\u00eave internationale pour la dig\u00e9rer, la Ligue 1 reprend ses&hellip;\n","protected":false},"author":2,"featured_media":382609,"comment_status":"","ping_status":"","sticky":false,"template":"","format":"standard","meta":{"footnotes":""},"categories":[2820],"tags":[1111,11,1777,674,1011,27,775,12,25,640],"class_list":{"0":"post-382608","1":"post","2":"type-post","3":"status-publish","4":"format-standard","5":"has-post-thumbnail","7":"category-strasbourg","8":"tag-actu","9":"tag-actualites","10":"tag-eu","11":"tag-europe","12":"tag-fr","13":"tag-france","14":"tag-grand-est","15":"tag-news","16":"tag-republique-francaise","17":"tag-strasbourg"},"share_on_mastodon":{"url":"https:\/\/pubeurope.com\/@fr\/115185362318316309","error":""},"_links":{"self":[{"href":"https:\/\/www.europesays.com\/fr\/wp-json\/wp\/v2\/posts\/382608","targetHints":{"allow":["GET"]}}],"collection":[{"href":"https:\/\/www.europesays.com\/fr\/wp-json\/wp\/v2\/posts"}],"about":[{"href":"https:\/\/www.europesays.com\/fr\/wp-json\/wp\/v2\/types\/post"}],"author":[{"embeddable":true,"href":"https:\/\/www.europesays.com\/fr\/wp-json\/wp\/v2\/users\/2"}],"replies":[{"embeddable":true,"href":"https:\/\/www.europesays.com\/fr\/wp-json\/wp\/v2\/comments?post=382608"}],"version-history":[{"count":0,"href":"https:\/\/www.europesays.com\/fr\/wp-json\/wp\/v2\/posts\/382608\/revisions"}],"wp:featuredmedia":[{"embeddable":true,"href":"https:\/\/www.europesays.com\/fr\/wp-json\/wp\/v2\/media\/382609"}],"wp:attachment":[{"href":"https:\/\/www.europesays.com\/fr\/wp-json\/wp\/v2\/media?parent=382608"}],"wp:term":[{"taxonomy":"category","embeddable":true,"href":"https:\/\/www.europesays.com\/fr\/wp-json\/wp\/v2\/categories?post=382608"},{"taxonomy":"post_tag","embeddable":true,"href":"https:\/\/www.europesays.com\/fr\/wp-json\/wp\/v2\/tags?post=382608"}],"curies":[{"name":"wp","href":"https:\/\/api.w.org\/{rel}","templated":true}]}}