{"id":382610,"date":"2025-09-11T11:11:08","date_gmt":"2025-09-11T11:11:08","guid":{"rendered":"https:\/\/www.europesays.com\/fr\/382610\/"},"modified":"2025-09-11T11:11:08","modified_gmt":"2025-09-11T11:11:08","slug":"le-nombre-de-cas-de-chikungunya-explose-et-inquiete-dans-cette-commune","status":"publish","type":"post","link":"https:\/\/www.europesays.com\/fr\/382610\/","title":{"rendered":"le nombre de cas de chikungunya explose et inqui\u00e8te dans cette commune"},"content":{"rendered":"<p>            Par<br \/>\n        <strong><br \/>\n            <a href=\"https:\/\/actu.fr\/auteur\/ugo-maillard\" title=\"Consulter tous les articles de Ugo Maillard\" rel=\"nofollow noopener\" target=\"_blank\">Ugo Maillard<\/a><br \/>\n        <\/strong><\/p>\n<p>        Publi\u00e9 le<\/p>\n<p>            11 sept. 2025 \u00e0 11h36        <\/p>\n<p>\u00c0 l\u2019occasion d\u2019un bilan hebdomadaire publi\u00e9 le mercredi 10 septembre 2025, l\u2019Agence r\u00e9gionale de sant\u00e9 en <a href=\"https:\/\/actu.fr\/provence-alpes-cote-d-azur\/\" rel=\"nofollow noopener\" target=\"_blank\">Provence-Alpes-C\u00f4te-d\u2019Azur<\/a> a fait un point de situation sur les cas autochtones de chikungunya par d\u00e9partements.\u00a0<\/p>\n<p class=\" wall-content\">Dans les <a href=\"https:\/\/actu.fr\/provence-alpes-cote-d-azur\/alpes-maritimes_06\" rel=\"nofollow noopener\" target=\"_blank\">Alpes-Maritimes<\/a>, <strong>79 cas<\/strong> ont \u00e9t\u00e9 recens\u00e9s. Un volume tr\u00e8s important en comparaison avec le Var ou les <a href=\"https:\/\/actu.fr\/provence-alpes-cote-d-azur\/bouches-du-rhone_13\" rel=\"nofollow noopener\" target=\"_blank\">Bouches-du-Rh\u00f4ne<\/a> qui s\u2019explique par l\u2019explosion du nombre de cas de chikungunya dans une seule commune : <a href=\"https:\/\/actu.fr\/provence-alpes-cote-d-azur\/antibes_06004\" rel=\"nofollow noopener\" target=\"_blank\">Antibes<\/a>.<\/p>\n<p>71 cas sur la commune<\/p>\n<p class=\" wall-content\">Lors du <a href=\"https:\/\/actu.fr\/provence-alpes-cote-d-azur\/antibes_06004\/pres-de-nice-des-dizaines-de-cas-de-chikungunya-detectes-dans-cette-commune_63124132.html\" rel=\"nofollow noopener\" target=\"_blank\">bilan de la semaine derni\u00e8re<\/a>, l\u2019ARS d\u00e9nombrait <strong>38 cas \u00e0 Antibes<\/strong>. En l\u2019espace de sept jours, le nombre explose et atteint d\u00e9sormais 71 cas autochtone de chikungunya sur la commune maralpine.<\/p>\n<p class=\" wall-content\">Le d\u00e9tail des autres cas du d\u00e9partement :<\/p>\n<ul class=\" wall-content\">\n<li>Nice : 2 cas autochtones<\/li>\n<li>Auribeau-sur-Siagne : 1 cas autochtone<\/li>\n<li>Cagnes-sur-Mer : 5 cas autochtones<\/li>\n<\/ul>\n<p>Consulter un m\u00e9decin en cas de sympt\u00f4mes<\/p>\n<p>Consulter imm\u00e9diatement son m\u00e9decin traitant en pr\u00e9sence de sympt\u00f4mes \u00e9vocateurs (et notamment au retour de voyage de zone o\u00f9 circule les virus) : forte fi\u00e8vre, douleurs articulaires ou musculaires, fatigue, maux de t\u00eate, \u00e9ruption cutan\u00e9e.<\/p>\n<p>Dans ce cas, la protection contre les piq\u00fbres de moustiques est primordiale. Un malade peut transmettre le virus aux moustiques jusqu\u2019au 7\u00e8me jours apr\u00e8s le d\u00e9but des sympt\u00f4mes (m\u00eame en cas de disparition de ceux-ci).<\/p>\n<p>Des op\u00e9rations de d\u00e9moustication en cours<\/p>\n<p class=\" wall-content\">Interrog\u00e9 par nos confr\u00e8res de <a href=\"https:\/\/www.nicematin.com\/sante\/le-foyer-le-plus-important-jamais-vu-un-nombre-record-de-cas-autochones-de-chikungunya-dans-le-departement-1001217?t=1757581203\" rel=\"nofollow noopener\" target=\"_blank\">Nice Matin<\/a>, Fabrice Dassonville, responsable du d\u00e9partement Sant\u00e9 environnementale et gestion de crise pour les Alpes-Maritimes \u00e0 l\u2019ARS explique que les cons\u00e9quences sur la sant\u00e9 des patients sont relatives, mais maintient son alerte quant \u00e0 sa diffusion : \u00ab\u00a0C\u2019est une maladie \u00e0 prendre au s\u00e9rieux. [\u2026] \u00a0Le vrai risque, l\u00e0, c\u2019est surtout la propagation et l\u2019\u00e9pid\u00e9mie\u00a0\u00bb.<\/p>\n<p>Votre r\u00e9gion, votre actu !<\/p>\n<p>Recevez chaque jour les infos qui comptent pour vous.<\/p>\n<p>\t<a href=\"https:\/\/actu.fr\/newsletter\" class=\"ac-btn ac-btn--corner ac-btn--medium ac-btn--blue800\" rel=\"nofollow noopener\" target=\"_blank\">S&rsquo;incrire<\/a><\/p>\n<p class=\" wall-content\">\u00c0 noter que des<strong> op\u00e9rations de d\u00e9moustication<\/strong> sont men\u00e9es sur Antibes.<\/p>\n<p class=\" wall-content\">Personnalisez votre actualit\u00e9 en ajoutant vos villes et m\u00e9dias en favori avec <a href=\"https:\/\/moncompte.actu.fr\" title=\"D\u00e9couvez Mon Actu\" rel=\"nofollow noopener\" data-trk=\"{&quot;cta&quot;:{&quot;action&quot;:&quot;https:\\\/\\\/moncompte.actu.fr&quot;,&quot;category&quot;:&quot;mon compte&quot;,&quot;from&quot;:&quot;article footer&quot;,&quot;name&quot;:&quot;Mon actu&quot;,&quot;type&quot;:&quot;cta&quot;}}\" target=\"_blank\">Mon Actu<\/a>.<\/p>\n","protected":false},"excerpt":{"rendered":"Par Ugo Maillard Publi\u00e9 le 11 sept. 2025 \u00e0 11h36 \u00c0 l\u2019occasion d\u2019un bilan hebdomadaire publi\u00e9 le mercredi&hellip;\n","protected":false},"author":2,"featured_media":304269,"comment_status":"","ping_status":"","sticky":false,"template":"","format":"standard","meta":{"footnotes":""},"categories":[2819],"tags":[1111,11,1777,674,1011,27,12,2401,882,25,71,104],"class_list":{"0":"post-382610","1":"post","2":"type-post","3":"status-publish","4":"format-standard","5":"has-post-thumbnail","7":"category-nice","8":"tag-actu","9":"tag-actualites","10":"tag-eu","11":"tag-europe","12":"tag-fr","13":"tag-france","14":"tag-news","15":"tag-nice","16":"tag-provence-alpes-cote-dazur","17":"tag-republique-francaise","18":"tag-sante","19":"tag-societe"},"share_on_mastodon":{"url":"","error":""},"_links":{"self":[{"href":"https:\/\/www.europesays.com\/fr\/wp-json\/wp\/v2\/posts\/382610","targetHints":{"allow":["GET"]}}],"collection":[{"href":"https:\/\/www.europesays.com\/fr\/wp-json\/wp\/v2\/posts"}],"about":[{"href":"https:\/\/www.europesays.com\/fr\/wp-json\/wp\/v2\/types\/post"}],"author":[{"embeddable":true,"href":"https:\/\/www.europesays.com\/fr\/wp-json\/wp\/v2\/users\/2"}],"replies":[{"embeddable":true,"href":"https:\/\/www.europesays.com\/fr\/wp-json\/wp\/v2\/comments?post=382610"}],"version-history":[{"count":0,"href":"https:\/\/www.europesays.com\/fr\/wp-json\/wp\/v2\/posts\/382610\/revisions"}],"wp:featuredmedia":[{"embeddable":true,"href":"https:\/\/www.europesays.com\/fr\/wp-json\/wp\/v2\/media\/304269"}],"wp:attachment":[{"href":"https:\/\/www.europesays.com\/fr\/wp-json\/wp\/v2\/media?parent=382610"}],"wp:term":[{"taxonomy":"category","embeddable":true,"href":"https:\/\/www.europesays.com\/fr\/wp-json\/wp\/v2\/categories?post=382610"},{"taxonomy":"post_tag","embeddable":true,"href":"https:\/\/www.europesays.com\/fr\/wp-json\/wp\/v2\/tags?post=382610"}],"curies":[{"name":"wp","href":"https:\/\/api.w.org\/{rel}","templated":true}]}}