{"id":382615,"date":"2025-09-11T11:14:20","date_gmt":"2025-09-11T11:14:20","guid":{"rendered":"https:\/\/www.europesays.com\/fr\/382615\/"},"modified":"2025-09-11T11:14:20","modified_gmt":"2025-09-11T11:14:20","slug":"3-marques-insolites-made-in-nantes-a-suivre-de-tres-pres-big-city-nantes","status":"publish","type":"post","link":"https:\/\/www.europesays.com\/fr\/382615\/","title":{"rendered":"3 marques insolites made in Nantes \u00e0 suivre de tr\u00e8s pr\u00e8s ! \u2013 Big City Nantes"},"content":{"rendered":"<p><img fetchpriority=\"high\" width=\"527\" height=\"264\" src=\"https:\/\/www.europesays.com\/fr\/wp-content\/uploads\/2025\/09\/3-marques-insolites-made-in-Nantes-salon-les-Incontournables-2025-527x264.png\" class=\"attachment-csco-thumbnail-uncropped size-csco-thumbnail-uncropped wp-post-image\" alt=\"3 marques insolites made in Nantes, salon les Incontournables 2025\" decoding=\"async\"  \/>\t<img loading=\"lazy\" width=\"1044\" height=\"522\" src=\"https:\/\/www.europesays.com\/fr\/wp-content\/uploads\/2025\/09\/3-marques-insolites-made-in-Nantes-salon-les-Incontournables-2025-1044x522.png\" class=\"attachment-csco-large-uncropped size-csco-large-uncropped wp-post-image\" alt=\"3 marques insolites made in Nantes, salon les Incontournables 2025\" decoding=\"async\"  \/>\t<\/p>\n<p>\n3 marques insolites made in Nantes, salon les Incontournables 2025\t<\/p>\n<p><strong>Nantes n\u2019en finit pas de faire \u00e9merger des marques originales, engag\u00e9es et cr\u00e9atives.<\/strong> Parce que oui, \u00e0 Nantes et aux alentours, on ne manque pas de talents ! Et devine quoi ? Tu peux les d\u00e9couvrir lors du salon Les Incontournables <strong>les 27 et 28 septembre <\/strong>\u00e0 Nantes. Voici nos trois coups de c\u0153ur 100% insolite et made in Nantes \u00e0 d\u00e9couvrir absolument pendant l\u2019\u00e9v\u00e9nement. Big City t\u2019explique tout \ud83d\ude09<\/p>\n<p>Les Incontournables : 50 marques cr\u00e9atives dans ce salon les 27 et 28 septembre \u00e0 Nantes<\/p>\n<p><strong>Les 27 et 28 septembre 2025<\/strong>, retrouve une cinquantaine de marques cr\u00e9atives lors du salon Les Incontournables au LAB ! Et pour t\u2019aider un petit peu, on t\u2019a s\u00e9lectionn\u00e9 <strong>3 marques insolites<\/strong> \u00e0 suivre de tr\u00e8s pr\u00e8s \u2935\ufe0f<\/p>\n<p>La plaque v\u00e9lo s\u00e9curitaire et fun de V-LOPLAK<br \/>\n<img loading=\"lazy\" decoding=\"async\" width=\"1160\" height=\"580\" src=\"https:\/\/www.europesays.com\/fr\/wp-content\/uploads\/2025\/09\/V-LOPLAK-marque-creative-Le-Nid-a-Tendances-Nantes-1160x580.png\" alt=\"V-LOPLAK, marque cre\u0301ative Le Nid a\u0300 Tendances Nantes\" class=\"wp-image-120139\"  \/>\u00a9 V-LOPLAK Emmanuelle et Catherine<\/p>\n<p>Pour commencer, la marque<strong> V-LOPLAK<\/strong>, install\u00e9e \u00e0 Saint-Herblain, a un objectif simple : rendre le v\u00e9lo le plus visible possible. <\/p>\n<p><a href=\"https:\/\/www.bigcitynantes.fr\/contact\/\" title=\"Publicit\u00e9\" target=\"_blank\" rel=\"noopener\"><br \/>\n<img decoding=\"async\" alt=\"Publicit\u00e9\" src=\"https:\/\/www.europesays.com\/fr\/wp-content\/uploads\/2025\/09\/ADS.webp.webp\" \/><br \/>\n<\/a><\/p>\n<p>\nPublicit\u00e9\n<\/p>\n<\/p>\n<p>Le concept ? <strong>De petites plaques en aluminium \u00e0 fixer sous la selle ou sur le porte-bagage, avec des messages un peu fun.<\/strong> Le tout dans des couleurs flashy ou r\u00e9tro-r\u00e9fl\u00e9chissantes, pour une s\u00e9curit\u00e9 maximale, de jour comme de nuit. <\/p>\n<p>Au-del\u00e0 du style, le projet est porteur de valeurs qu\u2019on adore : les plaques sont fabriqu\u00e9es en France, conditionn\u00e9es par un ESAT local, et livr\u00e9es dans des pochons en coton ou des colis r\u00e9utilisables Hipli. Une marque responsable, astucieuse et qui donne franchement envie de rouler avec le smile<\/p>\n<p>Le CBD \u00e9co-responsable made in Nantes par Le Potageant<br \/>\n<img loading=\"lazy\" decoding=\"async\" width=\"1160\" height=\"580\" src=\"https:\/\/www.europesays.com\/fr\/wp-content\/uploads\/2025\/09\/Photos-a-la-une-site-Big-City-1-1-1160x580.png\" alt=\"Le Potageant\" class=\"wp-image-120247\"  \/>\u00a9 Le Potageant \u2014 Le Potageant<\/p>\n<p>Dans notre s\u00e9lection de marques locales \u00e0 suivre de tr\u00e8s pr\u00e8s, <strong>Le Potageant <\/strong>s\u2019est \u00e9galement impos\u00e9 comme une \u00e9vidence. Parce que derri\u00e8re ces produits bien-\u00eatre, il y a deux mara\u00eechers passionn\u00e9s, une micro-ferme engag\u00e9e, et surtout <strong>du chanvre CBD made in Nantes. <\/strong><\/p>\n<p>Install\u00e9s \u00e0 l\u2019est de la Loire-Atlantique, Baptiste et Michael ont fond\u00e9 leur ferme en 2021 avec une volont\u00e9 claire : pratiquer une agriculture biologique, sans intrants chimiques, sur un sol vivant qu\u2019ils cultivent \u00e0 la main. Leur sp\u00e9cialit\u00e9 ? Un chanvre cultiv\u00e9 de fa\u00e7on \u00e9thique et transform\u00e9 sur place en infusions, huiles, baumes, r\u00e9sines et gourmandises.<\/p>\n<p>Les bijoux en vaisselle ancienne d\u2019Ana\u00eblle Blayo<br \/>\n<img loading=\"lazy\" decoding=\"async\" width=\"1160\" height=\"580\" src=\"https:\/\/www.europesays.com\/fr\/wp-content\/uploads\/2025\/09\/Photos-a-la-une-site-Big-City-1160x580.png\" alt=\"Anae\u0308lle Blayo, marque cre\u0301ative Le Nid a\u0300 Tendances Nantes\" class=\"wp-image-120243\"  \/>\u00a9 Anaelle Blayo \u2014 Anae\u0308lle Blayo, marque cre\u0301ative Le Nid a\u0300 Tendances Nantes<\/p>\n<p><strong>Et si un bout d\u2019assiette pouvait devenir bijou ?<\/strong> C\u2019est le pari d\u2019Ana\u00eblle Blayo et autant te dire qu\u2019on ne pouvait pas passer \u00e0 c\u00f4t\u00e9. M\u00eame si elle n\u2019est pas 100 % nantaise, son univers m\u00e9ritait clairement le d\u00e9tour.<br \/>\u00c0 une petite heure de route, <strong>Ana\u00eblle Blayo<\/strong>, avec qui, la porcelaine oubli\u00e9e dans tes tiroirs reprend vie sous une forme aussi inattendue que po\u00e9tique.<\/p>\n<p>Designer et artisane install\u00e9e pr\u00e8s de Nantes, <strong>Ana\u00eblle transforme de la vaisselle ancienne <\/strong>chin\u00e9e en ressourcerie, <strong>en bijoux contemporains.<\/strong> Chaque pi\u00e8ce (boucle d\u2019oreille, pendentif, broche\u2026) devient alors unique. La c\u00e9ramique est d\u00e9coup\u00e9e, ponc\u00e9e, peinte \u00e0 la main avec des pigments professionnels, puis cuite \u00e0 haute temp\u00e9rature. Le r\u00e9sultat : des compositions subtiles, entre formes abstraites et palettes d\u00e9licates, qui donnent une seconde vie aux objets du quotidien en les sublimant. Un stand o\u00f9 tu risques, toi aussi, de craquer\u2026<\/p>\n<p>Et toutes ces marques, tu les retrouveras au <strong>Salon des marques cr\u00e9atives Les Incontournables les samedi 27 et dimanche 28 septembre 2025 au LAB ! <\/strong><\/p>\n<p>Et toi, laquelle te fera craquer ?<\/p>\n","protected":false},"excerpt":{"rendered":"3 marques insolites made in Nantes, salon les Incontournables 2025 Nantes n\u2019en finit pas de faire \u00e9merger des&hellip;\n","protected":false},"author":2,"featured_media":382616,"comment_status":"","ping_status":"","sticky":false,"template":"","format":"standard","meta":{"footnotes":""},"categories":[2818],"tags":[1111,11,48554,1777,674,1011,27,766,12,2636,25],"class_list":{"0":"post-382615","1":"post","2":"type-post","3":"status-publish","4":"format-standard","5":"has-post-thumbnail","7":"category-nantes","8":"tag-actu","9":"tag-actualites","10":"tag-carrousel","11":"tag-eu","12":"tag-europe","13":"tag-fr","14":"tag-france","15":"tag-nantes","16":"tag-news","17":"tag-pays-de-la-loire","18":"tag-republique-francaise"},"share_on_mastodon":{"url":"https:\/\/pubeurope.com\/@fr\/115185377249498588","error":""},"_links":{"self":[{"href":"https:\/\/www.europesays.com\/fr\/wp-json\/wp\/v2\/posts\/382615","targetHints":{"allow":["GET"]}}],"collection":[{"href":"https:\/\/www.europesays.com\/fr\/wp-json\/wp\/v2\/posts"}],"about":[{"href":"https:\/\/www.europesays.com\/fr\/wp-json\/wp\/v2\/types\/post"}],"author":[{"embeddable":true,"href":"https:\/\/www.europesays.com\/fr\/wp-json\/wp\/v2\/users\/2"}],"replies":[{"embeddable":true,"href":"https:\/\/www.europesays.com\/fr\/wp-json\/wp\/v2\/comments?post=382615"}],"version-history":[{"count":0,"href":"https:\/\/www.europesays.com\/fr\/wp-json\/wp\/v2\/posts\/382615\/revisions"}],"wp:featuredmedia":[{"embeddable":true,"href":"https:\/\/www.europesays.com\/fr\/wp-json\/wp\/v2\/media\/382616"}],"wp:attachment":[{"href":"https:\/\/www.europesays.com\/fr\/wp-json\/wp\/v2\/media?parent=382615"}],"wp:term":[{"taxonomy":"category","embeddable":true,"href":"https:\/\/www.europesays.com\/fr\/wp-json\/wp\/v2\/categories?post=382615"},{"taxonomy":"post_tag","embeddable":true,"href":"https:\/\/www.europesays.com\/fr\/wp-json\/wp\/v2\/tags?post=382615"}],"curies":[{"name":"wp","href":"https:\/\/api.w.org\/{rel}","templated":true}]}}