{"id":382621,"date":"2025-09-11T11:17:20","date_gmt":"2025-09-11T11:17:20","guid":{"rendered":"https:\/\/www.europesays.com\/fr\/382621\/"},"modified":"2025-09-11T11:17:20","modified_gmt":"2025-09-11T11:17:20","slug":"ces-chantiers-changent-encore-le-visage-du-centre-de-toulouse","status":"publish","type":"post","link":"https:\/\/www.europesays.com\/fr\/382621\/","title":{"rendered":"ces chantiers changent encore le visage du centre de Toulouse"},"content":{"rendered":"<p>            Par<br \/>\n        <strong><br \/>\n            <a href=\"https:\/\/actu.fr\/auteur\/david-saint-sernin\" title=\"Consulter tous les articles de David Saint-Sernin\" rel=\"nofollow noopener\" target=\"_blank\">David Saint-Sernin<\/a><br \/>\n        <\/strong><\/p>\n<p>        Publi\u00e9 le<\/p>\n<p>            11 sept. 2025 \u00e0 13h02        <\/p>\n<p>Les <a href=\"https:\/\/actu.fr\/occitanie\/toulouse_31555\/des-travaux-partout-a-toulouse-quels-sont-les-chantiers-qui-seront-termines-d-ici-2026_63134555.html\" rel=\"nofollow noopener\" target=\"_blank\">travaux sont tr\u00e8s nombreux \u00e0 Toulouse<\/a> en cette rentr\u00e9e 2025. <a href=\"https:\/\/actu.fr\/occitanie\/toulouse_31555\/toulouse-ou-en-sont-les-travaux-des-stations-de-la-ligne-c-du-metro-trois-ans-avant-l-ouverture_63036146.html\" rel=\"nofollow noopener\" target=\"_blank\">Travaux du m\u00e9tro<\/a>, travaux du R\u00e9seau Express V\u00e9lo, travaux du Grand Matabiau, travaux dans les quartiers, et m\u00eame travaux dans l\u2019hypercentre. \u00c0 l\u2019int\u00e9rieur de la ceinture des boulevards, les travaux entam\u00e9s avec la rue d\u2019Alsace-Lorraine, puis poursuivis avec la transformation de plusieurs rues (rues Pargamini\u00e8res, rue des Lois, place Saint-Sernin, rue Gambetta, place de la Daurade, place Saint-Pierre) se poursuivent. C\u2019est d\u00e9sormais le secteur <a href=\"https:\/\/actu.fr\/tag\/universite-toulouse-1-capitole\" rel=\"nofollow noopener\" target=\"_blank\">de l\u2019universit\u00e9 Toulouse 1 Capitole<\/a> et le p\u00e9rim\u00e8tre entre Arnaud-Bernard et Saint-Sernin, qui sont concern\u00e9s. Les modifications sont significatives, les effets tr\u00e8s visibles. Voici comment change (encore) le centre-ville de Toulouse.<\/p>\n<p>Le parking de l\u2019universit\u00e9 Toulouse 1 Capitole supprim\u00e9<\/p>\n<p class=\" wall-content\">En cette rentr\u00e9e universitaire, ce sont les \u00e9tudiants de l\u2019universit\u00e9 Toulouse 1 Capitole qui changent d\u2019univers.<\/p>\n<p class=\" wall-content\">Le parking de 250 places qui \u00e9tait situ\u00e9 devant le b\u00e2timent principal a \u00e9t\u00e9 supprim\u00e9 et le bitume arrach\u00e9. C\u2019est d\u00e9sormais un espace en pleine terre qui fait face \u00e0 la rue des Puits-Creus\u00e9s.<\/p>\n<p class=\" wall-content\">\n    <img   decoding=\"async\" loading=\"lazy\" src=\"https:\/\/www.europesays.com\/fr\/wp-content\/uploads\/2025\/09\/20250910-133059-960x640.jpg\" alt=\"Devant le b\u00e2timent de l'universit\u00e9 Toulouse 1-Capitole, le bitume a \u00e9t\u00e9 enlev\u00e9 et l'espace remis en pleine terre.\" width=\"960\" height=\"640\"\/><br \/>\n    Devant le b\u00e2timent de l\u2019universit\u00e9 Toulouse 1-Capitole, le bitume a \u00e9t\u00e9 enlev\u00e9 et l\u2019espace remis en pleine terre. (\u00a9David Saint-Sernin\/Actu Toulouse)<br \/>\n    <img   decoding=\"async\" loading=\"lazy\" src=\"https:\/\/www.europesays.com\/fr\/wp-content\/uploads\/2025\/09\/20250910-133326-960x640.jpg\" alt=\"C'est en 2027 que l'am\u00e9nagement du jardin public de l'universit\u00e9 Toulouse 1 Capitole serait inaugur\u00e9 selon le calendrier annonc\u00e9.\" width=\"960\" height=\"640\"\/><br \/>\n    C\u2019est en 2027 que l\u2019am\u00e9nagement du jardin public de l\u2019universit\u00e9 Toulouse 1 Capitole serait inaugur\u00e9 selon le calendrier annonc\u00e9. (\u00a9David Saint-Sernin\/Actu Toulouse)<\/p>\n<p>Des am\u00e9nagements provisoires \u00e0 venir, la fin en 2027<\/p>\n<p class=\" wall-content\">Comme Actu Toulouse vous l\u2019a d\u00e9j\u00e0 expliqu\u00e9, cet espace va devenir un jardin public.<\/p>\n<p class=\" wall-content\">\u00ab\u2009Le terrain va rester en l\u2019\u00e9tat quelques mois, indique l\u2019universit\u00e9 Toulouse 1 Capitole \u00e0 Actu Toulouse. Dans le courant de l\u2019ann\u00e9e scolaire, des am\u00e9nagements provisoires seront r\u00e9alis\u00e9s pour d\u00e9limiter les zones en pleine terre ainsi que des petits passages pour les pi\u00e9tons\u2009\u00bb.<\/p>\n<p class=\" wall-content\">Le jardin public sera achev\u00e9 \u00e0 l\u2019\u00e9t\u00e9 2027.<\/p>\n<p>Le nouveau visage du quartier Arnaud-Bernard<\/p>\n<p class=\" wall-content\">\u00c0 quelques centaines de m\u00e8tres de l\u2019universit\u00e9, c\u2019est le chantier de transformation de la<strong> rue Gatien Arnoult,<\/strong> la rue qui relie le plus directement <a href=\"https:\/\/actu.fr\/occitanie\/toulouse_31555\/en-images-la-place-arnaud-bernard-a-toulouse-se-transforme-decouvrez-cette-nouvelle-installation_63022879.html\" rel=\"nofollow noopener\" target=\"_blank\">la place Arnaud Bernard<\/a> au parvis de la <strong>basilique Saint-Sernin<\/strong>, qui avance bien.<\/p>\n<p class=\" wall-content\">De la place Saint-Sernin jusqu\u2019\u00e0 l\u2019entr\u00e9e du lyc\u00e9e, l\u2019am\u00e9nagement est bien avanc\u00e9 et permet de mieux visualiser ce que cette rue, pas tr\u00e8s agr\u00e9able jusqu\u2019ici, est en train de devenir.<\/p>\n<p>Votre r\u00e9gion, votre actu !<\/p>\n<p>Recevez chaque jour les infos qui comptent pour vous.<\/p>\n<p>\t<a href=\"https:\/\/actu.fr\/newsletter\" class=\"ac-btn ac-btn--corner ac-btn--medium ac-btn--blue800\" rel=\"nofollow noopener\" target=\"_blank\">S&rsquo;incrire<\/a><\/p>\n<p class=\" wall-content\">Avec ces pav\u00e9s en porphyre qui rendent la rue moins terne, la rue Gatien Arnoult, pourrait, \u00e0 terme, devenir un lien privil\u00e9gi\u00e9 entre les places Arnaud-Bernard et Saint-Sernin.<\/p>\n<p class=\" wall-content\">\n    <img   decoding=\"async\" loading=\"lazy\" src=\"https:\/\/www.europesays.com\/fr\/wp-content\/uploads\/2025\/09\/20250910-134650-960x640.jpg\" alt=\"La rue Gatien Arnoult d\u00e9bouche sur la place Saint-Sernin. C'est \u00e0 ce niveau l\u00e0 que la transformation est la plus avanc\u00e9e.\" width=\"960\" height=\"640\"\/><br \/>\n    La rue Gatien Arnoult d\u00e9bouche sur la place Saint-Sernin. C\u2019est \u00e0 ce niveau-l\u00e0 que la transformation est la plus avanc\u00e9e. (\u00a9David Saint-Sernin\/Actu Toulouse)<br \/>\n    <img   decoding=\"async\" loading=\"lazy\" src=\"https:\/\/www.europesays.com\/fr\/wp-content\/uploads\/2025\/09\/20250910-134631-960x640.jpg\" alt=\"La future station V\u00e9l\u00f4Toulouse a \u00e9t\u00e9 install\u00e9e.\" width=\"960\" height=\"640\"\/><br \/>\n    La future station V\u00e9l\u00f4Toulouse a \u00e9t\u00e9 install\u00e9e. (\u00a9David Saint-Sernin\/Actu Toulouse)<br \/>\n    <img   decoding=\"async\" loading=\"lazy\" src=\"https:\/\/www.europesays.com\/fr\/wp-content\/uploads\/2025\/09\/20250910-134737-960x640.jpg\" alt=\"La rue suit la parc du lyc\u00e9e Saint-Sernin.\" width=\"960\" height=\"640\"\/><br \/>\n    La rue suit le parc du lyc\u00e9e Saint-Sernin. (\u00a9David Saint-Sernin\/Actu Toulouse)<br \/>\n    <img   decoding=\"async\" loading=\"lazy\" src=\"https:\/\/www.europesays.com\/fr\/wp-content\/uploads\/2025\/09\/20250910-135412-960x640.jpg\" alt=\"Le nouvel am\u00e9nagement devant le lyc\u00e9e Saint-Sernin.\" width=\"960\" height=\"640\"\/><br \/>\n    Le nouvel am\u00e9nagement devant le lyc\u00e9e Saint-Sernin. (\u00a9David Saint-Sernin\/Actu Toulouse)<\/p>\n<p>Placette transform\u00e9e<\/p>\n<p class=\" wall-content\">Dans la continuit\u00e9 de la rue Gatien Arnoult, c\u2019est une placette, qui fait le lien avec la rue des trois piliers, qui est en cours de transformation.<\/p>\n<p>    <img   decoding=\"async\" loading=\"lazy\" src=\"https:\/\/www.europesays.com\/fr\/wp-content\/uploads\/2025\/09\/20250910-135543-960x640.jpg\" alt=\"La placette situ\u00e9e entre la rue des Trois-Piliers et la rue Gatien Arnoult est en cours de transformation. Elle sera arbor\u00e9e \u00e0 la fin des travaux. \" width=\"960\" height=\"640\"\/><br \/>\n    La placette situ\u00e9e entre la rue des Trois-Piliers et la rue Gatien Arnoult est en cours de transformation. Elle sera arbor\u00e9e \u00e0 la fin des travaux. (\u00a9David Saint-Sernin\/Actu Toulouse)<\/p>\n<p class=\" wall-content\">La fin du pavage complet des rues Gatien-Arnoult et des Trois-Piliers, ainsi que la cr\u00e9ation de la placette arbor\u00e9e, sont pr\u00e9vues pour mi-novembre 2025. La v\u00e9g\u00e9talisation, la pose de mobilier neuf (bancs, corbeilles, supports v\u00e9los) et l\u2019installation d\u2019un \u00e9clairage d\u2019ambiance seront termin\u00e9s fin novembre 2025, selon le calendrier annonc\u00e9 par la mairie de Toulouse.<\/p>\n<p class=\" wall-content\">Personnalisez votre actualit\u00e9 en ajoutant vos villes et m\u00e9dias en favori avec <a href=\"https:\/\/moncompte.actu.fr\" title=\"D\u00e9couvez Mon Actu\" rel=\"nofollow noopener\" data-trk=\"{&quot;cta&quot;:{&quot;action&quot;:&quot;https:\\\/\\\/moncompte.actu.fr&quot;,&quot;category&quot;:&quot;mon compte&quot;,&quot;from&quot;:&quot;article footer&quot;,&quot;name&quot;:&quot;Mon actu&quot;,&quot;type&quot;:&quot;cta&quot;}}\" target=\"_blank\">Mon Actu<\/a>.<\/p>\n","protected":false},"excerpt":{"rendered":"Par David Saint-Sernin Publi\u00e9 le 11 sept. 2025 \u00e0 13h02 Les travaux sont tr\u00e8s nombreux \u00e0 Toulouse en&hellip;\n","protected":false},"author":2,"featured_media":382622,"comment_status":"","ping_status":"","sticky":false,"template":"","format":"standard","meta":{"footnotes":""},"categories":[2816],"tags":[1111,11,1777,674,1011,27,12,2680,25,104,2312,2086],"class_list":{"0":"post-382621","1":"post","2":"type-post","3":"status-publish","4":"format-standard","5":"has-post-thumbnail","7":"category-toulouse","8":"tag-actu","9":"tag-actualites","10":"tag-eu","11":"tag-europe","12":"tag-fr","13":"tag-france","14":"tag-news","15":"tag-occitanie","16":"tag-republique-francaise","17":"tag-societe","18":"tag-toulouse","19":"tag-travaux"},"share_on_mastodon":{"url":"https:\/\/pubeurope.com\/@fr\/115185389101359038","error":""},"_links":{"self":[{"href":"https:\/\/www.europesays.com\/fr\/wp-json\/wp\/v2\/posts\/382621","targetHints":{"allow":["GET"]}}],"collection":[{"href":"https:\/\/www.europesays.com\/fr\/wp-json\/wp\/v2\/posts"}],"about":[{"href":"https:\/\/www.europesays.com\/fr\/wp-json\/wp\/v2\/types\/post"}],"author":[{"embeddable":true,"href":"https:\/\/www.europesays.com\/fr\/wp-json\/wp\/v2\/users\/2"}],"replies":[{"embeddable":true,"href":"https:\/\/www.europesays.com\/fr\/wp-json\/wp\/v2\/comments?post=382621"}],"version-history":[{"count":0,"href":"https:\/\/www.europesays.com\/fr\/wp-json\/wp\/v2\/posts\/382621\/revisions"}],"wp:featuredmedia":[{"embeddable":true,"href":"https:\/\/www.europesays.com\/fr\/wp-json\/wp\/v2\/media\/382622"}],"wp:attachment":[{"href":"https:\/\/www.europesays.com\/fr\/wp-json\/wp\/v2\/media?parent=382621"}],"wp:term":[{"taxonomy":"category","embeddable":true,"href":"https:\/\/www.europesays.com\/fr\/wp-json\/wp\/v2\/categories?post=382621"},{"taxonomy":"post_tag","embeddable":true,"href":"https:\/\/www.europesays.com\/fr\/wp-json\/wp\/v2\/tags?post=382621"}],"curies":[{"name":"wp","href":"https:\/\/api.w.org\/{rel}","templated":true}]}}