{"id":382631,"date":"2025-09-11T11:22:11","date_gmt":"2025-09-11T11:22:11","guid":{"rendered":"https:\/\/www.europesays.com\/fr\/382631\/"},"modified":"2025-09-11T11:22:11","modified_gmt":"2025-09-11T11:22:11","slug":"a-marseille-deux-plaintes-deposees-apres-un-tag-raciste-sur-une-porte-du-conseil-departemental","status":"publish","type":"post","link":"https:\/\/www.europesays.com\/fr\/382631\/","title":{"rendered":"\u00e0 Marseille, deux plaintes d\u00e9pos\u00e9es apr\u00e8s un tag raciste sur une porte du conseil d\u00e9partemental"},"content":{"rendered":"<p>L\u2019inscription a \u00e9t\u00e9 retrouv\u00e9e sur la porte du bureau d\u2019Audrey Garino au conseil d\u00e9partement des Bouches-du-Rh\u00f4ne, \u00e9lue communiste et adjoint de Beno\u00eet Payan \u00e0 la mairie. Le conseil d\u00e9partemental est de son c\u00f4t\u00e9 pr\u00e9sid\u00e9 par Martine Vassal.<\/p>\n<p class=\"fig-paragraph\">Deux plaintes ont \u00e9t\u00e9 d\u00e9pos\u00e9es jeudi apr\u00e8s la d\u00e9couverte d&rsquo;un tag\u00a0<a href=\"http:\/\/www.lefigaro.fr\/actualite-france\/attentat-raciste-de-puget-sur-argens-moment-de-folie-ou-crime-premedite-20250906\" data-fig-type=\"Article\" data-gtm-custom-categorie=\"navigation\" data-gtm-custom-action=\"crossclick\" data-gtm-custom-label=\"Contextuel\" data-gtm-event=\"customEventSPE\" data-fig-domain=\"LEFIGARO\" target=\"_blank\" rel=\"noopener\">raciste\u00a0<\/a>sur la porte d&rsquo;une \u00e9lue de gauche au sein m\u00eame du Conseil d\u00e9partemental des Bouches-du-Rh\u00f4ne, pr\u00e9sid\u00e9 par la divers droite<a href=\"http:\/\/www.lefigaro.fr\/elections\/municipales\/municipales-2026-a-marseille-martine-vassal-se-prepare-a-incarner-la-droite-et-le-centre-20250807\" data-fig-type=\"NewsFlash\" data-gtm-custom-categorie=\"navigation\" data-gtm-custom-action=\"crossclick\" data-gtm-custom-label=\"Contextuel\" data-gtm-event=\"customEventSPE\" data-fig-domain=\"LEFIGARO\" target=\"_blank\" rel=\"noopener\">\u00a0Martine Vassal.<\/a><\/p>\n<p class=\"fig-paragraph\">C&rsquo;est la collaboratrice d&rsquo;Audrey Garino, conseill\u00e8re d\u00e9partementale et adjointe au maire de Marseille qui a d\u00e9couvert l&rsquo;inscription \u00abmort aux arabes\u00bb sur la porte du bureau qu&rsquo;elle partage avec l&rsquo;\u00e9lue, a racont\u00e9 \u00e0 l\u2019AFP Audrey Garino qui a port\u00e9 plainte.<\/p>\n<p>                                    <a class=\"fig-a11y-skip a11y-hidden\" href=\"#fig-a11y-skip-main-inarticle\"><br \/>\n        Passer la publicit\u00e9<br \/>\n    <\/a><\/p>\n<p class=\"fig-paragraph\">Ces faits interviennent quelques jours seulement apr\u00e8s des menaces de mort visant le maire divers gauche Beno\u00eet Payan pour avoir\u00a0<a href=\"http:\/\/www.lefigaro.fr\/marseille\/marseille-benoit-payan-porte-plainte-pour-menaces-de-mort-pour-avoir-mange-un-couscous-20250908\" data-fig-type=\"NewsFlash\" data-gtm-custom-categorie=\"navigation\" data-gtm-custom-action=\"crossclick\" data-gtm-custom-label=\"Contextuel\" data-gtm-event=\"customEventSPE\" data-fig-domain=\"LEFIGARO\" target=\"_blank\" rel=\"noopener\">\u00abmang\u00e9 un couscous\u00bb.\u00a0<\/a>Audrey Garino a publi\u00e9 sur X une photo du tag, regrettant \u00abune menace de mort, une de plus. Au-del\u00e0 de l&rsquo;attaque personnelle, c&rsquo;est toute notre ville qui est vis\u00e9e par le racisme et la haine, par les amalgames et ces id\u00e9es immondes\u00bb.<\/p>\n<p>\u00abUn cran franchi\u00bb<\/p>\n<p class=\"fig-paragraph\">Depuis le d\u00e9but de son mandat comme adjointe au maire aux Affaires sociales et \u00e0 la Solidarit\u00e9, Audrey Garino affirme avoir \u00e9t\u00e9 \u00abla cible d&rsquo;attaques de l&rsquo;extr\u00eame droite\u00bb, d\u00e9plorant aupr\u00e8s de l&rsquo;AFP \u00abun cran franchi\u00bb jeudi, avec \u00abdes menaces de mort au sein m\u00eame de l&rsquo;institution\u00bb.<\/p>\n<p class=\"fig-paragraph\">La pr\u00e9sidente de la collectivit\u00e9 Martine Vassal a aussit\u00f4t r\u00e9agi, toujours sur X: \u00abC&rsquo;est avec une profonde indignation que j&rsquo;ai appris la diffusion de messages \u00e0 caract\u00e8re raciste, inscrits dans les \u00e9tages de l&rsquo;H\u00f4tel du D\u00e9partement. Je condamne fermement ces actes. Le racisme n&rsquo;a pas sa place dans nos murs et nulle part ailleurs. Je d\u00e9poserai plainte au nom du D\u00e9partement des Bouches-du-Rh\u00f4ne.\u00bb<\/p>\n<p class=\"fig-paragraph\">Lundi, Beno\u00eet Payan avait port\u00e9 plainte contre X apr\u00e8s avoir lui-m\u00eame re\u00e7u plusieurs menaces de mort et commentaires haineux post\u00e9s sur les r\u00e9seaux sociaux, notamment sous une vid\u00e9o o\u00f9 on le voit manger un couscous dans le cadre d&rsquo;un festival culinaire.<\/p>\n<p class=\"fig-paragraph\">Jeudi, l&rsquo;\u00e9dile a lui aussi condamn\u00e9 les attaques subies par sa coll\u00e8gue sur X: \u00abLe racisme d\u00e9complex\u00e9 et les menaces de mort arrivent jusqu&rsquo;\u00e0 l&rsquo;int\u00e9rieur du @departement13. Nous n&rsquo;avons pas peur, nous ne nous laisserons pas faire. Marseille est unie, fi\u00e8re et plus forte que la haine.\u00bb Une source proche du maire a regrett\u00e9 aupr\u00e8s de l&rsquo;AFP \u00abune accentuation de ce climat de haine et de racisme d\u00e9complex\u00e9\u00bb.<\/p>\n","protected":false},"excerpt":{"rendered":"L\u2019inscription a \u00e9t\u00e9 retrouv\u00e9e sur la porte du bureau d\u2019Audrey Garino au conseil d\u00e9partement des Bouches-du-Rh\u00f4ne, \u00e9lue communiste&hellip;\n","protected":false},"author":2,"featured_media":382632,"comment_status":"","ping_status":"","sticky":false,"template":"","format":"standard","meta":{"footnotes":""},"categories":[2814],"tags":[1111,11,1777,674,1011,27,884,21363,7775,12,882,10162,25],"class_list":{"0":"post-382631","1":"post","2":"type-post","3":"status-publish","4":"format-standard","5":"has-post-thumbnail","7":"category-marseille","8":"tag-actu","9":"tag-actualites","10":"tag-eu","11":"tag-europe","12":"tag-fr","13":"tag-france","14":"tag-marseille","15":"tag-martine-vassal","16":"tag-menaces-de-mort","17":"tag-news","18":"tag-provence-alpes-cote-dazur","19":"tag-racisme","20":"tag-republique-francaise"},"share_on_mastodon":{"url":"https:\/\/pubeurope.com\/@fr\/115185408082409866","error":""},"_links":{"self":[{"href":"https:\/\/www.europesays.com\/fr\/wp-json\/wp\/v2\/posts\/382631","targetHints":{"allow":["GET"]}}],"collection":[{"href":"https:\/\/www.europesays.com\/fr\/wp-json\/wp\/v2\/posts"}],"about":[{"href":"https:\/\/www.europesays.com\/fr\/wp-json\/wp\/v2\/types\/post"}],"author":[{"embeddable":true,"href":"https:\/\/www.europesays.com\/fr\/wp-json\/wp\/v2\/users\/2"}],"replies":[{"embeddable":true,"href":"https:\/\/www.europesays.com\/fr\/wp-json\/wp\/v2\/comments?post=382631"}],"version-history":[{"count":0,"href":"https:\/\/www.europesays.com\/fr\/wp-json\/wp\/v2\/posts\/382631\/revisions"}],"wp:featuredmedia":[{"embeddable":true,"href":"https:\/\/www.europesays.com\/fr\/wp-json\/wp\/v2\/media\/382632"}],"wp:attachment":[{"href":"https:\/\/www.europesays.com\/fr\/wp-json\/wp\/v2\/media?parent=382631"}],"wp:term":[{"taxonomy":"category","embeddable":true,"href":"https:\/\/www.europesays.com\/fr\/wp-json\/wp\/v2\/categories?post=382631"},{"taxonomy":"post_tag","embeddable":true,"href":"https:\/\/www.europesays.com\/fr\/wp-json\/wp\/v2\/tags?post=382631"}],"curies":[{"name":"wp","href":"https:\/\/api.w.org\/{rel}","templated":true}]}}