{"id":382635,"date":"2025-09-11T11:24:11","date_gmt":"2025-09-11T11:24:11","guid":{"rendered":"https:\/\/www.europesays.com\/fr\/382635\/"},"modified":"2025-09-11T11:24:11","modified_gmt":"2025-09-11T11:24:11","slug":"le-jeune-touche-par-cinq-balles-en-pleine-rue-est-mort-des-tireurs-recherches","status":"publish","type":"post","link":"https:\/\/www.europesays.com\/fr\/382635\/","title":{"rendered":"le jeune touch\u00e9 par cinq balles en pleine rue est mort, des tireurs recherch\u00e9s"},"content":{"rendered":"<p>            Par<br \/>\n        <strong><br \/>\n            <a href=\"https:\/\/actu.fr\/auteur\/redaction-lyon\" title=\"Consulter tous les articles de R\u00e9daction Lyon\" target=\"_blank\" rel=\"noopener\">R\u00e9daction Lyon<\/a><br \/>\n        <\/strong><\/p>\n<p>        Publi\u00e9 le<\/p>\n<p>            11 sept. 2025 \u00e0 13h05<br \/>\n        ; mis \u00e0 jour le 11 sept. 2025 \u00e0 13h15    <\/p>\n<p>Un homme de 22 ans, <a href=\"https:\/\/actu.fr\/auvergne-rhone-alpes\/lyon_69123\/lyon-cinq-balles-dans-le-corps-un-homme-entre-la-vie-et-la-mort-apres-des-tirs-pres-d-une-manifestation_63146451.html\" target=\"_blank\" rel=\"noopener\">hospitalis\u00e9 dans un \u00e9tat critique<\/a> mercredi soir apr\u00e8s avoir \u00e9t\u00e9 <a href=\"https:\/\/actu.fr\/auvergne-rhone-alpes\/lyon_69123\/lyon-un-jeune-homme-blesse-par-balles-en-pleine-journee-intervention-d-urgence-en-ville_63145697.html\" target=\"_blank\" rel=\"noopener\">bless\u00e9 par balles<\/a> \u00e0 <a href=\"https:\/\/actu.fr\/auvergne-rhone-alpes\/lyon_69123\" target=\"_blank\" rel=\"noopener\">Lyon<\/a>, est d\u00e9c\u00e9d\u00e9, a-t-on appris jeudi 11 septembre 2025 de source proche du dossier.<\/p>\n<p class=\" wall-content\">Aucun lien n\u2019est \u00e9tabli \u00e0 ce stade avec les <a href=\"https:\/\/actu.fr\/auvergne-rhone-alpes\/lyon_69123\/direct-bloquons-tout-le-10-septembre-blocages-manifestations-suivez-la-journee-a-lyon_63136003.html\" target=\"_blank\" rel=\"noopener\">manifestations du mouvement \u00ab\u00a0Bloquons tout\u00a0\u00bb<\/a>, qui ont rassembl\u00e9 8.000 personnes dans la ville et ont \u00e9t\u00e9 \u00e9maill\u00e9es d\u2019affrontements sporadiques avec les forces de l\u2019ordre et de d\u00e9gradations, avait indiqu\u00e9 mercredi la pr\u00e9fecture.\u00a0<\/p>\n<p>Des tirs qui \u00ab\u00a0seraient survenus \u00e0 la suite d\u2019une rixe\u00a0\u00bb<\/p>\n<p class=\" wall-content\">La victime avait \u00e9t\u00e9 prise en charge peu avant 18h en arr\u00eat cardio-respiratoire et transf\u00e9r\u00e9e \u00e0 l\u2019h\u00f4pital dans un \u00e9tat d\u2019urgence absolue, avaient pr\u00e9cis\u00e9 pour leur part les pompiers.<\/p>\n<p class=\" wall-content\">Selon nos informations, il a re\u00e7u au moins cinq balles dans le corps.<\/p>\n<p class=\" wall-content\">Une enqu\u00eate pour tentative de meurtre a imm\u00e9diatement \u00e9t\u00e9 ouverte apr\u00e8s les faits et, selon les premiers \u00e9l\u00e9ments recueillis, les tirs \u00ab\u00a0seraient survenus \u00e0 la suite d\u2019une rixe\u00a0\u00bb, selon le parquet dans un communiqu\u00e9 mercredi. Plusieurs individus potentiellement tous arm\u00e9s sont activement recherch\u00e9s par la police.<\/p>\n<p class=\" wall-content\"><strong>Avec AFP<\/strong><\/p>\n<p class=\" wall-content\">Personnalisez votre actualit\u00e9 en ajoutant vos villes et m\u00e9dias en favori avec <a href=\"https:\/\/moncompte.actu.fr\" title=\"D\u00e9couvez Mon Actu\" rel=\"nofollow noopener\" data-trk=\"{&quot;cta&quot;:{&quot;action&quot;:&quot;https:\\\/\\\/moncompte.actu.fr&quot;,&quot;category&quot;:&quot;mon compte&quot;,&quot;from&quot;:&quot;article footer&quot;,&quot;name&quot;:&quot;Mon actu&quot;,&quot;type&quot;:&quot;cta&quot;}}\" target=\"_blank\">Mon Actu<\/a>.<\/p>\n","protected":false},"excerpt":{"rendered":"Par R\u00e9daction Lyon Publi\u00e9 le 11 sept. 2025 \u00e0 13h05 ; mis \u00e0 jour le 11 sept. 2025&hellip;\n","protected":false},"author":2,"featured_media":382636,"comment_status":"","ping_status":"","sticky":false,"template":"","format":"standard","meta":{"footnotes":""},"categories":[1889],"tags":[1111,11,2430,1777,674,118,1011,27,303,2428,777,12,1072,25],"class_list":{"0":"post-382635","1":"post","2":"type-post","3":"status-publish","4":"format-standard","5":"has-post-thumbnail","7":"category-lyon","8":"tag-actu","9":"tag-actualites","10":"tag-auvergne-rhone-alpes","11":"tag-eu","12":"tag-europe","13":"tag-faits-divers","14":"tag-fr","15":"tag-france","16":"tag-justice","17":"tag-lyon","18":"tag-meurtre","19":"tag-news","20":"tag-police","21":"tag-republique-francaise"},"share_on_mastodon":{"url":"https:\/\/pubeurope.com\/@fr\/115185415924367859","error":""},"_links":{"self":[{"href":"https:\/\/www.europesays.com\/fr\/wp-json\/wp\/v2\/posts\/382635","targetHints":{"allow":["GET"]}}],"collection":[{"href":"https:\/\/www.europesays.com\/fr\/wp-json\/wp\/v2\/posts"}],"about":[{"href":"https:\/\/www.europesays.com\/fr\/wp-json\/wp\/v2\/types\/post"}],"author":[{"embeddable":true,"href":"https:\/\/www.europesays.com\/fr\/wp-json\/wp\/v2\/users\/2"}],"replies":[{"embeddable":true,"href":"https:\/\/www.europesays.com\/fr\/wp-json\/wp\/v2\/comments?post=382635"}],"version-history":[{"count":0,"href":"https:\/\/www.europesays.com\/fr\/wp-json\/wp\/v2\/posts\/382635\/revisions"}],"wp:featuredmedia":[{"embeddable":true,"href":"https:\/\/www.europesays.com\/fr\/wp-json\/wp\/v2\/media\/382636"}],"wp:attachment":[{"href":"https:\/\/www.europesays.com\/fr\/wp-json\/wp\/v2\/media?parent=382635"}],"wp:term":[{"taxonomy":"category","embeddable":true,"href":"https:\/\/www.europesays.com\/fr\/wp-json\/wp\/v2\/categories?post=382635"},{"taxonomy":"post_tag","embeddable":true,"href":"https:\/\/www.europesays.com\/fr\/wp-json\/wp\/v2\/tags?post=382635"}],"curies":[{"name":"wp","href":"https:\/\/api.w.org\/{rel}","templated":true}]}}