{"id":382637,"date":"2025-09-11T11:25:10","date_gmt":"2025-09-11T11:25:10","guid":{"rendered":"https:\/\/www.europesays.com\/fr\/382637\/"},"modified":"2025-09-11T11:25:10","modified_gmt":"2025-09-11T11:25:10","slug":"les-brocantes-et-vide-greniers-organises-a-paris-et-en-ile-de-france-le-week-end-des-13-et-14-septembre","status":"publish","type":"post","link":"https:\/\/www.europesays.com\/fr\/382637\/","title":{"rendered":"Les brocantes et vide-greniers organis\u00e9s \u00e0 Paris et en \u00cele-de-France le week-end des 13 et 14 septembre"},"content":{"rendered":"<p>            Par<br \/>\n        <strong><br \/>\n            <a href=\"https:\/\/actu.fr\/auteur\/redaction-paris\" title=\"Consulter tous les articles de R\u00e9daction Paris\" rel=\"nofollow noopener\" target=\"_blank\">R\u00e9daction Paris<\/a><br \/>\n        <\/strong><\/p>\n<p>        Publi\u00e9 le<\/p>\n<p>            11 sept. 2025 \u00e0 13h06        <\/p>\n<p>Le week-end des 13 et 14 septembre 2025, plusieurs <a href=\"https:\/\/actu.fr\/tag\/brocante\" rel=\"nofollow noopener\" target=\"_blank\">brocantes<\/a> et <a href=\"https:\/\/actu.fr\/tag\/vide-greniers\" rel=\"nofollow noopener\" target=\"_blank\">vide-greniers<\/a> sont \u00e0 Paris et en \u00cele-de-France. De nombreuses occasions de chiner m\u00eame si la <a href=\"https:\/\/actu.fr\/paris\/meteo\" rel=\"nofollow noopener\" target=\"_blank\">m\u00e9t\u00e9o<\/a> annonc\u00e9e n\u2019est pour l\u2019instant pas des plus favorables dans la r\u00e9gion.\u00a0<\/p>\n<p>Les\u00a0 brocantes et vide-greniers organis\u00e9s \u00e0 Paris et en \u00cele-de-France samedi 13 septembre<\/p>\n<ul class=\" wall-content\">\n<li><strong>Paris (10e) :<\/strong> Brocante, boulevard de Bonne Nouvelle (de 6h \u00e0 19h)<\/li>\n<li><strong>Paris (17e) :<\/strong> Vide-greniers, avenue de Saint-Ouen<\/li>\n<li><strong>Paris (18e) :<\/strong> Vide-greniers, rue Caulaincourt (de 6h \u00e0 18h)<\/li>\n<li><strong>Paris (15e) :<\/strong> Puces, porte de Vanves\u00a0<\/li>\n<li><strong>Beynes (78) :<\/strong> Vide-greniers, plaine de l\u2019\u00e9tang (de 9h \u00e0 17h)<\/li>\n<li><strong>Massy (91) :<\/strong> Brocante, parvis de l\u2019Op\u00e9ra (de 8h \u00e0 18h)<\/li>\n<li><strong>Nanterre (92) :<\/strong> Vide-greniers, place du march\u00e9 (de 7h \u00e0 18h30)<\/li>\n<li><strong>Saint-Mand\u00e9 (94) :<\/strong> Vide-greniers, March\u00e9 de la Tourelle, Avenue Gallieni, Quartier du Bel-Air \u2013 Val-de-Marne (de 8h30 \u00e0 18h)<\/li>\n<li><strong>Enghien-les-Bains (95) :<\/strong> Braderie, rue du G\u00e9n\u00e9ral de Gaulle (de 8h \u00e0 18h)<\/li>\n<li><strong>Ableiges (95) :<\/strong> Vide-greniers, domaine d\u2019Ableiges (de 9h \u00e0 16h)<\/li>\n<\/ul>\n<p class=\" wall-content\"><strong>Les\u00a0 brocantes et vide-greniers organis\u00e9s \u00e0 Paris et en \u00cele-de-France dimanche 14 septembre<\/strong><\/p>\n<ul class=\" wall-content\">\n<li><strong>Paris (5e) :<\/strong> Vide-greniers, boulevard de Port-Royal, quartier du Val-de-Gr\u00e2ce (de 8h \u00e0 19h)<\/li>\n<li><strong>Paris (7e et 15e) :<\/strong> Vide-greniers, avenue de Saxe (de 6h \u00e0 19h)<\/li>\n<li><strong>Paris (10e) :<\/strong> Vide-greniers, rue de Marseille, Quartier de la Porte-Saint-Martin<\/li>\n<li><strong>Paris (11e) :<\/strong> Vide-greniers, rue de la Roquette (de 6h \u00e0 18h)<\/li>\n<li><strong>Paris (19e) :<\/strong> Vide-greniers, avenue de Flandre (de 5h\u00e0 18h)<\/li>\n<li><strong>Paris (15e) :<\/strong> Vide-greniers, rue de la Convention, Quartier Saint-Lambert (de 7h30 \u00e0 18h)<\/li>\n<li><strong>Paris (14e) :<\/strong> Vide-greniers, rue Daguerre (de 7h \u00e0 18h)<\/li>\n<li><strong>Paris (14e) :<\/strong> Puces, porte de Vanves<\/li>\n<li><strong>Paris (17e) :<\/strong> Vide-greniers, Th\u00e9r\u00e8se Pierre, Boulevard Gouvion-Saint-Cyr, Quartier des Ternes (de 9h \u00e0 18h)<\/li>\n<li><strong>Paris (20e) :<\/strong> Vide-greniers, \u00e9cole polyvalente Champagne, Passage de la Providence (de 9h \u00e0 18h)<\/li>\n<li><strong>Vaires-sur-Marne (77) :<\/strong> Brocante, mairie de Vaires-sur-Marne, rue Constant Melet (de 8h \u00e0 18h)<\/li>\n<li><strong>Villeparisis (77) :<\/strong> Vide-greniers, rue Jean Jaur\u00e8s, rue de Ruz\u00e9, avenue du Gal Leclerc et rue de la R\u00e9publique (de 7h \u00e0 18h)<\/li>\n<li><strong>Jablines (77) :<\/strong> Vide-greniers, rue de Platry (de 8h \u00e0 18h)<\/li>\n<li><strong>Dammartin-en-Go\u00eble (77) :<\/strong> Vide-greniers, mairie, rue du G\u00e9n\u00e9ral de Gaulle (de 6h30 \u00e0 18h)<\/li>\n<li><strong>Chauconin-Neufmontiers (77) :<\/strong> Brocante, mairie (\u00e0 partir de 7h)<\/li>\n<li><strong>Champdeuil (77) :<\/strong> Vide-greniers, rue de la Paix (de 7h \u00e0 17h)<\/li>\n<li><strong>Le Pecq (78) :<\/strong> Vide-greniers, avenue de la Paix \u2013 Pole Wilson<\/li>\n<li><strong>Carri\u00e8res-sous-Poissy (78) :<\/strong> Brocante, grande rue (de 8h \u00e0 18h)<\/li>\n<li><strong>Morainvilliers (78) :<\/strong> Brocante, derri\u00e8re l\u2019\u00e9glise (de 8h30 \u00e0 18h)<\/li>\n<li><strong>Jouars-Pontchartrain (78) :<\/strong> Vide-greniers, rue Louis Ph\u00e9lypeaux (de 8h30 \u00e0 18h30)<\/li>\n<li><strong>\u00c9vecquemont (78) :<\/strong> Vide-greniers, rue de Chollet (de 8h \u00e0 18h)<\/li>\n<li><strong>Maule (78) :<\/strong> Brocante, place du G\u00e9n\u00e9ral de Gaulle (de 8h \u00e0 18h)<\/li>\n<li><strong>Gargenville (78) :<\/strong> Brocante, rue des pr\u00e9s l\u2019abb\u00e9 (\u00e0 partir de 8h)<\/li>\n<li><strong>Gif-sur-Yvette (91) :<\/strong> Vide-greniers, parking d\u2019Intermarch\u00e9 (de 9h \u00e0 18h)<\/li>\n<li><strong>Vigneux-sur-Seine (91) :<\/strong> Vide-greniers, clos de la R\u00e9gale, Avenue de la Tourelle\u00a0<\/li>\n<li><strong>Villab\u00e9 (91) :<\/strong> Brocante, Carrefour, avenue des Courtes \u00c9pluches, Centre commercial \u2013 Villab\u00e9 A6, Hameau de Villoison\u00a0<\/li>\n<li><strong>Bi\u00e8vres (91) :<\/strong> Vide-greniers, rue de l\u2019Eglise \u2013 place de l\u2019Eglise \u2013 rue des Ecoles \u2013 rue des Mathurins<\/li>\n<li><strong>Saulx-les-Chartreux (91) :<\/strong> Vide-greniers et march\u00e9 aux puces, all\u00e9e des Tournelles<\/li>\n<li><strong>Bi\u00e8vres (91) :<\/strong> Vide-greniers, rue de l\u2019Eglise \u2013 place de l\u2019Eglise \u2013 rue des Ecoles \u2013 rue des Mathurins<\/li>\n<li><strong>Draveil (91) :<\/strong> Vide-greniers, skatepark de Draveil, boulevard du G\u00e9n\u00e9ral de Gaulle (de 6h \u00e0 18h)<\/li>\n<li><strong>Saulx-les-Chartreux (91) :<\/strong> Vide-greniers, all\u00e9e des Tournelles (de 8h \u00e0 17h45)<\/li>\n<li><strong>Levallois (92) :<\/strong> Vide-greniers, rue Marjolin (de 8h \u00e0 18h)<\/li>\n<li><strong>Boulogne-Billancourt (92) :<\/strong> Vide-greniers, Canal Factory \u2013 Les Studios de Boulogne, rue de Paris (de 8h \u00e0 18h30)<\/li>\n<li><strong>Bourg-la-Reine (92) :<\/strong> Vide-greniers, boulevard Carnot (de 8h30 \u00e0 18h)<\/li>\n<li><strong>Colombes (92) :<\/strong> Vide-greniers, rue Jean Wiener (de 8h \u00e0 18h)<\/li>\n<li><strong>S\u00e8vres (92) :<\/strong> Vide-greniers, avenue Henri Regnault (de 7h \u00e0 18h)<\/li>\n<li><strong>Aulnay-sous-Bois (93) :<\/strong> Vide-greniers, place Jean-Claude Abrioux (de 8h \u00e0 18h)<\/li>\n<li><strong>Saint-Maur-des-Foss\u00e9s (94) :<\/strong> Brocante, R\u00e9sidence de l\u2019Abbaye \u2013 Impasse de l\u2019Abbaye<\/li>\n<li><strong>Le Perreux-sur-Marne (94) :<\/strong> Vide-greniers, quai d\u2019Argonne, quai de Champagne<\/li>\n<li><strong>Le Plessis-Tr\u00e9vise (94) :<\/strong> Brocante, avenue de l\u2019Europe, avenue Albert Camus (de 8h \u00e0 18h30)<\/li>\n<li><strong>P\u00e9rigny (94) :<\/strong> Brocante, Place Mairie et \u00e9glise (de 6h \u00e0 18h)<\/li>\n<li><strong>Enghien-les-Bains (95) :<\/strong> Brocante, rue du G\u00e9n\u00e9ral de Gaulle (de 8h \u00e0 18h)<\/li>\n<li><strong>La Frette-sur-Seine (95) :<\/strong> Brocante, mairie, quai de la Seine (de 8h \u00e0 18h)<\/li>\n<li><strong>Le Plessis-Bouchard (95) :<\/strong> Brocante, parc Yves Carric (de 8h \u00e0 18h)<\/li>\n<li><strong>Persan (95) :<\/strong> Brocante, parking Leclerc Chambly rue Francois Truffaut<\/li>\n<li><strong>Ableiges (95) :<\/strong> Brocante, domaine d\u2019Ableiges (de 9h \u00e0 16h)<\/li>\n<\/ul>\n<p class=\" wall-content\">Personnalisez votre actualit\u00e9 en ajoutant vos villes et m\u00e9dias en favori avec <a href=\"https:\/\/moncompte.actu.fr\" title=\"D\u00e9couvez Mon Actu\" rel=\"nofollow noopener\" data-trk=\"{&quot;cta&quot;:{&quot;action&quot;:&quot;https:\\\/\\\/moncompte.actu.fr&quot;,&quot;category&quot;:&quot;mon compte&quot;,&quot;from&quot;:&quot;article footer&quot;,&quot;name&quot;:&quot;Mon actu&quot;,&quot;type&quot;:&quot;cta&quot;}}\" target=\"_blank\">Mon Actu<\/a>.<\/p>\n","protected":false},"excerpt":{"rendered":"Par R\u00e9daction Paris Publi\u00e9 le 11 sept. 2025 \u00e0 13h06 Le week-end des 13 et 14 septembre 2025,&hellip;\n","protected":false},"author":2,"featured_media":382638,"comment_status":"","ping_status":"","sticky":false,"template":"","format":"standard","meta":{"footnotes":""},"categories":[1592],"tags":[1111,11,6961,1777,674,1011,27,662,1652,12,626,25,3365],"class_list":{"0":"post-382637","1":"post","2":"type-post","3":"status-publish","4":"format-standard","5":"has-post-thumbnail","7":"category-ile-de-france","8":"tag-actu","9":"tag-actualites","10":"tag-brocante","11":"tag-eu","12":"tag-europe","13":"tag-fr","14":"tag-france","15":"tag-ile-de-france","16":"tag-loisirs-culture","17":"tag-news","18":"tag-paris","19":"tag-republique-francaise","20":"tag-vide-greniers"},"share_on_mastodon":{"url":"https:\/\/pubeurope.com\/@fr\/115185419911715287","error":""},"_links":{"self":[{"href":"https:\/\/www.europesays.com\/fr\/wp-json\/wp\/v2\/posts\/382637","targetHints":{"allow":["GET"]}}],"collection":[{"href":"https:\/\/www.europesays.com\/fr\/wp-json\/wp\/v2\/posts"}],"about":[{"href":"https:\/\/www.europesays.com\/fr\/wp-json\/wp\/v2\/types\/post"}],"author":[{"embeddable":true,"href":"https:\/\/www.europesays.com\/fr\/wp-json\/wp\/v2\/users\/2"}],"replies":[{"embeddable":true,"href":"https:\/\/www.europesays.com\/fr\/wp-json\/wp\/v2\/comments?post=382637"}],"version-history":[{"count":0,"href":"https:\/\/www.europesays.com\/fr\/wp-json\/wp\/v2\/posts\/382637\/revisions"}],"wp:featuredmedia":[{"embeddable":true,"href":"https:\/\/www.europesays.com\/fr\/wp-json\/wp\/v2\/media\/382638"}],"wp:attachment":[{"href":"https:\/\/www.europesays.com\/fr\/wp-json\/wp\/v2\/media?parent=382637"}],"wp:term":[{"taxonomy":"category","embeddable":true,"href":"https:\/\/www.europesays.com\/fr\/wp-json\/wp\/v2\/categories?post=382637"},{"taxonomy":"post_tag","embeddable":true,"href":"https:\/\/www.europesays.com\/fr\/wp-json\/wp\/v2\/tags?post=382637"}],"curies":[{"name":"wp","href":"https:\/\/api.w.org\/{rel}","templated":true}]}}