{"id":382651,"date":"2025-09-11T11:32:10","date_gmt":"2025-09-11T11:32:10","guid":{"rendered":"https:\/\/www.europesays.com\/fr\/382651\/"},"modified":"2025-09-11T11:32:10","modified_gmt":"2025-09-11T11:32:10","slug":"guerre-en-ukraine-un-drone-ukrainien-frappe-un-rare-navire-russe-a-60-millions-de-dollars-qui-patrouillait-en-mer-noire","status":"publish","type":"post","link":"https:\/\/www.europesays.com\/fr\/382651\/","title":{"rendered":"Guerre en Ukraine\u00a0: un drone ukrainien frappe un rare navire russe \u00e0 60\u00a0millions de dollars qui patrouillait en mer Noire"},"content":{"rendered":"<p class=\"paragraph text_align_left lp-f-body-02\">Les services de renseignement militaires ukrainiens (HUR) ont annonc\u00e9 que leurs forces sp\u00e9ciales ont frapp\u00e9 et neutralis\u00e9 un navire russe <a href=\"https:\/\/www.leparisien.fr\/international\/moscou-se-prepare-a-priver-lukraine-de-son-acces-de-la-mer-noire-en-2026-avertit-kiev-05-06-2025-PFVPJA4KUNG4XJQMXCD6VIKJQM.php\" target=\"_blank\" rel=\"noreferrer noopener\">en mer Noire<\/a> ce mercredi 10 septembre, rapporte <a href=\"https:\/\/kyivindependent.com\/ukrainian-drones-strike-rare-russian-vessel-patrolling-off-novorossiysk-intelligence-says-shows-footage\/\" target=\"_blank\" rel=\"noreferrer noopener\">The Kyiv Independent<\/a>.<\/p>\n<p class=\"paragraph text_align_left lp-f-body-02\">La cible \u00e9tait un <a href=\"https:\/\/www.leparisien.fr\/ille-et-vilaine-35\/guerre-en-ukraine-le-cargo-russe-bloque-depuis-plus-de-trois-ans-a-saint-malo-bientot-abandonne-10-09-2025-TR3WYTAGCZCE5AISXMPTML3UJE.php\" target=\"_blank\" rel=\"noreferrer noopener\">navire<\/a> de soutien polyvalent du projet MPSV07, mis en service en 2015 et \u00e9valu\u00e9 \u00e0 environ 60 millions de dollars, a annonc\u00e9 l\u2019agence du minist\u00e8re de la D\u00e9fense ukrainien. Il \u00e9tait en train d\u2019effectuer une reconnaissance et une patrouille dans la baie de <a href=\"https:\/\/www.leparisien.fr\/international\/ce-que-lon-sait-de-lattaque-dun-navire-de-guerre-russe-par-des-drones-navals-ukrainiens-04-08-2023-WZKD7ACDPZFATMLWYSCGDGPGTU.php\" target=\"_blank\" rel=\"noreferrer noopener\">Novorossiysk<\/a>.<\/p>\n<p class=\"paragraph text_align_left lp-f-body-02\">Le HUR a publi\u00e9 des images en noir et blanc d\u2019un <a href=\"https:\/\/www.leparisien.fr\/international\/ukraine\/guerre-en-ukraine-ce-que-lon-sait-des-drones-russes-abattus-au-dessus-de-la-pologne-10-09-2025-77ZDZMOJ7RAQFB3PN7OXP7M2YY.php\" target=\"_blank\" rel=\"noreferrer noopener\">drone a\u00e9rien<\/a> frappant le pont du navire. \u00ab \u00c0 la suite de la frappe, les syst\u00e8mes de renseignement \u00e9lectronique du navire russe ont \u00e9t\u00e9 d\u00e9truits, et le navire a \u00e9t\u00e9 mis hors service et envoy\u00e9 pour des r\u00e9parations co\u00fbteuses \u00bb, a indiqu\u00e9 l\u2019agence dans un communiqu\u00e9 publi\u00e9 ce jeudi 11 septembre.<\/p>\n<p>Kiev intensifie ses attaques en mer Noire<\/p>\n<p class=\"paragraph text_align_left lp-f-body-02\">Le service de renseignement militaire ukrainien affirme que la Russie poss\u00e8de quatre navires de cette classe, mais d\u2019autres sources en r\u00e9pertorient cinq et un sixi\u00e8me serait en construction.<\/p>\n<p class=\"paragraph text_align_left lp-f-body-02\">Les navires du projet MPSV07 sont \u00e9quip\u00e9s de syst\u00e8mes de plong\u00e9e, de v\u00e9hicules t\u00e9l\u00e9command\u00e9s, d\u2019un sonar lat\u00e9ral et d\u2019\u00e9quipements de renseignement \u00e9lectronique. Ils peuvent \u00eatre utilis\u00e9s pour l\u2019<a href=\"https:\/\/www.leparisien.fr\/week-end\/sur-un-yacht-nous-avons-le-droit-de-tout-fouiller-dans-les-pas-des-gardes-cotes-de-la-douane-maritime-08-08-2025-W3IR2SIQG5D2BKFG4GEJPTZQ34.php\" target=\"_blank\" rel=\"noreferrer noopener\">inspection des fonds marins<\/a>, pr\u00e9cise le HUR.<\/p>\n<p class=\"paragraph text_align_left lp-f-body-02\">Ces derni\u00e8res semaines, les forces sp\u00e9ciales ukrainiennes ont intensifi\u00e9 leurs attaques contre les installations militaires russes dans la r\u00e9gion de la mer Noire, notamment en Crim\u00e9e occup\u00e9e. R\u00e9cemment, deux stations radar appartenant au syst\u00e8me de d\u00e9fense a\u00e9rienne russe ont \u00e9t\u00e9 touch\u00e9es sur la p\u00e9ninsule, rappelle The Kyiv Independent. Depuis le d\u00e9but de l\u2019invasion russe Kiev aurait d\u00e9truit ou mis hors service un tiers de la <a href=\"https:\/\/www.leparisien.fr\/international\/ukraine\/guerre-en-ukraine-la-russie-arbore-son-tout-premier-drone-naval-a-fibre-optique-sur-la-flotte-de-la-mer-noire-10-09-2025-MNZYN7CMQJBW7MX4E7UY2FKO7Q.php\" target=\"_blank\" rel=\"noreferrer noopener\">flotte russe en mer Noire<\/a> avec ses drones et ses missiles.<\/p>\n","protected":false},"excerpt":{"rendered":"Les services de renseignement militaires ukrainiens (HUR) ont annonc\u00e9 que leurs forces sp\u00e9ciales ont frapp\u00e9 et neutralis\u00e9 un&hellip;\n","protected":false},"author":2,"featured_media":382652,"comment_status":"","ping_status":"","sticky":false,"template":"","format":"standard","meta":{"footnotes":""},"categories":[1590],"tags":[11,1777,674,14,12,220,2955],"class_list":{"0":"post-382651","1":"post","2":"type-post","3":"status-publish","4":"format-standard","5":"has-post-thumbnail","7":"category-ukraine","8":"tag-actualites","9":"tag-eu","10":"tag-europe","11":"tag-international","12":"tag-news","13":"tag-ukraine","14":"tag-videos"},"share_on_mastodon":{"url":"https:\/\/pubeurope.com\/@fr\/115185447495701082","error":""},"_links":{"self":[{"href":"https:\/\/www.europesays.com\/fr\/wp-json\/wp\/v2\/posts\/382651","targetHints":{"allow":["GET"]}}],"collection":[{"href":"https:\/\/www.europesays.com\/fr\/wp-json\/wp\/v2\/posts"}],"about":[{"href":"https:\/\/www.europesays.com\/fr\/wp-json\/wp\/v2\/types\/post"}],"author":[{"embeddable":true,"href":"https:\/\/www.europesays.com\/fr\/wp-json\/wp\/v2\/users\/2"}],"replies":[{"embeddable":true,"href":"https:\/\/www.europesays.com\/fr\/wp-json\/wp\/v2\/comments?post=382651"}],"version-history":[{"count":0,"href":"https:\/\/www.europesays.com\/fr\/wp-json\/wp\/v2\/posts\/382651\/revisions"}],"wp:featuredmedia":[{"embeddable":true,"href":"https:\/\/www.europesays.com\/fr\/wp-json\/wp\/v2\/media\/382652"}],"wp:attachment":[{"href":"https:\/\/www.europesays.com\/fr\/wp-json\/wp\/v2\/media?parent=382651"}],"wp:term":[{"taxonomy":"category","embeddable":true,"href":"https:\/\/www.europesays.com\/fr\/wp-json\/wp\/v2\/categories?post=382651"},{"taxonomy":"post_tag","embeddable":true,"href":"https:\/\/www.europesays.com\/fr\/wp-json\/wp\/v2\/tags?post=382651"}],"curies":[{"name":"wp","href":"https:\/\/api.w.org\/{rel}","templated":true}]}}