{"id":382661,"date":"2025-09-11T11:37:11","date_gmt":"2025-09-11T11:37:11","guid":{"rendered":"https:\/\/www.europesays.com\/fr\/382661\/"},"modified":"2025-09-11T11:37:11","modified_gmt":"2025-09-11T11:37:11","slug":"en-martinique-les-petits-entrepreneurs-font-rayonner-leconomie-locale","status":"publish","type":"post","link":"https:\/\/www.europesays.com\/fr\/382661\/","title":{"rendered":"En Martinique, les petits entrepreneurs font rayonner l&rsquo;\u00e9conomie locale"},"content":{"rendered":"<p>\tEn Martinique, les petits entrepreneurs font rayonner l&rsquo;\u00e9conomie locale &#8211; Touteleurope.eu<\/p>\n<p>\t\t<img decoding=\"async\" alt=\"fermer\" class=\"close-info\" src=\"https:\/\/www.touteleurope.eu\/wp-content\/themes\/toute_leurope\/assets\/images\/close-picto-blue.svg\"\/><\/p>\n<p>Touteleurope.eu est le site p\u00e9dagogique de r\u00e9f\u00e9rence sur les questions europ\u00e9ennes : <a href=\"https:\/\/www.touteleurope.eu\/qui-sommes-nous\/\" target=\"_blank\" rel=\"noopener\">Qui sommes-nous ?<\/a><\/p>\n<p><img decoding=\"async\" class=\"logo-pdf\" alt=\"Toute L'Europe \u2013 Comprendre l'Europe\" src=\"data:image\/svg+xml,%3Csvg%20xmlns=\" http:=\"\" data-lazy-src=\"https:\/\/www.touteleurope.eu\/wp-content\/themes\/toute_leurope\/assets\/images\/logo-ttl.svg\"\/><\/p>\n","protected":false},"excerpt":{"rendered":"En Martinique, les petits entrepreneurs font rayonner l&rsquo;\u00e9conomie locale &#8211; Touteleurope.eu Touteleurope.eu est le site p\u00e9dagogique de r\u00e9f\u00e9rence&hellip;\n","protected":false},"author":2,"featured_media":382662,"comment_status":"","ping_status":"","sticky":false,"template":"","format":"standard","meta":{"footnotes":""},"categories":[1586],"tags":[11,341,1777,674,1779,2555,30167,31226,1011,27,20470,12,4166,1306,4168,25,801,27225,1778,364],"class_list":{"0":"post-382661","1":"post","2":"type-post","3":"status-publish","4":"format-standard","5":"has-post-thumbnail","7":"category-europe","8":"tag-actualites","9":"tag-emploi","10":"tag-eu","11":"tag-europe","12":"tag-european-union","13":"tag-financements-europeens","14":"tag-fonds-europeens","15":"tag-fonds-social-europeen","16":"tag-fr","17":"tag-france","18":"tag-martinique","19":"tag-news","20":"tag-outre-mer","21":"tag-regions","22":"tag-regions-ultraperipheriques","23":"tag-republique-francaise","24":"tag-social","25":"tag-toute-leurope","26":"tag-ue","27":"tag-union-europeenne"},"share_on_mastodon":{"url":"https:\/\/pubeurope.com\/@fr\/115185467218139812","error":""},"_links":{"self":[{"href":"https:\/\/www.europesays.com\/fr\/wp-json\/wp\/v2\/posts\/382661","targetHints":{"allow":["GET"]}}],"collection":[{"href":"https:\/\/www.europesays.com\/fr\/wp-json\/wp\/v2\/posts"}],"about":[{"href":"https:\/\/www.europesays.com\/fr\/wp-json\/wp\/v2\/types\/post"}],"author":[{"embeddable":true,"href":"https:\/\/www.europesays.com\/fr\/wp-json\/wp\/v2\/users\/2"}],"replies":[{"embeddable":true,"href":"https:\/\/www.europesays.com\/fr\/wp-json\/wp\/v2\/comments?post=382661"}],"version-history":[{"count":0,"href":"https:\/\/www.europesays.com\/fr\/wp-json\/wp\/v2\/posts\/382661\/revisions"}],"wp:featuredmedia":[{"embeddable":true,"href":"https:\/\/www.europesays.com\/fr\/wp-json\/wp\/v2\/media\/382662"}],"wp:attachment":[{"href":"https:\/\/www.europesays.com\/fr\/wp-json\/wp\/v2\/media?parent=382661"}],"wp:term":[{"taxonomy":"category","embeddable":true,"href":"https:\/\/www.europesays.com\/fr\/wp-json\/wp\/v2\/categories?post=382661"},{"taxonomy":"post_tag","embeddable":true,"href":"https:\/\/www.europesays.com\/fr\/wp-json\/wp\/v2\/tags?post=382661"}],"curies":[{"name":"wp","href":"https:\/\/api.w.org\/{rel}","templated":true}]}}