{"id":382667,"date":"2025-09-11T11:40:19","date_gmt":"2025-09-11T11:40:19","guid":{"rendered":"https:\/\/www.europesays.com\/fr\/382667\/"},"modified":"2025-09-11T11:40:19","modified_gmt":"2025-09-11T11:40:19","slug":"la-canicule-daout-a-provoque-au-moins-280-morts-en-exces-en-france","status":"publish","type":"post","link":"https:\/\/www.europesays.com\/fr\/382667\/","title":{"rendered":"La canicule d&rsquo;ao\u00fbt a provoqu\u00e9 au moins 280 morts en exc\u00e8s en France"},"content":{"rendered":"<ul class=\"jsx-862013697 ArticleChapo__List\">\n<li class=\"jsx-862013697 ArticleChapo__List_Item flex\">Selon les chiffres de Sant\u00e9 publique France, au moins 5% de d\u00e9c\u00e8s de plus que la normale ont \u00e9t\u00e9 enregistr\u00e9s en ao\u00fbt.<\/li>\n<li class=\"jsx-862013697 ArticleChapo__List_Item flex\">La France a \u00e9t\u00e9 frapp\u00e9e \u00e0 cette p\u00e9riode par une importante canicule, la deuxi\u00e8me de l&rsquo;\u00e9t\u00e9.<\/li>\n<li class=\"jsx-862013697 ArticleChapo__List_Item flex\">\u00ab\u00a0Cette mortalit\u00e9 en exc\u00e8s n&rsquo;est observ\u00e9e que chez les personnes \u00e2g\u00e9es de 75 ans et plus\u00a0\u00bb, pr\u00e9cise l&rsquo;agence sanitaire.<\/li>\n<\/ul>\n<p data-module=\"article-paragraph\" class=\"jsx-3046738180 Paragraph Paragraph__End\">La canicule d&rsquo;ao\u00fbt pourrait avoir \u00e9t\u00e9 particuli\u00e8rement s\u00e9v\u00e8re pour les plus fragiles en France. Selon les chiffres de Sant\u00e9 publique France, <a href=\"https:\/\/www.santepubliquefrance.fr\/determinants-de-sante\/climat\/fortes-chaleurs-canicule\/documents\/bulletin-national\/canicule-et-sante-exces-de-mortalite.-bulletin-du-11-septembre-2025\" target=\"_blank\" rel=\"nofollow noopener\">publi\u00e9s jeudi 11 septembre (nouvelle fen\u00eatre)<\/a>, au moins 280 d\u00e9c\u00e8s de plus que la normale, soit un exc\u00e8s d&rsquo;environ 5%, ont \u00e9t\u00e9 constat\u00e9s en France lors des fortes chaleurs qui ont frapp\u00e9 l&rsquo;Hexagone du 8 au 19 ao\u00fbt. \u00ab\u00a0Cette mortalit\u00e9 en exc\u00e8s n&rsquo;est observ\u00e9e que chez les personnes \u00e2g\u00e9es de 75 ans et plus\u00a0\u00bb, pr\u00e9cise l&rsquo;agence sanitaire, rappelant qu&rsquo;il est encore trop t\u00f4t pour \u00e9tablir un rapport direct de cause \u00e0 effet entre ces morts et les fortes chaleurs.<\/p>\n<p><a href=\"https:\/\/www.tf1info.fr\/environnement-ecologie\/meteo-canicule-chaleurs-extremes-et-mega-feux-l-europe-a-vecu-son-4-ete-le-plus-chaud-jamais-enregistre-2393371.html\" rel=\"noopener\" class=\"jsx-3308031228 Link flex\" target=\"_blank\"><img decoding=\"async\" src=\"https:\/\/www.europesays.com\/fr\/wp-content\/uploads\/2025\/09\/le-front-de-mer-deserte-de-thessalonique-le-20-juillet-2025-0d9278-1@1x.jpeg\" alt=\"Le front de mer de Thessalonique d\u00e9sert\u00e9 \u00e0 cause d'une canicule qui frappe la Gr\u00e8ce le 22 juillet 2025.\" loading=\"lazy\" importance=\"low\" fetchpriority=\"low\" class=\"\" aria-hidden=\"true\"\/><\/p>\n<p class=\"jsx-3657663356 ReadMoreArticle__Title\">Lire aussi<\/p>\n<p class=\"jsx-3657663356\">Chaleurs extr\u00eames et m\u00e9ga-feux : l&rsquo;Europe a v\u00e9cu son 4\u1d49 \u00e9t\u00e9 le plus chaud jamais enregistr\u00e9<\/p>\n<p><\/a><\/p>\n<p data-module=\"article-paragraph\" class=\"jsx-3046738180 Paragraph Paragraph__End\">La France, comme d&rsquo;autres pays europ\u00e9ens, a \u00e9t\u00e9 frapp\u00e9e au mois d&rsquo;ao\u00fbt par cet \u00e9pisode de fortes chaleurs, le deuxi\u00e8me de l&rsquo;\u00e9t\u00e9 apr\u00e8s une premi\u00e8re canicule fin juin et d\u00e9but juillet. \u00c0 l&rsquo;\u00e9chelle mondiale, le mois d&rsquo;ao\u00fbt a \u00e9t\u00e9 le troisi\u00e8me plus chaud jamais mesur\u00e9.<\/p>\n<p>A.B. avec AFP<\/p>\n","protected":false},"excerpt":{"rendered":"Selon les chiffres de Sant\u00e9 publique France, au moins 5% de d\u00e9c\u00e8s de plus que la normale ont&hellip;\n","protected":false},"author":2,"featured_media":65514,"comment_status":"","ping_status":"","sticky":false,"template":"","format":"standard","meta":{"footnotes":""},"categories":[4],"tags":[1111,11,1921,6698,1011,27,1922,45357,12,25,5699,133,6230],"class_list":{"0":"post-382667","1":"post","2":"type-post","3":"status-publish","4":"format-standard","5":"has-post-thumbnail","7":"category-france","8":"tag-actu","9":"tag-actualites","10":"tag-article-video","11":"tag-canicule","12":"tag-fr","13":"tag-france","14":"tag-info","15":"tag-la-france-touchee-par-une-nouvelle-canicule-exceptionnelle-en-2025","16":"tag-news","17":"tag-republique-francaise","18":"tag-sante-publique","19":"tag-video","20":"tag-video-sante-et-bien-etre"},"share_on_mastodon":{"url":"https:\/\/pubeurope.com\/@fr\/115185478805842114","error":""},"_links":{"self":[{"href":"https:\/\/www.europesays.com\/fr\/wp-json\/wp\/v2\/posts\/382667","targetHints":{"allow":["GET"]}}],"collection":[{"href":"https:\/\/www.europesays.com\/fr\/wp-json\/wp\/v2\/posts"}],"about":[{"href":"https:\/\/www.europesays.com\/fr\/wp-json\/wp\/v2\/types\/post"}],"author":[{"embeddable":true,"href":"https:\/\/www.europesays.com\/fr\/wp-json\/wp\/v2\/users\/2"}],"replies":[{"embeddable":true,"href":"https:\/\/www.europesays.com\/fr\/wp-json\/wp\/v2\/comments?post=382667"}],"version-history":[{"count":0,"href":"https:\/\/www.europesays.com\/fr\/wp-json\/wp\/v2\/posts\/382667\/revisions"}],"wp:featuredmedia":[{"embeddable":true,"href":"https:\/\/www.europesays.com\/fr\/wp-json\/wp\/v2\/media\/65514"}],"wp:attachment":[{"href":"https:\/\/www.europesays.com\/fr\/wp-json\/wp\/v2\/media?parent=382667"}],"wp:term":[{"taxonomy":"category","embeddable":true,"href":"https:\/\/www.europesays.com\/fr\/wp-json\/wp\/v2\/categories?post=382667"},{"taxonomy":"post_tag","embeddable":true,"href":"https:\/\/www.europesays.com\/fr\/wp-json\/wp\/v2\/tags?post=382667"}],"curies":[{"name":"wp","href":"https:\/\/api.w.org\/{rel}","templated":true}]}}