{"id":38267,"date":"2025-04-20T06:59:09","date_gmt":"2025-04-20T06:59:09","guid":{"rendered":"https:\/\/www.europesays.com\/fr\/38267\/"},"modified":"2025-04-20T06:59:09","modified_gmt":"2025-04-20T06:59:09","slug":"metropole-de-grenoble-un-homme-de-21-ans-dans-un-etat-grave-apres-des-coups-de-couteau","status":"publish","type":"post","link":"https:\/\/www.europesays.com\/fr\/38267\/","title":{"rendered":"M\u00e9tropole de Grenoble. Un homme de 21 ans dans un \u00e9tat grave apr\u00e8s des coups de couteau"},"content":{"rendered":"<p>Dans des circonstances qui restent encore \u00e0 d\u00e9terminer, un homme \u00e2g\u00e9 de 21 ans a \u00e9t\u00e9 victime de plusieurs coups de couteau, dans la nuit du vendredi 18 au samedi 19 avril, \u00e0 Fontaine. Les faits se sont d\u00e9roul\u00e9s sur le boulevard Paul-Langevin, vers 5\u00a0h\u00a040 du matin.<\/p>\n<p>Tr\u00e8s gri\u00e8vement bless\u00e9, le jeune homme a \u00e9t\u00e9 transport\u00e9<\/p>\n<p>Ce contenu est bloqu\u00e9 car vous n&rsquo;avez pas accept\u00e9 les cookies et autres traceurs.<\/p>\n<p>En cliquant sur \u00ab J\u2019accepte \u00bb, les cookies et autres traceurs seront d\u00e9pos\u00e9s et vous pourrez visualiser les contenus  (<a href=\"\" class=\"consentModule_policy\" target=\"_blank\" title=\"Consulter la politique de protection des donn\u00e9es du fournisseur\">plus d&rsquo;informations<\/a>).<\/p>\n<p>En cliquant sur \u00ab J\u2019accepte tous les cookies \u00bb, vous autorisez des d\u00e9p\u00f4ts de cookies et autres traceurs pour le stockage de vos donn\u00e9es sur nos sites et applications \u00e0 des fins de personnalisation et de ciblage publicitaire.<\/p>\n<p class=\"consentModule_secondaryText\">Vous gardez la possibilit\u00e9 de retirer votre consentement \u00e0 tout moment en consultant notre <a href=\"https:\/\/www.ledauphine.com\/protection-des-donnees\" target=\"_blank\" title=\"Consulter notre politique de protection des donn\u00e9es\" rel=\"noopener\">politique de protection des donn\u00e9es<\/a>. <br \/>&#13;<br \/>\n            <a href=\"https:\/\/www.ledauphine.com\/faits-divers-justice\/2025\/04\/19\/javascript:Didomi.notice.show()\" class=\"consentModule_cmp\" target=\"_blank\" rel=\"noopener\">G\u00e9rer mes choix<\/a>&#13;\n        <\/p>\n<p>&#13;<br \/>\n                        J&rsquo;accepte&#13;<br \/>\n            J&rsquo;accepte tous les cookies&#13;\n        <\/p>\n<p>au service de d\u00e9chocage du CHU Grenoble-Alpes en urgence absolue, par les sapeurs-pompiers.<\/p>\n","protected":false},"excerpt":{"rendered":"Dans des circonstances qui restent encore \u00e0 d\u00e9terminer, un homme \u00e2g\u00e9 de 21 ans a \u00e9t\u00e9 victime de&hellip;\n","protected":false},"author":2,"featured_media":38268,"comment_status":"","ping_status":"","sticky":false,"template":"","format":"standard","meta":{"footnotes":""},"categories":[9566],"tags":[1111,11,2430,112,1777,674,274,107,9592,11680,1011,27,2731,108,12,25],"class_list":{"0":"post-38267","1":"post","2":"type-post","3":"status-publish","4":"format-standard","5":"has-post-thumbnail","7":"category-grenoble","8":"tag-actu","9":"tag-actualites","10":"tag-auvergne-rhone-alpes","11":"tag-edition-grenoble-agglomeration","12":"tag-eu","13":"tag-europe","14":"tag-faits-divers-justice","15":"tag-fil-info","16":"tag-fontaine","17":"tag-fontaine-bassin","18":"tag-fr","19":"tag-france","20":"tag-grenoble","21":"tag-isere","22":"tag-news","23":"tag-republique-francaise"},"share_on_mastodon":{"url":"https:\/\/pubeurope.com\/@fr\/114369001249406536","error":""},"_links":{"self":[{"href":"https:\/\/www.europesays.com\/fr\/wp-json\/wp\/v2\/posts\/38267","targetHints":{"allow":["GET"]}}],"collection":[{"href":"https:\/\/www.europesays.com\/fr\/wp-json\/wp\/v2\/posts"}],"about":[{"href":"https:\/\/www.europesays.com\/fr\/wp-json\/wp\/v2\/types\/post"}],"author":[{"embeddable":true,"href":"https:\/\/www.europesays.com\/fr\/wp-json\/wp\/v2\/users\/2"}],"replies":[{"embeddable":true,"href":"https:\/\/www.europesays.com\/fr\/wp-json\/wp\/v2\/comments?post=38267"}],"version-history":[{"count":0,"href":"https:\/\/www.europesays.com\/fr\/wp-json\/wp\/v2\/posts\/38267\/revisions"}],"wp:featuredmedia":[{"embeddable":true,"href":"https:\/\/www.europesays.com\/fr\/wp-json\/wp\/v2\/media\/38268"}],"wp:attachment":[{"href":"https:\/\/www.europesays.com\/fr\/wp-json\/wp\/v2\/media?parent=38267"}],"wp:term":[{"taxonomy":"category","embeddable":true,"href":"https:\/\/www.europesays.com\/fr\/wp-json\/wp\/v2\/categories?post=38267"},{"taxonomy":"post_tag","embeddable":true,"href":"https:\/\/www.europesays.com\/fr\/wp-json\/wp\/v2\/tags?post=38267"}],"curies":[{"name":"wp","href":"https:\/\/api.w.org\/{rel}","templated":true}]}}