{"id":382676,"date":"2025-09-11T11:47:14","date_gmt":"2025-09-11T11:47:14","guid":{"rendered":"https:\/\/www.europesays.com\/fr\/382676\/"},"modified":"2025-09-11T11:47:14","modified_gmt":"2025-09-11T11:47:14","slug":"les-premiers-mots-de-benjamin-pavard-dans-son-nouveau-club","status":"publish","type":"post","link":"https:\/\/www.europesays.com\/fr\/382676\/","title":{"rendered":"les premiers mots de Benjamin Pavard dans son nouveau club"},"content":{"rendered":"<p>Le nouveau joueur de l\u2019OM a r\u00e9pondu aux m\u00e9dias ce jeudi en conf\u00e9rence de presse. Non sans ambition et impatience. Ses d\u00e9buts sont attendus vendredi au V\u00e9lodrome contre Lorient.<\/p>\n<p class=\"fig-paragraph\">Le sourire est l\u00e0. Le verbe est vif.\u00a0<a href=\"http:\/\/www.lefigaro.fr\/sports\/football\/transferts\/rabiot-pavard-donnarumma-le-bilan-d-un-mercato-a-rebondissements-20250901\" data-fig-type=\"Article\" data-gtm-custom-categorie=\"navigation\" data-gtm-custom-action=\"crossclick\" data-gtm-custom-label=\"Contextuel\" data-gtm-event=\"customEventSPE\" data-fig-domain=\"LEFIGARO\" target=\"_blank\" rel=\"noopener\">Benjamin Pavard<\/a>\u00a0a du mal \u00e0 cacher sa joie et son impatience quand il se pr\u00e9sente face aux m\u00e9dias ce jeudi. Pour sa premi\u00e8re conf\u00e9rence de presse en\u00a0<a href=\"http:\/\/www.lefigaro.fr\/sports\/football\/ligue-1\/qu-est-ce-qu-il-veut-que-je-lui-dise-le-moment-de-confusion-entre-veronique-rabiot-et-un-journaliste-italien-20250911\" data-fig-type=\"NewsFlash\" data-gtm-custom-categorie=\"navigation\" data-gtm-custom-action=\"crossclick\" data-gtm-custom-label=\"Contextuel\" data-gtm-event=\"customEventSPE\" data-fig-domain=\"LEFIGARO\" target=\"_blank\" rel=\"noopener\">tant que joueur de l\u2019OM<\/a>, le d\u00e9fenseur international a pris le temps d\u2019en dire plus sur les raisons de sa venue en fin de mercato et ses ambitions dans son nouveau club.<\/p>\n<p class=\"fig-paragraph\">\u00ab Quand j\u2019ai eu Benatia (directeur sportif de l\u2019OM) au t\u00e9l\u00e9phone, il m\u2019a parl\u00e9 du projet, je suis venu pour \u00e7a, \u00e7a m\u2019a tout de suite s\u00e9duit, avance-t-il avant ses d\u00e9buts au V\u00e9lodrome vendredi contre Lorient. J\u2019ai beaucoup d\u2019\u00e9motions, \u00e7a fait 9 ans que je suis parti de la France, \u00e7a m\u2019a beaucoup manqu\u00e9. Marseille est un grand club aussi. Quand je vois les infrastructures, c\u2019est magnifique. Les supporters sont toujours l\u00e0. J\u2019avais besoin de vivre des \u00e9motions et de me rapprocher de ma famille.\u00bb<\/p>\n<p>                                    <a class=\"fig-a11y-skip a11y-hidden\" href=\"#fig-a11y-skip-main-inarticle\"><br \/>\n        Passer la publicit\u00e9<br \/>\n    <\/a><\/p>\n<p class=\"fig-paragraph\">Plus d\u2019infos \u00e0 venir&#8230;<\/p>\n","protected":false},"excerpt":{"rendered":"Le nouveau joueur de l\u2019OM a r\u00e9pondu aux m\u00e9dias ce jeudi en conf\u00e9rence de presse. Non sans ambition&hellip;\n","protected":false},"author":2,"featured_media":382677,"comment_status":"","ping_status":"","sticky":false,"template":"","format":"standard","meta":{"footnotes":""},"categories":[1412],"tags":[525,1981,814,1451,2257,63,1452,1453,1454,1455,1011,27,3309,66,1307,955,1176,978,93,1980,60],"class_list":{"0":"post-382676","1":"post","2":"type-post","3":"status-publish","4":"format-standard","5":"has-post-thumbnail","7":"category-f1","8":"tag-calendrier","9":"tag-classement","10":"tag-direct","11":"tag-f1","12":"tag-foot","13":"tag-football","14":"tag-formula-1","15":"tag-formula1","16":"tag-formule-1","17":"tag-formule1","18":"tag-fr","19":"tag-france","20":"tag-l1","21":"tag-ligue-1","22":"tag-lille","23":"tag-match","24":"tag-olympique-de-marseille","25":"tag-olympique-lyonnais","26":"tag-psg","27":"tag-resultats","28":"tag-sports"},"share_on_mastodon":{"url":"https:\/\/pubeurope.com\/@fr\/115185506324164648","error":""},"_links":{"self":[{"href":"https:\/\/www.europesays.com\/fr\/wp-json\/wp\/v2\/posts\/382676","targetHints":{"allow":["GET"]}}],"collection":[{"href":"https:\/\/www.europesays.com\/fr\/wp-json\/wp\/v2\/posts"}],"about":[{"href":"https:\/\/www.europesays.com\/fr\/wp-json\/wp\/v2\/types\/post"}],"author":[{"embeddable":true,"href":"https:\/\/www.europesays.com\/fr\/wp-json\/wp\/v2\/users\/2"}],"replies":[{"embeddable":true,"href":"https:\/\/www.europesays.com\/fr\/wp-json\/wp\/v2\/comments?post=382676"}],"version-history":[{"count":0,"href":"https:\/\/www.europesays.com\/fr\/wp-json\/wp\/v2\/posts\/382676\/revisions"}],"wp:featuredmedia":[{"embeddable":true,"href":"https:\/\/www.europesays.com\/fr\/wp-json\/wp\/v2\/media\/382677"}],"wp:attachment":[{"href":"https:\/\/www.europesays.com\/fr\/wp-json\/wp\/v2\/media?parent=382676"}],"wp:term":[{"taxonomy":"category","embeddable":true,"href":"https:\/\/www.europesays.com\/fr\/wp-json\/wp\/v2\/categories?post=382676"},{"taxonomy":"post_tag","embeddable":true,"href":"https:\/\/www.europesays.com\/fr\/wp-json\/wp\/v2\/tags?post=382676"}],"curies":[{"name":"wp","href":"https:\/\/api.w.org\/{rel}","templated":true}]}}