{"id":382680,"date":"2025-09-11T11:49:15","date_gmt":"2025-09-11T11:49:15","guid":{"rendered":"https:\/\/www.europesays.com\/fr\/382680\/"},"modified":"2025-09-11T11:49:15","modified_gmt":"2025-09-11T11:49:15","slug":"%f0%9f%94%b5%e2%9a%aa-om-lorient-quel-onze-des-retours-des-recrues-et-les-internationaux","status":"publish","type":"post","link":"https:\/\/www.europesays.com\/fr\/382680\/","title":{"rendered":"\ud83d\udd35\u26aa OM &#8211; Lorient : Quel onze (des retours, des recrues et les internationaux) ?"},"content":{"rendered":"<p><strong data-start=\"265\" data-end=\"478\">L\u2019OM va tenter de se relancer apr\u00e8s sa d\u00e9faite face \u00e0 Lyon avant la tr\u00eave internationale. Cette pause aurait sans doute permis de tourner la page Rabiot et de lancer r\u00e9ellement la saison en incorporant les recrues comme Aguerd, Pavard ou encore O\u2019Riley.<\/strong><\/p>\n<p>\u00a0<\/p>\n<p>Cette reception de Lorient compte pour la 4e journ\u00e9e de la saison 2025\/2026 de Ligue 1. L\u2019<a href=\"https:\/\/www.footballclubdemarseille.fr\/\" rel=\"nofollow noopener\" target=\"_blank\"><strong>OM<\/strong><\/a>, qui doit s\u2019imposer, pourrait compter sur les retours dans le groupe de <strong>Medina <\/strong>et\u00a0<strong>Paixao<\/strong> ! De plus les recrues <strong>Aguerd, Pavard, Emerson, O\u2019Riley<\/strong> ou encore <strong>Vermeeren<\/strong> vont devoir \u00eatre int\u00e9gr\u00e9s sachant que tous ces joueurs except\u00e9 le lat\u00e9ral gauche n\u2019\u00e9tait pas au centre RLD pendant la tr\u00eave internationale\u2026 Autre interrogation, les retours tardifs des internationaux comme Rulli, Balerdi et Weah\u2026<\/p>\n<p>\u00a0<\/p>\n<p>A lire aussi : <a href=\"https:\/\/www.footballclubdemarseille.fr\/om-actualites\/om-le-message-mobilisateur-de-mehdi-benatia-apres-un-mercato-mouvemente.html\" target=\"_blank\" rel=\"noopener nofollow\">OM : le message mobilisateur de Mehdi Benatia apr\u00e8s un mercato mouvement\u00e9<\/a><\/p>\n<p>\u00a0<\/p>\n<\/p>\n<p>\u00a0<\/p>\n<p>\u00a0<\/p>\n<p>Pavard \u2013 Aguerd en charni\u00e8re, O\u2019Riley au milieu ?<\/p>\n<p>\u00a0<\/p>\n<p data-start=\"1504\" data-end=\"1536\">De Zerbi pourrait laisser les Argentins sur le banc tout comme Weah. Si le coach garde son 4-2-3-1 il pourrait aligner la charni\u00e8re Pavard \u2013 Aguerd. Emerson devrait \u00eatre lanc\u00e9 dans le couloir gauche, Murillo pourrait garder son poste de lat\u00e9ral droit. Au milieu, Gomes sera probablement titulaire avec Hojbjerg, Quid du poste de meneur de jeu, la recrue O\u2019Riley pourrait d\u00e9buter ? En attaque, Greenwood et <strong>Aubameyang<\/strong> pourraient \u00eatre accompagn\u00e9s par<strong> Hamed Traor\u00e9.<\/strong><\/p>\n<p>Le onze probable de l\u2019OM<\/p>\n<p style=\"text-align: center;\" data-start=\"1703\" data-end=\"1822\"><strong>De Lange<br \/>Murillo, Pavard, Aguerd, Emerson<br \/>Gomes, H\u00f8jbjerg<br \/>O\u2019Riley<br \/>Greenwood, Aubameyang, Traor\u00e9<\/strong><\/p>\n<p>\u00a0<\/p>\n<p>A lire aussi : <a href=\"https:\/\/www.footballclubdemarseille.fr\/om-actualites\/mercato-om-adrien-rabiot-sort-du-silence.html\" rel=\"nofollow noopener\" target=\"_blank\">Mercato OM : Adrien Rabiot sort du silence !<\/a><\/p>\n","protected":false},"excerpt":{"rendered":"L\u2019OM va tenter de se relancer apr\u00e8s sa d\u00e9faite face \u00e0 Lyon avant la tr\u00eave internationale. Cette pause&hellip;\n","protected":false},"author":2,"featured_media":382681,"comment_status":"","ping_status":"","sticky":false,"template":"","format":"standard","meta":{"footnotes":""},"categories":[1410],"tags":[63,1011,27,60],"class_list":{"0":"post-382680","1":"post","2":"type-post","3":"status-publish","4":"format-standard","5":"has-post-thumbnail","7":"category-football","8":"tag-football","9":"tag-fr","10":"tag-france","11":"tag-sports"},"share_on_mastodon":{"url":"https:\/\/pubeurope.com\/@fr\/115185514274017175","error":""},"_links":{"self":[{"href":"https:\/\/www.europesays.com\/fr\/wp-json\/wp\/v2\/posts\/382680","targetHints":{"allow":["GET"]}}],"collection":[{"href":"https:\/\/www.europesays.com\/fr\/wp-json\/wp\/v2\/posts"}],"about":[{"href":"https:\/\/www.europesays.com\/fr\/wp-json\/wp\/v2\/types\/post"}],"author":[{"embeddable":true,"href":"https:\/\/www.europesays.com\/fr\/wp-json\/wp\/v2\/users\/2"}],"replies":[{"embeddable":true,"href":"https:\/\/www.europesays.com\/fr\/wp-json\/wp\/v2\/comments?post=382680"}],"version-history":[{"count":0,"href":"https:\/\/www.europesays.com\/fr\/wp-json\/wp\/v2\/posts\/382680\/revisions"}],"wp:featuredmedia":[{"embeddable":true,"href":"https:\/\/www.europesays.com\/fr\/wp-json\/wp\/v2\/media\/382681"}],"wp:attachment":[{"href":"https:\/\/www.europesays.com\/fr\/wp-json\/wp\/v2\/media?parent=382680"}],"wp:term":[{"taxonomy":"category","embeddable":true,"href":"https:\/\/www.europesays.com\/fr\/wp-json\/wp\/v2\/categories?post=382680"},{"taxonomy":"post_tag","embeddable":true,"href":"https:\/\/www.europesays.com\/fr\/wp-json\/wp\/v2\/tags?post=382680"}],"curies":[{"name":"wp","href":"https:\/\/api.w.org\/{rel}","templated":true}]}}