{"id":382684,"date":"2025-09-11T11:51:13","date_gmt":"2025-09-11T11:51:13","guid":{"rendered":"https:\/\/www.europesays.com\/fr\/382684\/"},"modified":"2025-09-11T11:51:13","modified_gmt":"2025-09-11T11:51:13","slug":"peindre-pour-tenir-tete-a-la-maladie-de-parkinson-joelle-le-joncour-expose-a-douarnenez-jusqua-fin-septembre","status":"publish","type":"post","link":"https:\/\/www.europesays.com\/fr\/382684\/","title":{"rendered":"Peindre pour tenir t\u00eate \u00e0 la maladie de Parkinson\u00a0: Jo\u00eblle Le Joncour expose \u00e0 Douarnenez jusqu\u2019\u00e0 fin septembre"},"content":{"rendered":"<p>\u00ab\u00a0Quand je suis en col\u00e8re, je me d\u00e9foule en peignant des \u00e9l\u00e9ments d\u00e9cha\u00een\u00e9s, comme pour tenir en respect la maladie\u00a0\u00bb, confie-t-elle. Ancienne secr\u00e9taire de direction du mus\u00e9e et ex-pr\u00e9sidente de Treizour, Amis du Port-Mus\u00e9e, Jo\u00eblle Le Joncour a repris la peinture il y a une vingtaine d\u2019ann\u00e9es, apr\u00e8s un diagnostic de Parkinson. Retrait\u00e9e depuis, elle combat la maladie avec passion, en se consacrant \u00e0 l\u2019acrylique, une technique vive et directe, \u00e0 son image. Fille de patron p\u00eacheur, elle puise son inspiration dans l\u2019univers maritime\u00a0: vieux gr\u00e9ements, yoles de Bantry, et la Telenn Mor, chaloupe embl\u00e9matique de la baie. Malgr\u00e9 la progression de la maladie, son geste reste s\u00fbr\u00a0: elle capte l\u2019\u00e9nergie des vagues et le vol des go\u00e9lands avec une force expressive intacte. Apr\u00e8s avoir \u00e9t\u00e9 pr\u00e9sent\u00e9e cet \u00e9t\u00e9 au centre social de l\u2019Ulamir \u00e0 Plon\u00e9is, l\u2019exposition \u00ab\u00a0Couleurs sal\u00e9es\u00a0\u00bb de Jo\u00eblle Le Joncour s\u2019installe pour un mois \u00e0 la boutique DZ Livres.<\/p>\n<p>Pratique<\/p>\n<p class=\"note\">DZ Livres, 48 rue Duguay-Trouin \u00e0 Douarnenez.<\/p>\n","protected":false},"excerpt":{"rendered":"\u00ab\u00a0Quand je suis en col\u00e8re, je me d\u00e9foule en peignant des \u00e9l\u00e9ments d\u00e9cha\u00een\u00e9s, comme pour tenir en respect&hellip;\n","protected":false},"author":2,"featured_media":382685,"comment_status":"","ping_status":"","sticky":false,"template":"","format":"standard","meta":{"footnotes":""},"categories":[1358],"tags":[8913,1348,1384,1385,251,1386,58,3320,59,3293,3321,1011,27,11326],"class_list":{"0":"post-382684","1":"post","2":"type-post","3":"status-publish","4":"format-standard","5":"has-post-thumbnail","7":"category-arts-et-design","8":"tag-art-plastique","9":"tag-arts","10":"tag-arts-and-design","11":"tag-arts-et-design","12":"tag-culture","13":"tag-design","14":"tag-divertissement","15":"tag-douarnenez","16":"tag-entertainment","17":"tag-exposition","18":"tag-finistere","19":"tag-fr","20":"tag-france","21":"tag-la-belle-histoire"},"share_on_mastodon":{"url":"https:\/\/pubeurope.com\/@fr\/115185522316748949","error":""},"_links":{"self":[{"href":"https:\/\/www.europesays.com\/fr\/wp-json\/wp\/v2\/posts\/382684","targetHints":{"allow":["GET"]}}],"collection":[{"href":"https:\/\/www.europesays.com\/fr\/wp-json\/wp\/v2\/posts"}],"about":[{"href":"https:\/\/www.europesays.com\/fr\/wp-json\/wp\/v2\/types\/post"}],"author":[{"embeddable":true,"href":"https:\/\/www.europesays.com\/fr\/wp-json\/wp\/v2\/users\/2"}],"replies":[{"embeddable":true,"href":"https:\/\/www.europesays.com\/fr\/wp-json\/wp\/v2\/comments?post=382684"}],"version-history":[{"count":0,"href":"https:\/\/www.europesays.com\/fr\/wp-json\/wp\/v2\/posts\/382684\/revisions"}],"wp:featuredmedia":[{"embeddable":true,"href":"https:\/\/www.europesays.com\/fr\/wp-json\/wp\/v2\/media\/382685"}],"wp:attachment":[{"href":"https:\/\/www.europesays.com\/fr\/wp-json\/wp\/v2\/media?parent=382684"}],"wp:term":[{"taxonomy":"category","embeddable":true,"href":"https:\/\/www.europesays.com\/fr\/wp-json\/wp\/v2\/categories?post=382684"},{"taxonomy":"post_tag","embeddable":true,"href":"https:\/\/www.europesays.com\/fr\/wp-json\/wp\/v2\/tags?post=382684"}],"curies":[{"name":"wp","href":"https:\/\/api.w.org\/{rel}","templated":true}]}}