{"id":382686,"date":"2025-09-11T11:52:20","date_gmt":"2025-09-11T11:52:20","guid":{"rendered":"https:\/\/www.europesays.com\/fr\/382686\/"},"modified":"2025-09-11T11:52:20","modified_gmt":"2025-09-11T11:52:20","slug":"librairie-que-vaut-votre-bail-quand-on-vous-dit-bye-bye","status":"publish","type":"post","link":"https:\/\/www.europesays.com\/fr\/382686\/","title":{"rendered":"Librairie : que vaut votre bail quand on vous dit \u00ab bye bye \u00bb ?"},"content":{"rendered":"<p>\u00c0 Lyon, \u00e0 l\u2019abri de la basilique de Fourvi\u00e8re, La Diog\u00e9noise de librairie exploite une librairie g\u00e9n\u00e9raliste de livres anciens et d&rsquo;occasion, sous l&rsquo;enseigne \u00ab Librairie Diog\u00e8ne \u00bb. Et comme souvent, lorsque le bailleur d\u2019une librairie change, l\u2019augmentation de loyer ou la r\u00e9siliation\u00a0suit peu de temps apr\u00e8s.<\/p>\n<p>D\u2019o\u00f9 la n\u00e9cessit\u00e9 de bien conna\u00eetre la proc\u00e9dure et les moyens l\u00e9gaux de se d\u00e9fendre. Cette d\u00e9cision du Tribunal judiciaire de Lyon, rendue le 7 juillet 2025 (n\u00b0 21\/06398), met en lumi\u00e8re la proc\u00e9dure de d\u00e9termination de l&rsquo;indemnit\u00e9 d&rsquo;\u00e9viction due \u00e0 un locataire commercial \u00e0 la suite d\u2019un cong\u00e9 sans offre de renouvellement. Elle d\u00e9taille le cadre des baux concern\u00e9s, les \u00e9tapes de la non-reconduction, et l&rsquo;importance de l&rsquo;expertise judiciaire pour \u00e9valuer les pr\u00e9judices subis.<\/p>\n<p><strong>Des baux commerciaux renouvel\u00e9s avant une r\u00e9siliation<\/strong><\/p>\n<p>L\u2019\u00e9tablissement de la librairie Diog\u00e8ne Lyonnaise avait conclu trois baux\u00a0: un premier bail portait sur un local au rez-de-chauss\u00e9e de l&rsquo;immeuble, c\u00f4t\u00e9 Sud de l&rsquo;all\u00e9e, d&rsquo;une surface d&rsquo;environ 38 m\u00b2, lequel avait \u00e9t\u00e9 renouvel\u00e9 le 1er octobre 2010 et est arriv\u00e9 \u00e0 expiration le 30 septembre 2019. Un second bail concernait des locaux situ\u00e9s au premier \u00e9tage et au sous-sol de l&rsquo;immeuble, d&rsquo;une surface d&rsquo;environ 147 m\u00b2, renouvel\u00e9 le 1er janvier 2014 et arriv\u00e9 \u00e0 expiration le 31 d\u00e9cembre 2022. Enfin, un troisi\u00e8me bail portait sur un local au rez-de-chauss\u00e9e de l&rsquo;immeuble, c\u00f4t\u00e9 Nord de l&rsquo;all\u00e9e, d&rsquo;une surface de 33 m\u00b2, renouvel\u00e9 le 1er septembre 2014 et arriv\u00e9 \u00e0 expiration le 31 ao\u00fbt 2023. Le bailleur finissait par c\u00e9der les locaux \u00e0 un autre bailleur, qui a initi\u00e9 une proc\u00e9dure de non-renouvellement des baux.<\/p>\n<p><strong>La proc\u00e9dure de non-renouvellement et l&rsquo;action en fixation de l&rsquo;indemnit\u00e9 d&rsquo;\u00e9viction<\/strong><\/p>\n<p>Le nouveau bailleur d\u00e9livrait \u00e0 la SARL La Diog\u00e9noise de librairie des cong\u00e9s sans offre de renouvellement. Le premier cong\u00e9 a \u00e9t\u00e9 d\u00e9livr\u00e9 avec effet au 30 septembre 2019 pour le local situ\u00e9 c\u00f4t\u00e9 Sud de l&rsquo;all\u00e9e. Par des actes d&rsquo;huissier de justice des 20 juin 2022 et 16 f\u00e9vrier 2023, la SCI MI LY7 a \u00e9galement d\u00e9livr\u00e9 des cong\u00e9s sans offre de renouvellement avec effet au 31 d\u00e9cembre 2022 pour le local du premier \u00e9tage et les caves en sous-sol, et au 31 ao\u00fbt 2023 pour le local c\u00f4t\u00e9 Nord de l&rsquo;all\u00e9e.<\/p>\n<p>Mais, conform\u00e9ment aux articles L145-14 et L145-28 du Code de commerce, un cong\u00e9 sans offre de renouvellement ouvre droit pour le locataire \u00e0 une indemnit\u00e9 d&rsquo;\u00e9viction, sauf exceptions pr\u00e9vues par la loi. Et, \u00e0 d\u00e9faut de d\u00e9termination amiable de cette indemnit\u00e9, il appartient g\u00e9n\u00e9ralement au preneur, la librairie Diog\u00e8ne en l\u2019esp\u00e8ce, de saisir le tribunal comp\u00e9tent pour en obtenir la fixation.<\/p>\n<p><strong>L&rsquo;expertise judiciaire pour l&rsquo;\u00e9valuation de l&rsquo;indemnit\u00e9 d&rsquo;\u00e9viction<\/strong><\/p>\n<p>Afin de fixer cette indemnit\u00e9 \u00e0 d\u00e9faut d\u2019accord entre les parties, une expertise judiciaire est n\u00e9cessaire et le tribunal d\u00e9signe alors un expert judiciaire avec pour mission de donner tous les \u00e9l\u00e9ments permettant de d\u00e9terminer le montant de l&rsquo;indemnit\u00e9 d&rsquo;\u00e9viction due en application de l&rsquo;article L145-14 du Code de commerce.<\/p>\n<p>\u00c0 cette fin, il est g\u00e9n\u00e9ralement demand\u00e9 \u00e0 l\u2019expert judiciaire de d\u00e9crire l&rsquo;exploitation du commerce de librairie, en pr\u00e9cisant ses installations, son \u00e9tat, son \u00e9quipement et sa v\u00e9tust\u00e9 \u00e9ventuelle. Il doit \u00e9galement pr\u00e9ciser la surface du local affect\u00e9e \u00e0 cette exploitation et indiquer les commodit\u00e9s ou, au contraire, les inconv\u00e9nients que les lieux pr\u00e9sentent pour l&rsquo;activit\u00e9 de librairie.<\/p>\n<p>Un volet essentiel de sa mission consiste \u00e0 l&rsquo;\u00e9valuation financi\u00e8re de l&rsquo;activit\u00e9. L&rsquo;expert doit donc fournir le chiffre d&rsquo;affaires et les b\u00e9n\u00e9fices nets des derni\u00e8res ann\u00e9es et de l&rsquo;ann\u00e9e en cours. Il doit \u00e9galement pr\u00e9ciser les facteurs locaux de commercialit\u00e9 et, en comparaison avec des exploitations similaires effectu\u00e9es dans des conditions de commercialit\u00e9 comparables, de rechercher la valeur marchande de l&rsquo;exploitation selon les usages de la profession. Cette valeur marchande correspond \u00e0 celle que le vendeur est en droit d&rsquo;attendre d&rsquo;une vente normale de gr\u00e9 \u00e0 gr\u00e9 dans les conditions et circonstances du moment.<\/p>\n<p>De plus, l&rsquo;expert doit analyser les possibilit\u00e9s de r\u00e9installation et l&rsquo;\u00e9tendue du pr\u00e9judice. Il lui incombe de rechercher si la librairie pourra r\u00e9installer son activit\u00e9 \u00e0 proximit\u00e9 et si elle \u00e9prouvera des difficult\u00e9s \u00e0 trouver un nouveau local. Il doit aussi \u00e9valuer les d\u00e9lais n\u00e9cessaires pour une r\u00e9installation et estimer les frais normaux de transfert de l&rsquo;exploitation, ce qui inclut les frais de d\u00e9m\u00e9nagement, de r\u00e9installation, les droits de mutation, et la r\u00e9paration d&rsquo;un \u00e9ventuel trouble commercial. L&rsquo;expert devra \u00e9galement pr\u00e9ciser si ce transfert aura une influence sur la client\u00e8le et s&rsquo;il risque de provoquer des licenciements du personnel en examinant les projets de r\u00e9installation de la librairie et en \u00e9valuant leur viabilit\u00e9.<\/p>\n<p><strong>Valeur du fonds de commerce et pr\u00e9judices accessoires<\/strong><\/p>\n<p>Cette d\u00e9cision du Tribunal judiciaire de Lyon illustre la complexit\u00e9 de la proc\u00e9dure de non-renouvellement d&rsquo;un bail commercial lorsque le bailleur refuse d&rsquo;offrir un renouvellement. Elle souligne l&rsquo;importance cruciale de l&rsquo;expertise judiciaire pour \u00e9valuer de mani\u00e8re contradictoire l&rsquo;indemnit\u00e9 d&rsquo;\u00e9viction, qui doit couvrir non seulement la valeur du fonds de commerce mais \u00e9galement les nombreux pr\u00e9judices accessoires li\u00e9s au transfert d&rsquo;activit\u00e9, tels que les frais de d\u00e9m\u00e9nagement, de r\u00e9installation, le trouble commercial, et l&rsquo;impact sur la client\u00e8le et le personnel.<\/p>\n<p>          Alexandre Duval-Stalla<br \/>\n            <a href=\"http:\/\/www.livreshebdo.fr\/sites\/default\/files\/2024-06\/Alexandre%20Duval-Stalla%20%C2%A9Olivier%20Dion2A1257.jpg\" rel=\"nofollow noopener\" target=\"_blank\"><br \/>\n                            <img loading=\"lazy\" decoding=\"async\" src=\"https:\/\/www.europesays.com\/fr\/wp-content\/uploads\/2025\/09\/Alexandre Duval-Stalla \u00a9Olivier Dion2A1257.jpg\" width=\"344\" height=\"261\" alt=\"\" typeof=\"foaf:Image\" class=\"image-style-encadre\"\/><\/a><\/p>\n<p>Olivier Dion &#8211; Alexandre Duval-Stalla<\/p>\n<p><strong>Alexandre\u00a0Duval-Stalla\u00a0<\/strong>est avocat au barreau de Paris et \u00e9crivain. Ancien secr\u00e9taire de la Conf\u00e9rence\u00a0du barreau de Paris (2005) et ancien\u00a0membre de la commission nationale consultative des droits de l\u2019homme, il est le pr\u00e9sident fondateur de l\u2019association Lire pour en sortir,\u00a0qui promeut la r\u00e9insertion par la lecture des personnes d\u00e9tenues, et du prix litt\u00e9raire Andr\u00e9 Malraux.<\/p>\n<p>Pour t\u00e9l\u00e9charger ce document, vous devez d&rsquo;abord acheter l&rsquo;article correspondant.<\/p>\n","protected":false},"excerpt":{"rendered":"\u00c0 Lyon, \u00e0 l\u2019abri de la basilique de Fourvi\u00e8re, La Diog\u00e9noise de librairie exploite une librairie g\u00e9n\u00e9raliste de&hellip;\n","protected":false},"author":2,"featured_media":382687,"comment_status":"","ping_status":"","sticky":false,"template":"","format":"standard","meta":{"footnotes":""},"categories":[1357],"tags":[1379,58,59,1011,27,1380],"class_list":{"0":"post-382686","1":"post","2":"type-post","3":"status-publish","4":"format-standard","5":"has-post-thumbnail","7":"category-livres","8":"tag-books","9":"tag-divertissement","10":"tag-entertainment","11":"tag-fr","12":"tag-france","13":"tag-livres"},"share_on_mastodon":{"url":"https:\/\/pubeurope.com\/@fr\/115185526625157123","error":""},"_links":{"self":[{"href":"https:\/\/www.europesays.com\/fr\/wp-json\/wp\/v2\/posts\/382686","targetHints":{"allow":["GET"]}}],"collection":[{"href":"https:\/\/www.europesays.com\/fr\/wp-json\/wp\/v2\/posts"}],"about":[{"href":"https:\/\/www.europesays.com\/fr\/wp-json\/wp\/v2\/types\/post"}],"author":[{"embeddable":true,"href":"https:\/\/www.europesays.com\/fr\/wp-json\/wp\/v2\/users\/2"}],"replies":[{"embeddable":true,"href":"https:\/\/www.europesays.com\/fr\/wp-json\/wp\/v2\/comments?post=382686"}],"version-history":[{"count":0,"href":"https:\/\/www.europesays.com\/fr\/wp-json\/wp\/v2\/posts\/382686\/revisions"}],"wp:featuredmedia":[{"embeddable":true,"href":"https:\/\/www.europesays.com\/fr\/wp-json\/wp\/v2\/media\/382687"}],"wp:attachment":[{"href":"https:\/\/www.europesays.com\/fr\/wp-json\/wp\/v2\/media?parent=382686"}],"wp:term":[{"taxonomy":"category","embeddable":true,"href":"https:\/\/www.europesays.com\/fr\/wp-json\/wp\/v2\/categories?post=382686"},{"taxonomy":"post_tag","embeddable":true,"href":"https:\/\/www.europesays.com\/fr\/wp-json\/wp\/v2\/tags?post=382686"}],"curies":[{"name":"wp","href":"https:\/\/api.w.org\/{rel}","templated":true}]}}