{"id":382688,"date":"2025-09-11T11:53:12","date_gmt":"2025-09-11T11:53:12","guid":{"rendered":"https:\/\/www.europesays.com\/fr\/382688\/"},"modified":"2025-09-11T11:53:12","modified_gmt":"2025-09-11T11:53:12","slug":"audiences-10h35-morandini-live-realise-son-record-historique-depuis-son-lancement-sur-cnews-a-pres-de-590-000-et-reste-premiere-chaine-de-france-devant-tf1-et-france-2","status":"publish","type":"post","link":"https:\/\/www.europesays.com\/fr\/382688\/","title":{"rendered":"Audiences 10h35: \u00ab\u00a0Morandini Live\u00a0\u00bb r\u00e9alise son record historique depuis son lancement sur CNews \u00e0 pr\u00e8s de 590.000 et reste premi\u00e8re cha\u00eene de France devant TF1 et France 2"},"content":{"rendered":"<p>C&rsquo;est un record historique ! Hier, entre 10h35 et 12h, Jean-Marc Morandini pr\u00e9sentait, en direct, un nouveau num\u00e9ro de \u00ab\u00a0Morandini Live\u00a0\u00bb sur CNews.<\/p>\n<p>L&rsquo;\u00e9mission, qui \u00e9tait consacr\u00e9e \u00e0 la mobilisation #bloquonstout, a r\u00e9uni 586.000 t\u00e9l\u00e9spectateurs et 13,7 % de part de march\u00e9.\u00a0A noter qu&rsquo;il s&rsquo;agit d&rsquo;un record historique depuis le lancement de l&rsquo;\u00e9mission.\u00a0<\/p>\n<p>Une audience qui permet \u00e0 la cha\u00eene d&rsquo;\u00eatre premi\u00e8re cha\u00eene nationale sur la tranche horaire, devant TF1 et France 2, et premi\u00e8re cha\u00eene info de France.\u00a0<\/p>\n<p><strong>Retrouvez Jean-Marc Morandini et son \u00e9quipe demain, entre 10h35 et 12h, pour un nouveau num\u00e9ro de \u00ab\u00a0Morandini Live\u00a0\u00bb en direct sur CNews.<\/strong><\/p>\n","protected":false},"excerpt":{"rendered":"C&rsquo;est un record historique ! Hier, entre 10h35 et 12h, Jean-Marc Morandini pr\u00e9sentait, en direct, un nouveau num\u00e9ro&hellip;\n","protected":false},"author":2,"featured_media":382689,"comment_status":"","ping_status":"","sticky":false,"template":"","format":"standard","meta":{"footnotes":""},"categories":[1356],"tags":[2367,9722,58,59,1011,27,51560,252,1364],"class_list":{"0":"post-382688","1":"post","2":"type-post","3":"status-publish","4":"format-standard","5":"has-post-thumbnail","7":"category-television","8":"tag-audiences","9":"tag-cnews","10":"tag-divertissement","11":"tag-entertainment","12":"tag-fr","13":"tag-france","14":"tag-morandini-live","15":"tag-television","16":"tag-tv"},"share_on_mastodon":{"url":"https:\/\/pubeurope.com\/@fr\/115185529941599695","error":""},"_links":{"self":[{"href":"https:\/\/www.europesays.com\/fr\/wp-json\/wp\/v2\/posts\/382688","targetHints":{"allow":["GET"]}}],"collection":[{"href":"https:\/\/www.europesays.com\/fr\/wp-json\/wp\/v2\/posts"}],"about":[{"href":"https:\/\/www.europesays.com\/fr\/wp-json\/wp\/v2\/types\/post"}],"author":[{"embeddable":true,"href":"https:\/\/www.europesays.com\/fr\/wp-json\/wp\/v2\/users\/2"}],"replies":[{"embeddable":true,"href":"https:\/\/www.europesays.com\/fr\/wp-json\/wp\/v2\/comments?post=382688"}],"version-history":[{"count":0,"href":"https:\/\/www.europesays.com\/fr\/wp-json\/wp\/v2\/posts\/382688\/revisions"}],"wp:featuredmedia":[{"embeddable":true,"href":"https:\/\/www.europesays.com\/fr\/wp-json\/wp\/v2\/media\/382689"}],"wp:attachment":[{"href":"https:\/\/www.europesays.com\/fr\/wp-json\/wp\/v2\/media?parent=382688"}],"wp:term":[{"taxonomy":"category","embeddable":true,"href":"https:\/\/www.europesays.com\/fr\/wp-json\/wp\/v2\/categories?post=382688"},{"taxonomy":"post_tag","embeddable":true,"href":"https:\/\/www.europesays.com\/fr\/wp-json\/wp\/v2\/tags?post=382688"}],"curies":[{"name":"wp","href":"https:\/\/api.w.org\/{rel}","templated":true}]}}