{"id":38269,"date":"2025-04-20T07:00:14","date_gmt":"2025-04-20T07:00:14","guid":{"rendered":"https:\/\/www.europesays.com\/fr\/38269\/"},"modified":"2025-04-20T07:00:14","modified_gmt":"2025-04-20T07:00:14","slug":"un-homme-de-21-ans-victime-de-plusieurs-coups-de-couteau-lors-dune-rixe-pres-de-grenoble-2","status":"publish","type":"post","link":"https:\/\/www.europesays.com\/fr\/38269\/","title":{"rendered":"Un homme de 21 ans victime de plusieurs coups de couteau lors d\u2019une rixe pr\u00e8s de Grenoble"},"content":{"rendered":"<p>Il a \u00e9t\u00e9 pris en charge \u00e0 l\u2019h\u00f4pital de <a href=\"https:\/\/www.20minutes.fr\/grenoble\/\" class=\"color-ultramarine c-link\" target=\"_blank\" rel=\"noopener\">Grenoble<\/a>, son \u00e9tat \u00e9tant consid\u00e9r\u00e9 en urgence absolue. Un homme \u00e2g\u00e9 de 21 ans a \u00e9t\u00e9 frapp\u00e9 de plusieurs <a href=\"https:\/\/www.20minutes.fr\/dossier\/coup_de_couteau\" class=\"color-ultramarine c-link\" target=\"_blank\" rel=\"noopener\">coups de couteau<\/a> dans la nuit de vendredi \u00e0 samedi \u00e0 Fontaine, pr\u00e8s de Grenoble, en <a href=\"https:\/\/www.20minutes.fr\/societe\/isere\/\" class=\"color-ultramarine c-link\" target=\"_blank\" rel=\"noopener\">Is\u00e8re<\/a>, <a href=\"https:\/\/www.francebleu.fr\/fontaine-un-jeune-homme-de-21-ans-victime-de-plusieurs-coups-de-couteau-5920950\" rel=\"nofollow noopener\" target=\"_blank\" class=\"color-ultramarine c-link\">selon Ici<\/a>. D\u2019apr\u00e8s les informations r\u00e9cup\u00e9r\u00e9es par nos confr\u00e8res aupr\u00e8s des pompiers du secteur, ces blessures seraient cons\u00e9cutives \u00e0 une rixe.<\/p>\n<\/p>\n<p><a href=\"https:\/\/www.leparisien.fr\/faits-divers\/grenoble-un-homme-de-21-ans-grievement-blesse-apres-avoir-recu-des-coups-de-couteau-19-04-2025-6RLZW35SYNHBRNO62BTFK3GLTQ.php\" rel=\"nofollow noopener\" target=\"_blank\" class=\"color-ultramarine c-link\">Comme le rappelle Le Parisien<\/a>, cet incident intervient seulement deux jours apr\u00e8s qu\u2019un <a href=\"https:\/\/www.20minutes.fr\/faits_divers\/4149122-20250417-echirolles-adolescent-poignarde-plusieurs-reprises-devant-lycee-auteur-fuite\" class=\"color-ultramarine c-link\" target=\"_blank\" rel=\"noopener\">adolescent de 17 ans a \u00e9t\u00e9 lui aussi poignard\u00e9 devant son lyc\u00e9e Marie-Curie \u00e0 \u00c9chirolles<\/a>, l\u00e0 encore pr\u00e8s de Grenoble. L\u2019auteur des faits avait ensuite pris la fuite en voiture. La victime avait \u00e9t\u00e9 hospitalis\u00e9e, mais ses jours ne sont pas en danger.<\/p>\n","protected":false},"excerpt":{"rendered":"Il a \u00e9t\u00e9 pris en charge \u00e0 l\u2019h\u00f4pital de Grenoble, son \u00e9tat \u00e9tant consid\u00e9r\u00e9 en urgence absolue. Un&hellip;\n","protected":false},"author":2,"featured_media":38270,"comment_status":"","ping_status":"","sticky":false,"template":"","format":"standard","meta":{"footnotes":""},"categories":[9566],"tags":[1111,47,11,2430,7623,9852,1067,1777,674,118,1011,27,2731,108,12,1072,25,2431,5510],"class_list":{"0":"post-38269","1":"post","2":"type-post","3":"status-publish","4":"format-standard","5":"has-post-thumbnail","7":"category-grenoble","8":"tag-actu","9":"tag-actualite","10":"tag-actualites","11":"tag-auvergne-rhone-alpes","12":"tag-coup-de-couteau","13":"tag-echirolles","14":"tag-enquete","15":"tag-eu","16":"tag-europe","17":"tag-faits-divers","18":"tag-fr","19":"tag-france","20":"tag-grenoble","21":"tag-isere","22":"tag-news","23":"tag-police","24":"tag-republique-francaise","25":"tag-rhone-alpes","26":"tag-rixe"},"share_on_mastodon":{"url":"https:\/\/pubeurope.com\/@fr\/114369005088894993","error":""},"_links":{"self":[{"href":"https:\/\/www.europesays.com\/fr\/wp-json\/wp\/v2\/posts\/38269","targetHints":{"allow":["GET"]}}],"collection":[{"href":"https:\/\/www.europesays.com\/fr\/wp-json\/wp\/v2\/posts"}],"about":[{"href":"https:\/\/www.europesays.com\/fr\/wp-json\/wp\/v2\/types\/post"}],"author":[{"embeddable":true,"href":"https:\/\/www.europesays.com\/fr\/wp-json\/wp\/v2\/users\/2"}],"replies":[{"embeddable":true,"href":"https:\/\/www.europesays.com\/fr\/wp-json\/wp\/v2\/comments?post=38269"}],"version-history":[{"count":0,"href":"https:\/\/www.europesays.com\/fr\/wp-json\/wp\/v2\/posts\/38269\/revisions"}],"wp:featuredmedia":[{"embeddable":true,"href":"https:\/\/www.europesays.com\/fr\/wp-json\/wp\/v2\/media\/38270"}],"wp:attachment":[{"href":"https:\/\/www.europesays.com\/fr\/wp-json\/wp\/v2\/media?parent=38269"}],"wp:term":[{"taxonomy":"category","embeddable":true,"href":"https:\/\/www.europesays.com\/fr\/wp-json\/wp\/v2\/categories?post=38269"},{"taxonomy":"post_tag","embeddable":true,"href":"https:\/\/www.europesays.com\/fr\/wp-json\/wp\/v2\/tags?post=38269"}],"curies":[{"name":"wp","href":"https:\/\/api.w.org\/{rel}","templated":true}]}}