{"id":382690,"date":"2025-09-11T11:54:13","date_gmt":"2025-09-11T11:54:13","guid":{"rendered":"https:\/\/www.europesays.com\/fr\/382690\/"},"modified":"2025-09-11T11:54:13","modified_gmt":"2025-09-11T11:54:13","slug":"jul-va-diffuser-son-concert-au-stade-de-france-au-cinema","status":"publish","type":"post","link":"https:\/\/www.europesays.com\/fr\/382690\/","title":{"rendered":"Jul va diffuser son concert au Stade de France au cin\u00e9ma"},"content":{"rendered":"<p>Le concert historique de l&rsquo;artiste marseillais, qui s&rsquo;est d\u00e9roul\u00e9 le 26 avril dernier au Stade de France, va \u00eatre diffus\u00e9 sur grand \u00e9cran les 30 octobre, 1er et 2 novembre prochains.<\/p>\n<p>Jul va investir les salles de cin\u00e9ma. Le rappeur a annonc\u00e9 que son concert au Stade de France, qui s&rsquo;est d\u00e9roul\u00e9 en avril dernier, serait diffus\u00e9 sur grand \u00e9cran en France, en Belgique, au Luxembourg et en Suisse, les 30 octobre, 1er et 2 novembre prochains.<\/p>\n<blockquote class=\"embed embed_quote\"><p>\u00ab\u00a0Ma team rdv au cin\u00e9ma. J&rsquo;vais diffuser mon concert au Stade de France en entier le 30 octobre, 1er novembre et 2 novembre pour que tout le monde puisse en profiter. Les tickets seront bient\u00f4t dispos\u00a0\u00bb, a indiqu\u00e9 le rappeur marseillais sur Instagram.<\/p><\/blockquote>\n<p>Le 26 avril dernier, Jul avait investi le Stade de France o\u00f9 il s&rsquo;\u00e9tait produit devant plus de 97.000 spectateurs, un record historique d&rsquo;affluence pour un concert dans l&rsquo;enceinte parisienne. Les billets pour le concert s&rsquo;\u00e9taient vendus en quelques minutes en 2024 et le show avait \u00e9t\u00e9 retransmis en direct lors d&rsquo;<a href=\"https:\/\/www.bfmtv.com\/people\/musique\/jul-annonce-un-livestream-payant-pour-suivre-son-concert-au-stade-de-france_AN-202504250401.html\" title=\"Jul annonce un livestream payant pour suivre son concert au Stade de France\" class=\"internal_link\" rel=\"nofollow noopener\" target=\"_blank\">un livestream payant<\/a>.<\/p>\n<p>Un format de plus en plus populaire en salles<\/p>\n<p>Depuis plusieurs ann\u00e9es, les captations de concerts sont de plus en plus en vogue au cin\u00e9ma. Avant Jul, d&rsquo;autres rappeurs comme <a href=\"https:\/\/www.bfmtv.com\/people\/cinema\/un-concert-d-orelsan-diffuse-au-cinema-en-septembre-pour-une-seance-unique_AN-202306200676.html\" title=\"Un concert d&#039;Orelsan diffus\u00e9 au cin\u00e9ma en septembre pour une s\u00e9ance unique\" class=\"internal_link\" rel=\"nofollow noopener\" target=\"_blank\">Orelsan<\/a> ou de <a href=\"https:\/\/www.bfmtv.com\/people\/musique\/concerts-sur-grand-ecran-le-rappeur-sch-debarque-en-salles_AD-202311230576.html\" title=\"Concerts sur grand \u00e9cran: le rappeur SCH d\u00e9barque en salles\" class=\"internal_link\" rel=\"nofollow noopener\" target=\"_blank\">SCH<\/a> avaient eux aussi investi les salles pour diffuser une retransmission de leurs shows.<\/p>\n<p>D&rsquo;autres stars telles que <a href=\"https:\/\/www.bfmtv.com\/people\/cinema\/cris-danse-chants-les-fans-de-taylor-swift-se-dechainent-dans-les-salles-de-cinema_AD-202310140186.html\" title=\"Cris, danse, chants, les fans de Taylor Swift se d\u00e9cha\u00eenent dans les salles de cin\u00e9ma\" class=\"internal_link\" rel=\"nofollow noopener\" target=\"_blank\">Taylor Swift<\/a>, Coldplay, <a href=\"https:\/\/www.bfmtv.com\/people\/musique\/renaissance-ce-que-l-on-sait-du-film-de-beyonce-au-cinema-ce-vendredi_AN-202312010181.html\" title=\"&quot;Renaissance&quot;: ce que l&#039;on sait du film de Beyonc\u00e9, au cin\u00e9ma ce vendredi\" class=\"internal_link\" rel=\"nofollow noopener\" target=\"_blank\">Beyonc\u00e9<\/a> ou encore le groupe BTS se sont \u00e9galement pr\u00eat\u00e9es \u00e0 l&rsquo;exercice avec des shows sp\u00e9cialement remont\u00e9s et remix\u00e9s pour \u00eatre visionn\u00e9s en salles.<\/p>\n<p>En France, Myl\u00e8ne Farmer d\u00e9tient le record <a href=\"https:\/\/www.bfmtv.com\/people\/cinema\/nevermore-le-film-de-mylene-farmer-bat-tous-les-records-lors-de-sa-projection-unique_AN-202411080595.html\" title=\"&quot;Nevermore&quot;: le film de Myl\u00e8ne Farmer bat tous les records lors de sa projection unique\" class=\"internal_link\" rel=\"nofollow noopener\" target=\"_blank\">du plus grand nombre d&rsquo;entr\u00e9es pour la captation d&rsquo;un concert<\/a> au cin\u00e9ma, avec plus de 210.000 spectateurs, dont 200.000 rien qu&rsquo;en France. \u00c0 voir si le show de Jul arrivera \u00e0 s\u00e9duire autant d&rsquo;adeptes et \u00e0 d\u00e9passer ce chiffre.<\/p>\n","protected":false},"excerpt":{"rendered":"Le concert historique de l&rsquo;artiste marseillais, qui s&rsquo;est d\u00e9roul\u00e9 le 26 avril dernier au Stade de France, va&hellip;\n","protected":false},"author":2,"featured_media":238229,"comment_status":"","ping_status":"","sticky":false,"template":"","format":"standard","meta":{"footnotes":""},"categories":[1355],"tags":[58,59,1011,27,1361,873],"class_list":{"0":"post-382690","1":"post","2":"type-post","3":"status-publish","4":"format-standard","5":"has-post-thumbnail","7":"category-musique","8":"tag-divertissement","9":"tag-entertainment","10":"tag-fr","11":"tag-france","12":"tag-music","13":"tag-musique"},"share_on_mastodon":{"url":"https:\/\/pubeurope.com\/@fr\/115185533897122467","error":""},"_links":{"self":[{"href":"https:\/\/www.europesays.com\/fr\/wp-json\/wp\/v2\/posts\/382690","targetHints":{"allow":["GET"]}}],"collection":[{"href":"https:\/\/www.europesays.com\/fr\/wp-json\/wp\/v2\/posts"}],"about":[{"href":"https:\/\/www.europesays.com\/fr\/wp-json\/wp\/v2\/types\/post"}],"author":[{"embeddable":true,"href":"https:\/\/www.europesays.com\/fr\/wp-json\/wp\/v2\/users\/2"}],"replies":[{"embeddable":true,"href":"https:\/\/www.europesays.com\/fr\/wp-json\/wp\/v2\/comments?post=382690"}],"version-history":[{"count":0,"href":"https:\/\/www.europesays.com\/fr\/wp-json\/wp\/v2\/posts\/382690\/revisions"}],"wp:featuredmedia":[{"embeddable":true,"href":"https:\/\/www.europesays.com\/fr\/wp-json\/wp\/v2\/media\/238229"}],"wp:attachment":[{"href":"https:\/\/www.europesays.com\/fr\/wp-json\/wp\/v2\/media?parent=382690"}],"wp:term":[{"taxonomy":"category","embeddable":true,"href":"https:\/\/www.europesays.com\/fr\/wp-json\/wp\/v2\/categories?post=382690"},{"taxonomy":"post_tag","embeddable":true,"href":"https:\/\/www.europesays.com\/fr\/wp-json\/wp\/v2\/tags?post=382690"}],"curies":[{"name":"wp","href":"https:\/\/api.w.org\/{rel}","templated":true}]}}