{"id":382691,"date":"2025-09-11T11:55:21","date_gmt":"2025-09-11T11:55:21","guid":{"rendered":"https:\/\/www.europesays.com\/fr\/382691\/"},"modified":"2025-09-11T11:55:21","modified_gmt":"2025-09-11T11:55:21","slug":"sergi-lopez-pour-sirat-france-inter","status":"publish","type":"post","link":"https:\/\/www.europesays.com\/fr\/382691\/","title":{"rendered":"Sergi Lopez pour \u00ab\u00a0Sir\u0101t\u00a0\u00bb | France Inter"},"content":{"rendered":"<p class=\"PopSlotParagraph qg-tx2 qg-xtra-lh svelte-1r0pyek\">Depuis le 3 septembre,\u00a0Sergi Lopez est \u00e0 l\u2019affiche de \u00ab\u00a0Sir\u0101t\u00a0\u00bb, un film du r\u00e9alisateur franco-espagnol Oliver Laxe (se prononce \u00ab\u00a0lach\u00e9\u00a0\u00bb) qui a obtenu le Prix du jury lors du dernier Festival de Cannes, ex-aequo avec \u00ab\u00a0Sound of Falling\u00a0\u00bb de Mascha Schilinski. Sergo Lopez partage l\u2019affiche avec Bruno N\u00fa\u00f1ez, Stefania Gadda, Joshua Liam Henderson, Tonin Janvier, Jade Oukid et Richard Bellamy.<\/p>\n<p class=\"PopSlotParagraph qg-tx2 qg-xtra-lh svelte-1r0pyek\">R\u00e9sum\u00e9\u00a0: Au c\u0153ur des montagnes du sud du Maroc, Luis, accompagn\u00e9 de son fils Est\u00e9ban, recherche sa fille a\u00een\u00e9e qui a disparu. Ils rallient un groupe de ravers lanc\u00e9 \u00e0 la recherche d\u2019une \u00e9ni\u00e8me f\u00eate dans les profondeurs du d\u00e9sert. Ils s\u2019enfoncent dans l\u2019immensit\u00e9 br\u00fblante d\u2019un miroir de sable qui les confronte \u00e0 leurs propres limites.<\/p>\n<p class=\"qg-sr-only\" role=\"heading\" aria-level=\"3\">Pour voir ce contenu, acceptez les cookies.<\/p>\n<p class=\"ConsentNotice-description qg-tx3 svelte-m9wmt1\">Pour afficher ce contenu Youtube, vous devez accepter les cookies <b>Publicit\u00e9<\/b>.<br \/>Ces cookies permettent \u00e0 nos partenaires de vous proposer des publicit\u00e9s et des contenus personnalis\u00e9s en fonction de votre navigation, de votre profil et de vos centres d&rsquo;int\u00e9r\u00eat. <\/p>\n<p>  G\u00e9rer mes choix     J&rsquo;autorise  <\/p>\n<p class=\"PopSlotParagraph qg-tx2 qg-xtra-lh svelte-1r0pyek\"><strong>Autres actus\u00a0:<\/strong><\/p>\n<ul>\n<li>Sergi Lopez est en tourn\u00e9e avec son seul-en-sc\u00e8ne \u00ab\u00a0Non Solum\u00a0\u00bb, cr\u00e9\u00e9 il y a 20 ans avec son metteur en sc\u00e8ne Jorge Pico. Il l\u2019a jou\u00e9 cet \u00e9t\u00e9 au Festival Off d\u2019Avignon. Dates\u00a0: 6\/11 Saint-\u00c9tienne-du-Rouvray, 13\/11 Lanester, 14\/11 Ancenis, 15\/11 Granville, 25\/11 Bourg-en-Bresse, 26\/11 Bourg-en-Bresse, 28\/11 Veigy<\/li>\n<li>Au cin\u00e9ma, on le retrouvera dans \u00ab\u00a0The Black Land\u00a0\u00bb, un film espagnol d\u2019Alberto Morais qui sera pr\u00e9sent\u00e9 au Festival de San Sebastian (qui aura lieu du 19 au 27 septembre).<\/li>\n<li>Au d\u00e9but de l\u2019ann\u00e9e, il a tourn\u00e9 dans \u00ab\u00a0La Baleine\u00a0\u00bb, le premier film du r\u00e9alisateur Sylv\u00e8re Petit.<\/li>\n<\/ul>\n<p class=\"PopSlotParagraph qg-tx2 qg-xtra-lh svelte-1r0pyek\"><strong>L&rsquo;invit\u00e9 sp\u00e9cialiste\u00a0:<\/strong><\/p>\n<ul>\n<li><strong>Nicolas Bresson<\/strong>, journaliste ind\u00e9pendant dans la presse musicale, sp\u00e9cialis\u00e9 musique \u00e9lectronique, depuis une vingtaine d&rsquo;ann\u00e9es (Trax, Tsugi, Lib\u00e9ration).<\/li>\n<\/ul>\n<p>La Bande Originale de\u00a0Sergi Lopez<\/p>\n<ul>\n<li><strong>1986<\/strong> Kiko Veneno \u00ab\u00a0Lobo Lopez\u00a0\u00bb<\/li>\n<li><strong>1990<\/strong>\u00a0Les Rita Mitsouko \u00ab\u00a0Jalousie\u00a0\u00bb<\/li>\n<\/ul>\n<p class=\"PopSlotParagraph qg-tx2 qg-xtra-lh svelte-1r0pyek\">\u25ba\u25ba Retrouvez la Bande Originale sur\u00a0<a href=\"https:\/\/www.facebook.com\/La-Bande-Originale-France-Inter-262372190625169\/\" target=\"_blank\" rel=\"noopener noreferrer nofollow\" class=\"\" data-testid=\"link\"><strong>notre page Facebook<\/strong><\/a>\u00a0<strong>et sur notre<\/strong>\u00a0<a href=\"https:\/\/www.instagram.com\/labointer\/\" target=\"_blank\" rel=\"noopener noreferrer nofollow\" class=\"\" data-testid=\"link\"><strong>compte Instagram<\/strong><\/a>\u00a0<strong>avec toutes les photos et informations des \u00e9missions.<\/strong><\/p>\n<p> <script async src=\"\/\/www.instagram.com\/embed.js\"><\/script><\/p>\n","protected":false},"excerpt":{"rendered":"Depuis le 3 septembre,\u00a0Sergi Lopez est \u00e0 l\u2019affiche de \u00ab\u00a0Sir\u0101t\u00a0\u00bb, un film du r\u00e9alisateur franco-espagnol Oliver Laxe (se&hellip;\n","protected":false},"author":2,"featured_media":382692,"comment_status":"","ping_status":"","sticky":false,"template":"","format":"standard","meta":{"footnotes":""},"categories":[1354],"tags":[58,59,1346,1011,27,1360],"class_list":{"0":"post-382691","1":"post","2":"type-post","3":"status-publish","4":"format-standard","5":"has-post-thumbnail","7":"category-films","8":"tag-divertissement","9":"tag-entertainment","10":"tag-films","11":"tag-fr","12":"tag-france","13":"tag-movies"},"share_on_mastodon":{"url":"https:\/\/pubeurope.com\/@fr\/115185537897183375","error":""},"_links":{"self":[{"href":"https:\/\/www.europesays.com\/fr\/wp-json\/wp\/v2\/posts\/382691","targetHints":{"allow":["GET"]}}],"collection":[{"href":"https:\/\/www.europesays.com\/fr\/wp-json\/wp\/v2\/posts"}],"about":[{"href":"https:\/\/www.europesays.com\/fr\/wp-json\/wp\/v2\/types\/post"}],"author":[{"embeddable":true,"href":"https:\/\/www.europesays.com\/fr\/wp-json\/wp\/v2\/users\/2"}],"replies":[{"embeddable":true,"href":"https:\/\/www.europesays.com\/fr\/wp-json\/wp\/v2\/comments?post=382691"}],"version-history":[{"count":0,"href":"https:\/\/www.europesays.com\/fr\/wp-json\/wp\/v2\/posts\/382691\/revisions"}],"wp:featuredmedia":[{"embeddable":true,"href":"https:\/\/www.europesays.com\/fr\/wp-json\/wp\/v2\/media\/382692"}],"wp:attachment":[{"href":"https:\/\/www.europesays.com\/fr\/wp-json\/wp\/v2\/media?parent=382691"}],"wp:term":[{"taxonomy":"category","embeddable":true,"href":"https:\/\/www.europesays.com\/fr\/wp-json\/wp\/v2\/categories?post=382691"},{"taxonomy":"post_tag","embeddable":true,"href":"https:\/\/www.europesays.com\/fr\/wp-json\/wp\/v2\/tags?post=382691"}],"curies":[{"name":"wp","href":"https:\/\/api.w.org\/{rel}","templated":true}]}}