{"id":382695,"date":"2025-09-11T11:57:09","date_gmt":"2025-09-11T11:57:09","guid":{"rendered":"https:\/\/www.europesays.com\/fr\/382695\/"},"modified":"2025-09-11T11:57:09","modified_gmt":"2025-09-11T11:57:09","slug":"je-ne-suis-pas-un","status":"publish","type":"post","link":"https:\/\/www.europesays.com\/fr\/382695\/","title":{"rendered":"Je ne suis pas un&#8230;"},"content":{"rendered":"<p>L&rsquo;international fran\u00e7ais se confie sur<br \/>\nson positionnement hybride au PSG et les conseils de son<br \/>\nentra\u00eeneur, Luis Enrique.<\/p>\n<p>Ailier de formation, Ousmane Demb\u00e9l\u00e9 s\u2019est mu\u00e9 en num\u00e9ro neuf du<br \/>\nParis Saint-Germain lors de la saison 2024-25. Un repositionnement<br \/>\nr\u00e9ussi orchestr\u00e9 par l\u2019entra\u00eeneur Luis Enrique, qui a permis \u00e0<br \/>\nl\u2019attaquant fran\u00e7ais de vivre, sans conteste, la plus grande saison<br \/>\nde sa carri\u00e8re.<\/p>\n<p>Si cette ann\u00e9e a \u00e9t\u00e9 marqu\u00e9e par un tripl\u00e9 national (Ligue 1,<br \/>\nCoupe de France, Troph\u00e9e des champions) et un succ\u00e8s en Ligue des<br \/>\nChampions, le champion du monde tricolore a affirm\u00e9 appr\u00e9cier son<br \/>\nnouveau poste, sans pour autant se sentir pleinement l\u2019\u00e2me d\u2019un<br \/>\nbuteur.<\/p>\n<p>Demb\u00e9l\u00e9 appr\u00e9cie sa libert\u00e9<\/p>\n<p>\u00ab\u00a0Je pr\u00e9f\u00e8re le but \u00e0 la passe (rires). Quand tu<br \/>\nmarques des buts, c\u2019est bien. Surtout quand tu es num\u00e9ro neuf. Me<br \/>\nconcernant, on me dit : \u2018Ousmane, tu es num\u00e9ro neuf\u2019, mais en<br \/>\nr\u00e9alit\u00e9, je suis un peu partout sur le terrain. Apr\u00e8s, quand tu es<br \/>\ndans l\u2019axe, il faut que tu marques des buts parce que les ailiers<br \/>\nte servent \u00e9norm\u00e9ment. Tu es oblig\u00e9 de r\u00e9pondre pr\u00e9sent et de<br \/>\nprofiter de leurs offrandes. Aujourd\u2019hui, je pr\u00e9f\u00e8re clairement le<br \/>\nbut, surtout quand je suis dans l\u2019axe. Je me consid\u00e8re comme un<br \/>\njoueur un peu libre sur le terrain. Je ne suis pas un vrai<br \/>\n9\u00a0\u00bb, a fait savoir le Normand \u00e0 Onze<br \/>\nMondial.<\/p>\n<p>Demb\u00e9l\u00e9 a aussi salu\u00e9 l\u2019impact de l\u2019impact du coach asturien sur<br \/>\nsa progression. \u00ab\u00a0Il me donne quelques conseils. Apr\u00e8s,<br \/>\ncette position axiale, je la connais. Si on me positionne dans<br \/>\nl\u2019axe, je ne vais pas jouer de la m\u00eame fa\u00e7on que lorsqu\u2019on me met<br \/>\ndans le couloir. Luis Enrique est un tr\u00e8s grand coach qui a de tr\u00e8s<br \/>\nbonnes id\u00e9es. Il m\u2019a donn\u00e9 beaucoup de libert\u00e9 sur le terrain.<br \/>\nC\u2019est quelque chose qui me pla\u00eet et que j\u2019aime\u00a0\u00bb, a-t-il<br \/>\najout\u00e9.<\/p>\n<p>EN BREF<\/p>\n<ul class=\"bloc_resume_post_list\">\n<li>Lors de la saison 2024-25, Ousmane Demb\u00e9l\u00e9 a \u00e9t\u00e9 repositionn\u00e9<br \/>\nen num\u00e9ro neuf au Paris Saint-Germain par l&rsquo;entra\u00eeneur Luis<br \/>\nEnrique.<\/li>\n<li>Ce repositionnement a permis \u00e0 Demb\u00e9l\u00e9 de remporter un tripl\u00e9<br \/>\nnational et la Ligue des Champions, bien qu&rsquo;il ne se consid\u00e8re pas<br \/>\ncomme un v\u00e9ritable buteur.<\/li>\n<li>Demb\u00e9l\u00e9 appr\u00e9cie la libert\u00e9 que lui offre son nouveau poste et<br \/>\nreconna\u00eet l&rsquo;impact positif de Luis Enrique sur sa progression.<\/li>\n<\/ul>\n","protected":false},"excerpt":{"rendered":"L&rsquo;international fran\u00e7ais se confie sur son positionnement hybride au PSG et les conseils de son entra\u00eeneur, Luis Enrique.&hellip;\n","protected":false},"author":2,"featured_media":382696,"comment_status":"","ping_status":"","sticky":false,"template":"","format":"standard","meta":{"footnotes":""},"categories":[9],"tags":[1011,27,60],"class_list":{"0":"post-382695","1":"post","2":"type-post","3":"status-publish","4":"format-standard","5":"has-post-thumbnail","7":"category-sports","8":"tag-fr","9":"tag-france","10":"tag-sports"},"share_on_mastodon":{"url":"https:\/\/pubeurope.com\/@fr\/115185545677016844","error":""},"_links":{"self":[{"href":"https:\/\/www.europesays.com\/fr\/wp-json\/wp\/v2\/posts\/382695","targetHints":{"allow":["GET"]}}],"collection":[{"href":"https:\/\/www.europesays.com\/fr\/wp-json\/wp\/v2\/posts"}],"about":[{"href":"https:\/\/www.europesays.com\/fr\/wp-json\/wp\/v2\/types\/post"}],"author":[{"embeddable":true,"href":"https:\/\/www.europesays.com\/fr\/wp-json\/wp\/v2\/users\/2"}],"replies":[{"embeddable":true,"href":"https:\/\/www.europesays.com\/fr\/wp-json\/wp\/v2\/comments?post=382695"}],"version-history":[{"count":0,"href":"https:\/\/www.europesays.com\/fr\/wp-json\/wp\/v2\/posts\/382695\/revisions"}],"wp:featuredmedia":[{"embeddable":true,"href":"https:\/\/www.europesays.com\/fr\/wp-json\/wp\/v2\/media\/382696"}],"wp:attachment":[{"href":"https:\/\/www.europesays.com\/fr\/wp-json\/wp\/v2\/media?parent=382695"}],"wp:term":[{"taxonomy":"category","embeddable":true,"href":"https:\/\/www.europesays.com\/fr\/wp-json\/wp\/v2\/categories?post=382695"},{"taxonomy":"post_tag","embeddable":true,"href":"https:\/\/www.europesays.com\/fr\/wp-json\/wp\/v2\/tags?post=382695"}],"curies":[{"name":"wp","href":"https:\/\/api.w.org\/{rel}","templated":true}]}}