{"id":382697,"date":"2025-09-11T11:58:16","date_gmt":"2025-09-11T11:58:16","guid":{"rendered":"https:\/\/www.europesays.com\/fr\/382697\/"},"modified":"2025-09-11T11:58:16","modified_gmt":"2025-09-11T11:58:16","slug":"harry-de-retour-a-buckingham-il-y-a-eu-une-discussion-assez-houleuse-avec-william","status":"publish","type":"post","link":"https:\/\/www.europesays.com\/fr\/382697\/","title":{"rendered":"Harry de retour \u00e0 Buckingham\u00a0? \u00ab\u00a0Il y a eu une discussion assez houleuse avec William\u00a0\u00bb"},"content":{"rendered":"<p class=\"text-left ap-StoryElement ap-StoryElement--mb js-paywall-target ap-StoryText\">Sauf pour des causes qui lui tiennent \u00e0 c\u0153ur. Comme ce mercredi o\u00f9 il a saisi l&rsquo;occasion pour voir son p\u00e8re. Maintenant, d&rsquo;o\u00f9 est partie l&rsquo;initiative\u00a0? \u00c7a, forc\u00e9ment, on ne le sait pas trop. Moi, j&rsquo;ai toujours eu tendance \u00e0 penser que Charles est en train d&rsquo;essayer de mettre de l&rsquo;huile dans les rouages car il aimerait vraiment bien arriver \u00e0 une r\u00e9conciliation entre ses fils.\u00a0\u00bb<\/p>\n<p><a href=\"https:\/\/www.lalibre.be\/lifestyle\/people\/2025\/09\/10\/le-prince-harry-arrive-chez-son-pere-le-roi-charles-iii-pour-une-premiere-rencontre-depuis-fevrier-2024-DWD224CYWFBYVEKLRYUC4NWEOY\/\" target=\"_blank\" rel=\"noopener noreferrer\" class=\"ap-StoryInterstitialLink ap-StoryElement ap-StoryElement--mb\">L&rsquo;heure de la r\u00e9conciliation a-t-elle sonn\u00e9? Le prince Harry et son p\u00e8re le roi Charles III se sont vus mercredi, ce que l&rsquo;on sait<\/a>Quel \u00e9tait le but de cette rencontre\u00a0?<\/p>\n<p class=\"ap-StoryElement ap-StoryElement--mb ap-StoryText\">\u00ab\u00a0La derni\u00e8re fois qu&rsquo;ils se sont vus, c&rsquo;est quand Charles a annonc\u00e9 qu&rsquo;il avait le cancer, ce qui remet des choses en perspective. Charles a eu cette id\u00e9e, tant qu&rsquo;il est roi, de rapprocher ses deux fils. Notamment aussi parce qu&rsquo;il faut toujours se rendre compte qu&rsquo;assurer les activit\u00e9s officielles pour la couronne britannique, c&rsquo;est un s\u00e9rieux boulot. Et il manque un peu de professionnels pour l&rsquo;assurer. Dans le temps d\u00e9j\u00e0, la reine Elisabeth a fait un peu le m\u00e9nage en \u00e9loignant des membres plus lointains de la famille royale. Elle a regroup\u00e9 le noyau de la famille, et donc il \u00e9tait clair que les t\u00e2ches se partageaient entre Charles, Camilla, William, Kate, Harry et Meghan. \u00c0 partir du moment o\u00f9 il y a un tiers du dispositif qui ne r\u00e9pond plus, il y a quand m\u00eame pas mal d&rsquo;activit\u00e9s \u00e0 remplir.<\/p>\n<p class=\"text-left ap-StoryElement ap-StoryElement--mb ap-StoryText\">Et puis, il y a aussi un facteur tout \u00e0 fait humain\u00a0: Charles aimerait voir ses petits-enfants. Mais il ne les voit pas, et \u00e7a, je pense, pour un grand-p\u00e8re, c&rsquo;est vraiment dur. Ici, Meghan n&rsquo;est pas venue ni les enfants, toujours \u00e0 cause de ce probl\u00e8me de s\u00e9curit\u00e9. L&rsquo;histoire de sa m\u00e8re traqu\u00e9e par les photographes et les paparazzi a traumatis\u00e9 Harry. Et il n&rsquo;a pas du tout envie de revivre \u00e7a.\u00a0\u00bb<\/p>\n<p>Qu&rsquo;en est-il de William\u00a0?<\/p>\n<p class=\"ap-StoryElement ap-StoryElement--mb ap-StoryText\">\u00ab\u00a0Apparemment, d&rsquo;apr\u00e8s les \u00e9chos qu&rsquo;on a pu avoir, il y a eu une discussion assez houleuse avec William par rapport \u00e0 \u00e7a. Il ne veut en aucun cas entendre parler de r\u00e9conciliation suite \u00e0 la publication du livre. Apr\u00e8s, les Windsor, c&rsquo;est un peu comme une saga ou une s\u00e9rie sur Netflix, il se passe toujours quelque chose. Mais dans l&rsquo;\u00e9tat actuel des choses, c&rsquo;est non. Je pense que le seul levier qui pourrait changer les choses, ce serait que Charles arrive \u00e0 le convaincre. Pour le moment, ce n&rsquo;est pas le cas.\u00a0\u00bb<\/p>\n<p><a href=\"https:\/\/www.lalibre.be\/international\/europe\/2025\/08\/06\/le-prince-harry-dedouane-daccusations-de-harcelement-dans-son-ong-mais-remonte-contre-sa-presidente-HK4OOOTX7ZAGRNNR6WZVIF6BVM\/\" target=\"_blank\" rel=\"noopener noreferrer\" class=\"ap-StoryInterstitialLink ap-StoryElement ap-StoryElement--mb\">Le prince Harry d\u00e9douan\u00e9 d&rsquo;accusations de harc\u00e8lement dans son ONG, mais remont\u00e9 contre sa pr\u00e9sidente<\/a>Un retour \u00e0 Buckingham est-il possible\u00a0?<\/p>\n<p class=\"ap-StoryElement ap-StoryElement--mb ap-StoryText\">\u00ab\u00a0Honn\u00eatement, je l&rsquo;ignore. Le palais a communiqu\u00e9 le minimum syndical jusqu&rsquo;\u00e0 pr\u00e9sent. Et s&rsquo;il y avait une grande annonce \u00e0 faire, je pense qu&rsquo;ils l&rsquo;auraient d\u00e9j\u00e0 faite dans la foul\u00e9e. Je n&rsquo;ai pas une boule de cristal, mais le rendez-vous de ce mercredi ressemblait \u00e0 une prise de contact pour essayer de pr\u00e9parer un retour, ou en tout cas un retour partiel. Pour Harry tout du moins, car on sait que Meghan a prolong\u00e9 son contrat avec Netflix.<\/p>\n<p class=\"ap-StoryElement ap-StoryElement--mb ap-StoryText\">Ce qu&rsquo;il faut quand m\u00eame dire, c&rsquo;est que d&rsquo;une fa\u00e7on ou d&rsquo;une autre, l&rsquo;apr\u00e8s-Duc et Duchesse ne se passe pas aussi bien que ce qu&rsquo;ils l&rsquo;esp\u00e9raient, surtout pour Harry. Meghan a connu quelques flops, notamment son podcast qui n&rsquo;a pas march\u00e9. La s\u00e9rie sur Netflix a \u00e9t\u00e9 reconduite, mais \u00e0 d&rsquo;autres conditions. Harry a fait une s\u00e9rie sur le polo qui n&rsquo;a absolument pas march\u00e9. Seul le livre a fonctionn\u00e9. Mais une fois qu&rsquo;ils ont racont\u00e9 leur histoire, tout le monde la conna\u00eet. A pr\u00e9sent, il faut donc sortir de \u00e7a.<\/p>\n<p class=\"ap-StoryElement ap-StoryElement--mb ap-StoryText\">De plus, selon les rumeurs, Harry s&rsquo;ennuie. C&rsquo;est surtout Meghan qui prend la lumi\u00e8re aux \u00c9tats-Unis. Ce n&rsquo;est pas lui. Il a subi les attaques de Trump, qui l&rsquo;a surnomm\u00e9 le &lsquo;parasite&rsquo;. Clairement, il ne se sent pas sp\u00e9cialement bien accueilli aux \u00c9tats-Unis. D&rsquo;o\u00f9 sa volont\u00e9 aussi de retrouver une justification, une raison d&rsquo;\u00eatre. Et \u00e7a, ce ne sera qu&rsquo;au Royaume-Uni. On peut esp\u00e9rer un retour d&rsquo;Harry en Angleterre, l&rsquo;espoir fait vivre\u00a0!\u00a0\u00bb<\/p>\n<p><a href=\"https:\/\/www.lalibre.be\/international\/europe\/2025\/08\/06\/aucune-preuve-le-prince-harry-dedouane-daccusations-de-harcelement-dans-son-ong-TPV3OLHAWJGSFFBUSLJBISCCFU\/\" target=\"_blank\" rel=\"noopener noreferrer\" class=\"ap-StoryInterstitialLink ap-StoryElement ap-StoryElement--mb\">\u00ab\u00a0Aucune preuve\u00a0\u00bb : le prince Harry d\u00e9douan\u00e9 d&rsquo;accusations de harc\u00e8lement dans son ONG<\/a><\/p>\n","protected":false},"excerpt":{"rendered":"Sauf pour des causes qui lui tiennent \u00e0 c\u0153ur. Comme ce mercredi o\u00f9 il a saisi l&rsquo;occasion pour&hellip;\n","protected":false},"author":2,"featured_media":382698,"comment_status":"","ping_status":"","sticky":false,"template":"","format":"standard","meta":{"footnotes":""},"categories":[8],"tags":[581,58,32013,59,1011,27,18285],"class_list":{"0":"post-382697","1":"post","2":"type-post","3":"status-publish","4":"format-standard","5":"has-post-thumbnail","7":"category-divertissement","8":"tag-charles-iii","9":"tag-divertissement","10":"tag-elections-britanniques","11":"tag-entertainment","12":"tag-fr","13":"tag-france","14":"tag-le-prince-harry"},"share_on_mastodon":{"url":"https:\/\/pubeurope.com\/@fr\/115185549880730965","error":""},"_links":{"self":[{"href":"https:\/\/www.europesays.com\/fr\/wp-json\/wp\/v2\/posts\/382697","targetHints":{"allow":["GET"]}}],"collection":[{"href":"https:\/\/www.europesays.com\/fr\/wp-json\/wp\/v2\/posts"}],"about":[{"href":"https:\/\/www.europesays.com\/fr\/wp-json\/wp\/v2\/types\/post"}],"author":[{"embeddable":true,"href":"https:\/\/www.europesays.com\/fr\/wp-json\/wp\/v2\/users\/2"}],"replies":[{"embeddable":true,"href":"https:\/\/www.europesays.com\/fr\/wp-json\/wp\/v2\/comments?post=382697"}],"version-history":[{"count":0,"href":"https:\/\/www.europesays.com\/fr\/wp-json\/wp\/v2\/posts\/382697\/revisions"}],"wp:featuredmedia":[{"embeddable":true,"href":"https:\/\/www.europesays.com\/fr\/wp-json\/wp\/v2\/media\/382698"}],"wp:attachment":[{"href":"https:\/\/www.europesays.com\/fr\/wp-json\/wp\/v2\/media?parent=382697"}],"wp:term":[{"taxonomy":"category","embeddable":true,"href":"https:\/\/www.europesays.com\/fr\/wp-json\/wp\/v2\/categories?post=382697"},{"taxonomy":"post_tag","embeddable":true,"href":"https:\/\/www.europesays.com\/fr\/wp-json\/wp\/v2\/tags?post=382697"}],"curies":[{"name":"wp","href":"https:\/\/api.w.org\/{rel}","templated":true}]}}