{"id":382705,"date":"2025-09-11T12:02:10","date_gmt":"2025-09-11T12:02:10","guid":{"rendered":"https:\/\/www.europesays.com\/fr\/382705\/"},"modified":"2025-09-11T12:02:10","modified_gmt":"2025-09-11T12:02:10","slug":"les-dirigeantes-de-radio-france-et-france-televisions-seront-auditionnees-par-larcom","status":"publish","type":"post","link":"https:\/\/www.europesays.com\/fr\/382705\/","title":{"rendered":"les dirigeantes de Radio France et France T\u00e9l\u00e9visions seront auditionn\u00e9es par l\u2019Arcom"},"content":{"rendered":"<p>Le r\u00e9gulateur de l\u2019audiovisuel a ajout\u00e9 avoir depuis quelques mois \u00abd\u00e9cid\u00e9 d\u2019engager une r\u00e9flexion plus large sur l\u2019exigence d\u2019ind\u00e9pendance et d\u2019impartialit\u00e9 du secteur public de la communication audiovisuelle\u00bb.<\/p>\n<p class=\"fig-paragraph\">Apr\u00e8s la diffusion de vid\u00e9os montrant les journalistes du service public\u00a0<a href=\"http:\/\/www.lefigaro.fr\/flash-actu\/un-journaliste-suspendu-par-france-inter-apres-des-propos-litigieux-sur-rachida-dati-20250906\" data-fig-type=\"NewsFlash\" data-gtm-custom-categorie=\"navigation\" data-gtm-custom-action=\"crossclick\" data-gtm-custom-label=\"Contextuel\" data-gtm-event=\"customEventSPE\" data-fig-domain=\"LEFIGARO\" target=\"_blank\" rel=\"noopener\">Thomas Legrand<\/a>\u00a0et\u00a0<a href=\"http:\/\/www.lefigaro.fr\/politique\/une-demarche-journalistique-legitime-quand-patrick-cohen-justifiait-un-enregistrement-de-wauquiez-a-son-insu-20250908\" data-fig-type=\"NewsFlash\" data-gtm-custom-categorie=\"navigation\" data-gtm-custom-action=\"crossclick\" data-gtm-custom-label=\"Contextuel\" data-gtm-event=\"customEventSPE\" data-fig-domain=\"LEFIGARO\" target=\"_blank\" rel=\"noopener\">Patrick Cohen<\/a>\u00a0avec des dirigeants du Parti socialiste, le r\u00e9gulateur de l\u2019audiovisuel (Arcom) s\u2019appr\u00eate \u00e0 auditionner\u00a0<a href=\"http:\/\/www.lefigaro.fr\/medias\/delphine-ernotte-reconduite-a-la-tete-de-france-televisions-il-y-a-une-forme-de-chasse-au-service-public-et-je-n-ai-pas-l-intention-de-me-laisser-faire-20250518\" data-fig-type=\"Article\" data-gtm-custom-categorie=\"navigation\" data-gtm-custom-action=\"crossclick\" data-gtm-custom-label=\"Contextuel\" data-gtm-event=\"customEventSPE\" data-fig-domain=\"LEFIGARO\" target=\"_blank\" rel=\"noopener\">Delphine Ernotte Cunci<\/a>\u00a0et\u00a0<a href=\"http:\/\/www.lefigaro.fr\/medias\/sibyle-veil-radio-france-doit-devenir-plus-attractif-pour-les-jeunes-que-tiktok-20250904\" data-fig-type=\"Article\" data-gtm-custom-categorie=\"navigation\" data-gtm-custom-action=\"crossclick\" data-gtm-custom-label=\"Contextuel\" data-gtm-event=\"customEventSPE\" data-fig-domain=\"LEFIGARO\" target=\"_blank\" rel=\"noopener\">Sibyle Veil<\/a>, respectivement pr\u00e9sidentes de France T\u00e9l\u00e9visions et Radio France. \u00abLe coll\u00e8ge de l\u2019Arcom (&#8230;) a d\u00e9cid\u00e9 de recevoir en audition successivement, dans les prochains jours, les pr\u00e9sidentes de France T\u00e9l\u00e9visions et Radio France, afin de recueillir leurs explications et observations\u00bb, a annonc\u00e9 jeudi le r\u00e9gulateur de l\u2019audiovisuel \u00e0 l\u2019AFP.<\/p>\n<p class=\"fig-paragraph\">L\u2019autorit\u00e9 a \u00e9t\u00e9 saisie \u00e0 plusieurs reprises par des d\u00e9put\u00e9s ou du public, apr\u00e8s la diffusion le 5 septembre de vid\u00e9os par le m\u00e9dia conservateur L\u2019Incorrect. Dans cette s\u00e9quence film\u00e9e en juillet dans un restaurant parisien, on voit Thomas Legrand, chroniqueur \u00e0 Lib\u00e9ration et France Inter, et Patrick Cohen, chroniqueur qui intervient \u00e9galement sur France Inter et sur C \u00e0 vous (France 5), \u00e9changer avec Pierre Jouvet, secr\u00e9taire g\u00e9n\u00e9ral du PS et Luc Broussy, pr\u00e9sident du conseil national du PS.<\/p>\n<p>                                    <a class=\"fig-a11y-skip a11y-hidden\" href=\"#fig-a11y-skip-main-inarticle\"><br \/>\n        Passer la publicit\u00e9<br \/>\n    <\/a><\/p>\n<p>R\u00e9flexion sur \u00abl\u2019exigence d\u2019ind\u00e9pendance\u00bb du secteur public<\/p>\n<p class=\"fig-paragraph\">Au cours de cette discussion, o\u00f9 est aussi \u00e9voqu\u00e9e la strat\u00e9gie de la gauche en vue de la pr\u00e9sidentielle de 2027, M. Legrand d\u00e9clare notamment \u00abNous, on fait ce qu\u2019il faut pour (Rachida) Dati, Patrick (Cohen) et moi\u00bb, ce qui a pu \u00eatre interpr\u00e9t\u00e9 comme un parti pris \u00e0 l\u2019encontre de la ministre sortante de la Culture et a provoqu\u00e9 une salve de critiques envers les deux journalistes, aussi bien du c\u00f4t\u00e9 des R\u00e9publicains, que du Rassemblement national et de La France insoumise.<\/p>\n<p class=\"fig-paragraph\">Le r\u00e9gulateur de l\u2019audiovisuel, qui auditionnera les deux pr\u00e9sidentes \u00e0 huis clos, a ajout\u00e9 avoir depuis quelques mois \u00abd\u00e9cid\u00e9 d\u2019engager une r\u00e9flexion plus large sur l\u2019exigence d\u2019ind\u00e9pendance et d\u2019impartialit\u00e9 du secteur public de la communication audiovisuelle\u00bb. Le comit\u00e9 d\u2019\u00e9thique de France T\u00e9l\u00e9visions a de son c\u00f4t\u00e9 annonc\u00e9 se saisir \u00e9galement de cette affaire.<\/p>\n<p class=\"fig-body-link\">\n            \u00c0 lire aussi<br \/>\n        <a class=\"fig-body-link__link fig-premium-mark\" href=\"http:\/\/www.lefigaro.fr\/medias\/apres-l-affaire-legrand-cohen-l-audiovisuel-public-secoue-20250907\" data-fig-type=\"Article\" data-gtm-custom-categorie=\"navigation\" data-gtm-custom-action=\"crossclick\" data-gtm-custom-label=\"Contextuel\" data-gtm-event=\"customEventSPE\" data-fig-domain=\"LEFIGARO\" target=\"_blank\" rel=\"noopener\">Apr\u00e8s l\u2019affaire Legrand-Cohen, l\u2019audiovisuel public secou\u00e9<br \/>\n    <\/a>\n<\/p>\n<p class=\"fig-paragraph\">\u00abCompte tenu de l\u2019ampleur de la pol\u00e9mique concernant la diffusion d\u2019une conversation entre deux journalistes de l\u2019audiovisuel public et de deux responsables du PS, le Comit\u00e9 d\u2019\u00e9thique de France T\u00e9l\u00e9visions a d\u00e9cid\u00e9 de se saisir de cette affaire et publiera prochainement son avis\u00bb, \u00e9crit-il dans un communiqu\u00e9 publi\u00e9 mercredi. Thomas Legrand a\u00a0<a href=\"http:\/\/www.lefigaro.fr\/medias\/thomas-legrand-renonce-a-son-emission-politique-sur-france-inter-20250909\" data-fig-type=\"NewsFlash\" data-gtm-custom-categorie=\"navigation\" data-gtm-custom-action=\"crossclick\" data-gtm-custom-label=\"Contextuel\" data-gtm-event=\"customEventSPE\" data-fig-domain=\"LEFIGARO\" target=\"_blank\" rel=\"noopener\">renonc\u00e9 mardi<\/a>\u00a0\u00e0 son \u00e9mission hebdomadaire sur France Inter, mais continuera d\u2019intervenir \u00e0 l\u2019antenne de cette radio.<\/p>\n","protected":false},"excerpt":{"rendered":"Le r\u00e9gulateur de l\u2019audiovisuel a ajout\u00e9 avoir depuis quelques mois \u00abd\u00e9cid\u00e9 d\u2019engager une r\u00e9flexion plus large sur l\u2019exigence&hellip;\n","protected":false},"author":2,"featured_media":382706,"comment_status":"","ping_status":"","sticky":false,"template":"","format":"standard","meta":{"footnotes":""},"categories":[4],"tags":[11,1011,27,9102,12,13960,25],"class_list":{"0":"post-382705","1":"post","2":"type-post","3":"status-publish","4":"format-standard","5":"has-post-thumbnail","7":"category-france","8":"tag-actualites","9":"tag-fr","10":"tag-france","11":"tag-france-inter","12":"tag-news","13":"tag-patrick-cohen","14":"tag-republique-francaise"},"share_on_mastodon":{"url":"https:\/\/pubeurope.com\/@fr\/115185565336814193","error":""},"_links":{"self":[{"href":"https:\/\/www.europesays.com\/fr\/wp-json\/wp\/v2\/posts\/382705","targetHints":{"allow":["GET"]}}],"collection":[{"href":"https:\/\/www.europesays.com\/fr\/wp-json\/wp\/v2\/posts"}],"about":[{"href":"https:\/\/www.europesays.com\/fr\/wp-json\/wp\/v2\/types\/post"}],"author":[{"embeddable":true,"href":"https:\/\/www.europesays.com\/fr\/wp-json\/wp\/v2\/users\/2"}],"replies":[{"embeddable":true,"href":"https:\/\/www.europesays.com\/fr\/wp-json\/wp\/v2\/comments?post=382705"}],"version-history":[{"count":0,"href":"https:\/\/www.europesays.com\/fr\/wp-json\/wp\/v2\/posts\/382705\/revisions"}],"wp:featuredmedia":[{"embeddable":true,"href":"https:\/\/www.europesays.com\/fr\/wp-json\/wp\/v2\/media\/382706"}],"wp:attachment":[{"href":"https:\/\/www.europesays.com\/fr\/wp-json\/wp\/v2\/media?parent=382705"}],"wp:term":[{"taxonomy":"category","embeddable":true,"href":"https:\/\/www.europesays.com\/fr\/wp-json\/wp\/v2\/categories?post=382705"},{"taxonomy":"post_tag","embeddable":true,"href":"https:\/\/www.europesays.com\/fr\/wp-json\/wp\/v2\/tags?post=382705"}],"curies":[{"name":"wp","href":"https:\/\/api.w.org\/{rel}","templated":true}]}}