{"id":382707,"date":"2025-09-11T12:03:11","date_gmt":"2025-09-11T12:03:11","guid":{"rendered":"https:\/\/www.europesays.com\/fr\/382707\/"},"modified":"2025-09-11T12:03:11","modified_gmt":"2025-09-11T12:03:11","slug":"trois-hommes-interpelles-et-une-garde-a-vue-dans-la-vienne","status":"publish","type":"post","link":"https:\/\/www.europesays.com\/fr\/382707\/","title":{"rendered":"trois hommes interpell\u00e9s et une garde \u00e0 vue dans la Vienne"},"content":{"rendered":"<p>L\u2019enqu\u00eate criminelle sur la mort de la joggeuse, Agathe Hilairet, dont le corps a \u00e9t\u00e9 retrouv\u00e9 le 4\u00a0mai 2025, vient de franchir un cap avec <a target=\"_self\" href=\"https:\/\/www.ouest-france.fr\/societe\/justice\/info-courrier-de-louest-mort-dagathe-hilairet-trois-suspects-interpelles-pres-de-poitiers-c3e27410-8edb-11f0-b582-5820cfc46140\" rel=\"noopener\">l\u2019interpellation de trois hommes originaires de la Vienne<\/a>, mercredi 10\u00a0septembre, selon Le Courrier de l\u2019Ouest. Le quotidien r\u00e9gional pr\u00e9cise que les domiciles des trois hommes interpell\u00e9s ont \u00e9t\u00e9 perquisitionn\u00e9s. La procureure de Poitiers, Rachel Bray, indique qu\u2019une garde \u00e0 vue sur commission rogatoire est en cours ce jeudi 11\u00a0septembre et qu\u2019elle communiquerait plus pr\u00e9cis\u00e9ment ult\u00e9rieurement. Les deux hommes sont entendus sous le r\u00e9gime de l&rsquo;audition libre, pr\u00e9cise le parquet.<\/p>\n<p>Les interpellations effectu\u00e9es mercredi ont \u00e9t\u00e9 possibles suite aux investigations men\u00e9es par la Section de recherches de Poitiers avec l\u2019appui des techniciens de l\u2019IRCGN (Institut de recherche criminelle de la gendarmerie nationale), qui poursuivent leurs recherches ce jeudi 11\u00a0septembre.<\/p>\n<p>Agathe recherch\u00e9e pendant trois semaines<\/p>\n<p>Agathe Hilairet avait quitt\u00e9 le domicile de ses parents, \u00e0 Vivonne, le 10\u00a0avril 2025, pour effectuer un jogging dans les bois. Elle n\u2019avait plus donn\u00e9 signe de vie \u00e0 partir de cette date et de gros moyens avaient alors \u00e9t\u00e9 mis en \u0153uvre pour ratisser les sous-bois. Le 4\u00a0mai, apr\u00e8s trois semaines de recherches, le corps de la jeune femme de 28\u00a0ans \u00e9tait retrouv\u00e9, pr\u00e8s de Vivonne.<\/p>\n<p>Une information judiciaire contre X pour enl\u00e8vement et s\u00e9questration avait \u00e9t\u00e9 ouverte dans la foul\u00e9e par le parquet de Poitiers. Apr\u00e8s la d\u00e9couverte du corps de la joggeuse, dont l\u2019autopsie n\u2019avait pas permis de d\u00e9terminer les causes du d\u00e9c\u00e8s, les enqu\u00eateurs se sont int\u00e9ress\u00e9s \u00e0 la montre connect\u00e9e d\u2019Agathe Hilairet. Les expertises de l\u2019Institut de recherche criminelle de la gendarmerie nationale ont mis en lumi\u00e8re que la montre se trouvait, au moment du d\u00e9c\u00e8s, distante de plusieurs centaines de m\u00e8tres de l\u00e0 o\u00f9 le corps a \u00e9t\u00e9 retrouv\u00e9. Ce qui accr\u00e9ditait la piste criminelle. Les enqu\u00eateurs en ont conclu que le corps n\u2019\u00e9tait pas dans une position naturelle, et qu\u2019il avait \u00e9t\u00e9 d\u00e9plac\u00e9 post mortem selon l\u2019analyse du GPS de la montre.<\/p>\n","protected":false},"excerpt":{"rendered":"L\u2019enqu\u00eate criminelle sur la mort de la joggeuse, Agathe Hilairet, dont le corps a \u00e9t\u00e9 retrouv\u00e9 le 4\u00a0mai&hellip;\n","protected":false},"author":2,"featured_media":382708,"comment_status":"","ping_status":"","sticky":false,"template":"","format":"standard","meta":{"footnotes":""},"categories":[2],"tags":[328,1392,11,2545,274,1011,27,3381,12,1584,11323],"class_list":{"0":"post-382707","1":"post","2":"type-post","3":"status-publish","4":"format-standard","5":"has-post-thumbnail","7":"category-actualites","8":"tag-a-la-une","9":"tag-a-la-une-local","10":"tag-actualites","11":"tag-deux-sevres","12":"tag-faits-divers-justice","13":"tag-fr","14":"tag-france","15":"tag-gendarmerie","16":"tag-news","17":"tag-vienne","18":"tag-vivonne"},"share_on_mastodon":{"url":"https:\/\/pubeurope.com\/@fr\/115185569265817790","error":""},"_links":{"self":[{"href":"https:\/\/www.europesays.com\/fr\/wp-json\/wp\/v2\/posts\/382707","targetHints":{"allow":["GET"]}}],"collection":[{"href":"https:\/\/www.europesays.com\/fr\/wp-json\/wp\/v2\/posts"}],"about":[{"href":"https:\/\/www.europesays.com\/fr\/wp-json\/wp\/v2\/types\/post"}],"author":[{"embeddable":true,"href":"https:\/\/www.europesays.com\/fr\/wp-json\/wp\/v2\/users\/2"}],"replies":[{"embeddable":true,"href":"https:\/\/www.europesays.com\/fr\/wp-json\/wp\/v2\/comments?post=382707"}],"version-history":[{"count":0,"href":"https:\/\/www.europesays.com\/fr\/wp-json\/wp\/v2\/posts\/382707\/revisions"}],"wp:featuredmedia":[{"embeddable":true,"href":"https:\/\/www.europesays.com\/fr\/wp-json\/wp\/v2\/media\/382708"}],"wp:attachment":[{"href":"https:\/\/www.europesays.com\/fr\/wp-json\/wp\/v2\/media?parent=382707"}],"wp:term":[{"taxonomy":"category","embeddable":true,"href":"https:\/\/www.europesays.com\/fr\/wp-json\/wp\/v2\/categories?post=382707"},{"taxonomy":"post_tag","embeddable":true,"href":"https:\/\/www.europesays.com\/fr\/wp-json\/wp\/v2\/tags?post=382707"}],"curies":[{"name":"wp","href":"https:\/\/api.w.org\/{rel}","templated":true}]}}