{"id":382709,"date":"2025-09-11T12:04:12","date_gmt":"2025-09-11T12:04:12","guid":{"rendered":"https:\/\/www.europesays.com\/fr\/382709\/"},"modified":"2025-09-11T12:04:12","modified_gmt":"2025-09-11T12:04:12","slug":"saint-etienne-le-policier-emprunte-le-velo-du-livreur-et-rattrape-les-arracheurs-de-collier","status":"publish","type":"post","link":"https:\/\/www.europesays.com\/fr\/382709\/","title":{"rendered":"Saint-Etienne. Le policier emprunte le v\u00e9lo du livreur&#8230; et rattrape les arracheurs de collier"},"content":{"rendered":"<p>Le ph\u00e9nom\u00e8ne des arrachages de colliers semble en pleine expansion depuis la fin de la p\u00e9riode estivale.<\/p>\n<p>En effet, depuis quelques jours, on recense plusieurs agressions de ce type \u00e0 Saint-\u00c9tienne et dans certaines communes du bassin. Face \u00e0 ces attaques, il est recommand\u00e9 de faire preuve de la plus grande vigilance. Et cela s\u2019av\u00e8re payant.<\/p>\n<p>En effet, ce mardi 9\u00a0septembre, un jeune \u00e9tudiant a \u00e9t\u00e9 abord\u00e9 en fin de journ\u00e9e par deux individus \u00e0 quelques encablures de l\u2019universit\u00e9 Jean-Monnet, rue du Onze-Novembre.<\/p>\n<p>Alors que l\u2019un des deux malfaiteurs venait de l\u2019agresser physiquement, le second s\u2019est empar\u00e9 du collier qu\u2019il portait autour du cou en l\u2019arrachant.<\/p>\n<p>  Un t\u00e9moin pr\u00e9vient rapidement les forces de police<\/p>\n<p>Par chance, un t\u00e9moin a assist\u00e9 \u00e0 la sc\u00e8ne et rapidement pr\u00e9venu les forces de police, un \u00e9quipage de la Section d\u2019intervention, qui \u00e9taient d\u00e9j\u00e0 dans le secteur. Gr\u00e2ce \u00e0 un signalement pr\u00e9cis, les fonctionnaires ont imm\u00e9diatement pris en chasse, \u00e0 pied, les deux agresseurs.<\/p>\n<p>Sentant qu\u2019il \u00e9tait en train de perdre du terrain, l\u2019un des policiers s\u2019est alors rapproch\u00e9 d\u2019un livreur de repas cuisin\u00e9s pour lui emprunter son v\u00e9lo apr\u00e8s avoir d\u00e9clin\u00e9 sa fonction. Une alliance aussi inattendue qu\u2019efficace qui va finalement permettre \u00e0 l\u2019agent de retrouver et d\u2019interpeller les deux auteurs avec l\u2019aide de ses coll\u00e8gues, au niveau de la rue Michelet.<\/p>\n<p>  Pr\u00e9sent\u00e9s en comparution imm\u00e9diate avant la fin de semaine<\/p>\n<p>Le premier avait tent\u00e9 de se cacher dans le hall d\u2019un immeuble, quand le second essayait de se dissimuler sous un v\u00e9hicule en stationnement. Au cours de l\u2019interpellation, ce dernier s\u2019est violemment rebell\u00e9 et a port\u00e9 un coup au policier charg\u00e9 de l\u2019arr\u00eater, le blessant l\u00e9g\u00e8rement. Tous deux \u00e9taient porteurs de bombes lacrymog\u00e8nes et surtout le bijou arrach\u00e9 en pleine rue a \u00e9t\u00e9 retrouv\u00e9 sur l\u2019un d\u2019eux.<\/p>\n<p>\u00c2g\u00e9s de 16 et 20 ans, respectivement originaires du Rh\u00f4ne et de Saint-\u00c9tienne, les deux jeunes hommes ont \u00e9t\u00e9 ensuite plac\u00e9s en garde \u00e0 vue.<\/p>\n<p>\u00c0 l\u2019issue de laquelle, d\u2019apr\u00e8s nos informations, ils ont \u00e9t\u00e9 pr\u00e9sent\u00e9s \u00e0 un magistrat qui a d\u00e9cid\u00e9 de les convoquer devant la justice dans le cadre d\u2019une comparution imm\u00e9diate au cours des tout prochains jours. Ils devront r\u00e9pondre de vol en r\u00e9union, violences sur personne d\u00e9positaire de l\u2019autorit\u00e9 publique et port d\u2019arme sans motif l\u00e9gitime.<\/p>\n","protected":false},"excerpt":{"rendered":"Le ph\u00e9nom\u00e8ne des arrachages de colliers semble en pleine expansion depuis la fin de la p\u00e9riode estivale. En&hellip;\n","protected":false},"author":2,"featured_media":382710,"comment_status":"","ping_status":"","sticky":false,"template":"","format":"standard","meta":{"footnotes":""},"categories":[9653],"tags":[1111,11,2430,271,272,7539,1777,674,274,107,1011,27,3367,12,25,4001,7538,104],"class_list":{"0":"post-382709","1":"post","2":"type-post","3":"status-publish","4":"format-standard","5":"has-post-thumbnail","7":"category-saint-etienne","8":"tag-actu","9":"tag-actualites","10":"tag-auvergne-rhone-alpes","11":"tag-crime","12":"tag-delit-et-contravention","13":"tag-edition-loire-sud","14":"tag-eu","15":"tag-europe","16":"tag-faits-divers-justice","17":"tag-fil-info","18":"tag-fr","19":"tag-france","20":"tag-loire","21":"tag-news","22":"tag-republique-francaise","23":"tag-saint-etienne","24":"tag-saint-etienne-ville","25":"tag-societe"},"share_on_mastodon":{"url":"https:\/\/pubeurope.com\/@fr\/115185573231829687","error":""},"_links":{"self":[{"href":"https:\/\/www.europesays.com\/fr\/wp-json\/wp\/v2\/posts\/382709","targetHints":{"allow":["GET"]}}],"collection":[{"href":"https:\/\/www.europesays.com\/fr\/wp-json\/wp\/v2\/posts"}],"about":[{"href":"https:\/\/www.europesays.com\/fr\/wp-json\/wp\/v2\/types\/post"}],"author":[{"embeddable":true,"href":"https:\/\/www.europesays.com\/fr\/wp-json\/wp\/v2\/users\/2"}],"replies":[{"embeddable":true,"href":"https:\/\/www.europesays.com\/fr\/wp-json\/wp\/v2\/comments?post=382709"}],"version-history":[{"count":0,"href":"https:\/\/www.europesays.com\/fr\/wp-json\/wp\/v2\/posts\/382709\/revisions"}],"wp:featuredmedia":[{"embeddable":true,"href":"https:\/\/www.europesays.com\/fr\/wp-json\/wp\/v2\/media\/382710"}],"wp:attachment":[{"href":"https:\/\/www.europesays.com\/fr\/wp-json\/wp\/v2\/media?parent=382709"}],"wp:term":[{"taxonomy":"category","embeddable":true,"href":"https:\/\/www.europesays.com\/fr\/wp-json\/wp\/v2\/categories?post=382709"},{"taxonomy":"post_tag","embeddable":true,"href":"https:\/\/www.europesays.com\/fr\/wp-json\/wp\/v2\/tags?post=382709"}],"curies":[{"name":"wp","href":"https:\/\/api.w.org\/{rel}","templated":true}]}}