{"id":382721,"date":"2025-09-11T12:10:09","date_gmt":"2025-09-11T12:10:09","guid":{"rendered":"https:\/\/www.europesays.com\/fr\/382721\/"},"modified":"2025-09-11T12:10:09","modified_gmt":"2025-09-11T12:10:09","slug":"le-retour-de-range-ta-chambre-autour-du-bassin-jacques-coeur-a-port-marianne","status":"publish","type":"post","link":"https:\/\/www.europesays.com\/fr\/382721\/","title":{"rendered":"le retour de \u00ab\u00a0Range ta chambre\u00a0\u00bb autour du bassin Jacques Coeur \u00e0 Port Marianne"},"content":{"rendered":"<p>            Par<br \/>\n        <strong><br \/>\n            <a href=\"https:\/\/actu.fr\/auteur\/jm-aubert\" title=\"Consulter tous les articles de Jean-Marc Aubert\" rel=\"nofollow noopener\" target=\"_blank\">Jean-Marc Aubert<\/a><br \/>\n        <\/strong><\/p>\n<p>        Publi\u00e9 le<\/p>\n<p>            11 sept. 2025 \u00e0 13h24<br \/>\n        ; mis \u00e0 jour le 11 sept. 2025 \u00e0 13h25    <\/p>\n<p>Ce dimanche 14 septembre 2025 a lieu la 12e \u00e9dition de <strong>\u00ab\u00a0Range ta chambre\u00a0\u00bb<\/strong> autour du bassin Jacques Coeur, \u00e0 Port Marianne \u00e0 <strong>Montpellier<\/strong>. Ce grande brocante de l\u2019univers de l\u2019enfance, du b\u00e9b\u00e9 aux 16 ans est organis\u00e9e par l\u2019association de quartier Vivre Port Marianne, pr\u00e9sid\u00e9e par Palmyre Pham.<\/p>\n<p>    <a href=\"https:\/\/www.google.com\/maps\/embed?pb=!1m18!1m12!1m3!1d4157.594554296008!2d3.8978545053467872!3d43.59907671656242!2m3!1f0!2f0!3f0!3m2!1i1024!2i768!4f13.1!3m3!1m2!1s0x12b6af8f5baa14e9%3A0xd277bf692aefdac!2sBassin%20Jacques%20Coeur!5e0!3m2!1sfr!2sfr!4v1757580780487!5m2!1sfr!2sfr\" title=\"Ouvrie le lien\" rel=\"nofollow noopener\" target=\"_blank\">Cliquez ici pour visualiser le contenu<\/a><\/p>\n<p class=\" wall-content\">Venez chiner en qu\u00eate de jouets \u00e0 trois mois de No\u00ebl, de livres, de v\u00eatements, de mat\u00e9riel de pu\u00e9riculture et v\u00eatements de grossesse, dans une ambiance conviviale et familiale. Une bonne id\u00e9e de sortie si vous restez \u00e0 Montpellier ce week-end.<\/p>\n<p class=\" wall-content\">Un<strong> vide-greniers 100 % enfance et 100 % bonnes affaires<\/strong>. Chaque ann\u00e9e, des centaines de chineurs, se pressent pour cet \u00e9v\u00e9nement qui a comme partenaires la Ville de Montpellier, le D\u00e9partement de l\u2019H\u00e9rault et McDonald\u2019s Odysseum<\/p>\n<p>&gt; Entr\u00e9e libre et gratuite de 9h \u00e0 16h pour les visiteurs. Stationnement gratuit : parking facult\u00e9 Richter et rues alentour. Pour y acc\u00e9der : tramway lignes 1 et 3. Station Port Marianne.\u00a0Pour tout renseignement :\u00a0<a href=\"http:\/\/www.vivreportmarianne.com\" rel=\"nofollow noopener\" target=\"_blank\">www.vivreportmarianne.com<\/a><\/p>\n<p class=\" wall-content\">Personnalisez votre actualit\u00e9 en ajoutant vos villes et m\u00e9dias en favori avec <a href=\"https:\/\/moncompte.actu.fr\" title=\"D\u00e9couvez Mon Actu\" rel=\"nofollow noopener\" data-trk=\"{&quot;cta&quot;:{&quot;action&quot;:&quot;https:\\\/\\\/moncompte.actu.fr&quot;,&quot;category&quot;:&quot;mon compte&quot;,&quot;from&quot;:&quot;article footer&quot;,&quot;name&quot;:&quot;Mon actu&quot;,&quot;type&quot;:&quot;cta&quot;}}\" target=\"_blank\">Mon Actu<\/a>.<\/p>\n","protected":false},"excerpt":{"rendered":"Par Jean-Marc Aubert Publi\u00e9 le 11 sept. 2025 \u00e0 13h24 ; mis \u00e0 jour le 11 sept. 2025&hellip;\n","protected":false},"author":2,"featured_media":382722,"comment_status":"","ping_status":"","sticky":false,"template":"","format":"standard","meta":{"footnotes":""},"categories":[9599],"tags":[1111,11,1719,1777,674,1011,27,1652,2208,12,2680,25,3365],"class_list":{"0":"post-382721","1":"post","2":"type-post","3":"status-publish","4":"format-standard","5":"has-post-thumbnail","7":"category-montpellier","8":"tag-actu","9":"tag-actualites","10":"tag-enfants","11":"tag-eu","12":"tag-europe","13":"tag-fr","14":"tag-france","15":"tag-loisirs-culture","16":"tag-montpellier","17":"tag-news","18":"tag-occitanie","19":"tag-republique-francaise","20":"tag-vide-greniers"},"share_on_mastodon":{"url":"https:\/\/pubeurope.com\/@fr\/115185596767585144","error":""},"_links":{"self":[{"href":"https:\/\/www.europesays.com\/fr\/wp-json\/wp\/v2\/posts\/382721","targetHints":{"allow":["GET"]}}],"collection":[{"href":"https:\/\/www.europesays.com\/fr\/wp-json\/wp\/v2\/posts"}],"about":[{"href":"https:\/\/www.europesays.com\/fr\/wp-json\/wp\/v2\/types\/post"}],"author":[{"embeddable":true,"href":"https:\/\/www.europesays.com\/fr\/wp-json\/wp\/v2\/users\/2"}],"replies":[{"embeddable":true,"href":"https:\/\/www.europesays.com\/fr\/wp-json\/wp\/v2\/comments?post=382721"}],"version-history":[{"count":0,"href":"https:\/\/www.europesays.com\/fr\/wp-json\/wp\/v2\/posts\/382721\/revisions"}],"wp:featuredmedia":[{"embeddable":true,"href":"https:\/\/www.europesays.com\/fr\/wp-json\/wp\/v2\/media\/382722"}],"wp:attachment":[{"href":"https:\/\/www.europesays.com\/fr\/wp-json\/wp\/v2\/media?parent=382721"}],"wp:term":[{"taxonomy":"category","embeddable":true,"href":"https:\/\/www.europesays.com\/fr\/wp-json\/wp\/v2\/categories?post=382721"},{"taxonomy":"post_tag","embeddable":true,"href":"https:\/\/www.europesays.com\/fr\/wp-json\/wp\/v2\/tags?post=382721"}],"curies":[{"name":"wp","href":"https:\/\/api.w.org\/{rel}","templated":true}]}}