{"id":382729,"date":"2025-09-11T12:14:09","date_gmt":"2025-09-11T12:14:09","guid":{"rendered":"https:\/\/www.europesays.com\/fr\/382729\/"},"modified":"2025-09-11T12:14:09","modified_gmt":"2025-09-11T12:14:09","slug":"grenoble-les-cas-de-chikungunya-se-multiplient-une-operation-de-demoustication-dans-cette-commune","status":"publish","type":"post","link":"https:\/\/www.europesays.com\/fr\/382729\/","title":{"rendered":"Grenoble. Les cas de chikungunya se multiplient, une op\u00e9ration de d\u00e9moustication dans cette commune"},"content":{"rendered":"<p>            Par<br \/>\n        <strong><br \/>\n            <a href=\"https:\/\/actu.fr\/auteur\/lisa-rodrigues\" title=\"Consulter tous les articles de Lisa Rodrigues\" rel=\"nofollow noopener\" target=\"_blank\">Lisa Rodrigues<\/a><br \/>\n        <\/strong><\/p>\n<p>        Publi\u00e9 le<\/p>\n<p>            11 sept. 2025 \u00e0 13h44        <\/p>\n<p>Le <strong>foyer de chikungunya<\/strong> d\u2019Eybens, pr\u00e8s de <a href=\"https:\/\/actu.fr\/auvergne-rhone-alpes\/grenoble_38185\" rel=\"nofollow noopener\" target=\"_blank\">Grenoble<\/a>, est toujours sous surveillance de l\u2019ARS Auvergne-Rh\u00f4ne-Alpes. Il y a quelques jours, un total de <strong>26 cas autochtones<\/strong> a \u00e9t\u00e9 confirm\u00e9 sur la commune par l\u2019Agence r\u00e9gional de sant\u00e9.<\/p>\n<p>    <a href=\"https:\/\/www.google.com\/maps\/embed?pb=!1m18!1m12!1m3!1d22509.619404373225!2d5.72808357937913!3d45.152624048483624!2m3!1f0!2f0!3f0!3m2!1i1024!2i768!4f13.1!3m3!1m2!1s0x478a8ad40a11ad13%3A0x487cc0ace6284eda!2s38320%20Eybens!5e0!3m2!1sfr!2sfr!4v1757583996258!5m2!1sfr!2sfr\" title=\"Ouvrie le lien\" rel=\"nofollow noopener\" target=\"_blank\">Cliquez ici pour visualiser le contenu<\/a><\/p>\n<p class=\" wall-content\">Depuis le d\u00e9but du mois d\u2019ao\u00fbt, certains quartiers de la ville <a href=\"https:\/\/actu.fr\/auvergne-rhone-alpes\/eybens_38158\/pres-de-grenoble-cette-maladie-tropicale-continue-de-progresser-dans-cette-commune_63077941.html\" rel=\"nofollow noopener\" target=\"_blank\">vivent au rythme des actions<\/a> de pr\u00e9vention et de d\u00e9moustication ordonn\u00e9es par l\u2019autorit\u00e9 de sant\u00e9 pour r\u00e9duire la pr\u00e9sence du moustique tigre, porteur de la maladie tropicale.<\/p>\n<p>Deux op\u00e9rations de d\u00e9moustication en deux jours<\/p>\n<p class=\" wall-content\">Dans la nuit du mercredi 10 au jeudi 11 septembre, une nouvelle op\u00e9ration de d\u00e9moustication \u2013 une pulv\u00e9risation d\u2019un produit dans l\u2019air pour tuer les moustiques tigres adultes \u2013 a \u00e9t\u00e9 r\u00e9alis\u00e9e dans le secteur d\u00e9limit\u00e9 par la rocade, l\u2019avenue Pierre-Mend\u00e8s-France, le stade Roger-Journet et l\u2019avenue Jean-Jaur\u00e8s.<\/p>\n<p class=\" wall-content\">Une autre action de ce type est programm\u00e9e <strong>dans la nuit du jeudi 11 au vendredi 12 septembre<\/strong>. Cette fois-ci, elle concerne un secteur autour de la rue des Javaux, la rue de la Treille, la rue Ren\u00e9-Cassin, l\u2019all\u00e9e Gaston-Bachelard, la rue Aristide-Briand, dans le quartier des Ruires, vers les cimeti\u00e8res communaux et entre la rue Jean-Mac\u00e9 et la rue Paul-C\u00e9zanne, informe la mairie.<\/p>\n<p>    <a href=\"https:\/\/www.facebook.com\/plugins\/post.php?href=https%3A%2F%2Fwww.facebook.com%2Fville.eybens.officiel%2Fposts%2Fpfbid0WHC3nV8fH16cGMyxLd4qq2debN69QLsKpSYFTDtp4YtwVtzThRFXE4TezrfzsbVKl&amp;show_text=true&amp;width=350\" title=\"Ouvrie le lien\" rel=\"nofollow noopener\" target=\"_blank\">Cliquez ici pour visualiser le contenu<\/a><\/p>\n<p class=\" wall-content\">Les habitants des zones concern\u00e9es vont \u00eatre avertis, si ce n\u2019est pas d\u00e9j\u00e0 fait, par voie d\u2019affichage dans les halls d\u2019immeuble ou avec des flyers dans les bo\u00eetes aux lettres.<\/p>\n<p>Votre r\u00e9gion, votre actu !<\/p>\n<p>Recevez chaque jour les infos qui comptent pour vous.<\/p>\n<p>\t<a href=\"https:\/\/actu.fr\/newsletter\" class=\"ac-btn ac-btn--corner ac-btn--medium ac-btn--blue800\" rel=\"nofollow noopener\" target=\"_blank\">S&rsquo;incrire<\/a><br \/>\nUne trentaine de cas autochtones en Is\u00e8re<\/p>\n<p class=\" wall-content\">Pour rappel, les sympt\u00f4mes principaux du chikungunya sont la <strong>fi\u00e8vre<\/strong> et des <strong>douleurs articulaires<\/strong>, courbatures, douleurs lombaires, voire des maux de t\u00eate. \u00ab Ces douleurs peuvent \u00eatre intenses, <a href=\"https:\/\/actu.fr\/auvergne-rhone-alpes\/eybens_38158\/grenoble-le-plus-gros-foyer-regional-de-cette-maladie-tropicale-inquiete-ce-que-dit-l-ars_63111120.html\" rel=\"nofollow noopener\" target=\"_blank\">conc\u00e9dait l\u2019ARS dans nos colonnes<\/a>. Chez environ 1 malade sur 4, les douleurs persisteront apr\u00e8s gu\u00e9rison, parfois quelques mois, parfois plusieurs ann\u00e9es. \u00bb<\/p>\n<p class=\" wall-content\">Entre le 1er mai et le 5 septembre, 67 cas de chikungunya import\u00e9s ont \u00e9t\u00e9 enregistr\u00e9s en Is\u00e8re, dont 31 cas autochtones, selon le d\u00e9compte de l\u2019ARS. La <a href=\"https:\/\/actu.fr\/auvergne-rhone-alpes\/claix_38111\/grenoble-un-cas-de-chikungunya-detecte-dans-cette-commune-l-ars-prend-des-mesures-d-urgence_62881745.html\" rel=\"nofollow noopener\" target=\"_blank\">ville de Claix<\/a>, au sud de Grenoble, a \u00e9t\u00e9 la premi\u00e8re commune de l\u2019agglom\u00e9ration \u00e0 d\u00e9clarer un cas autochtone cet \u00e9t\u00e9.<\/p>\n<p class=\" wall-content\">Personnalisez votre actualit\u00e9 en ajoutant vos villes et m\u00e9dias en favori avec <a href=\"https:\/\/moncompte.actu.fr\" title=\"D\u00e9couvez Mon Actu\" rel=\"nofollow noopener\" data-trk=\"{&quot;cta&quot;:{&quot;action&quot;:&quot;https:\\\/\\\/moncompte.actu.fr&quot;,&quot;category&quot;:&quot;mon compte&quot;,&quot;from&quot;:&quot;article footer&quot;,&quot;name&quot;:&quot;Mon actu&quot;,&quot;type&quot;:&quot;cta&quot;}}\" target=\"_blank\">Mon Actu<\/a>.<\/p>\n","protected":false},"excerpt":{"rendered":"Par Lisa Rodrigues Publi\u00e9 le 11 sept. 2025 \u00e0 13h44 Le foyer de chikungunya d\u2019Eybens, pr\u00e8s de Grenoble,&hellip;\n","protected":false},"author":2,"featured_media":382730,"comment_status":"","ping_status":"","sticky":false,"template":"","format":"standard","meta":{"footnotes":""},"categories":[9566],"tags":[1111,11,2430,1777,674,1011,27,2731,2856,12,25,71,104],"class_list":{"0":"post-382729","1":"post","2":"type-post","3":"status-publish","4":"format-standard","5":"has-post-thumbnail","7":"category-grenoble","8":"tag-actu","9":"tag-actualites","10":"tag-auvergne-rhone-alpes","11":"tag-eu","12":"tag-europe","13":"tag-fr","14":"tag-france","15":"tag-grenoble","16":"tag-moustique-tigre","17":"tag-news","18":"tag-republique-francaise","19":"tag-sante","20":"tag-societe"},"share_on_mastodon":{"url":"https:\/\/pubeurope.com\/@fr\/115185612751966820","error":""},"_links":{"self":[{"href":"https:\/\/www.europesays.com\/fr\/wp-json\/wp\/v2\/posts\/382729","targetHints":{"allow":["GET"]}}],"collection":[{"href":"https:\/\/www.europesays.com\/fr\/wp-json\/wp\/v2\/posts"}],"about":[{"href":"https:\/\/www.europesays.com\/fr\/wp-json\/wp\/v2\/types\/post"}],"author":[{"embeddable":true,"href":"https:\/\/www.europesays.com\/fr\/wp-json\/wp\/v2\/users\/2"}],"replies":[{"embeddable":true,"href":"https:\/\/www.europesays.com\/fr\/wp-json\/wp\/v2\/comments?post=382729"}],"version-history":[{"count":0,"href":"https:\/\/www.europesays.com\/fr\/wp-json\/wp\/v2\/posts\/382729\/revisions"}],"wp:featuredmedia":[{"embeddable":true,"href":"https:\/\/www.europesays.com\/fr\/wp-json\/wp\/v2\/media\/382730"}],"wp:attachment":[{"href":"https:\/\/www.europesays.com\/fr\/wp-json\/wp\/v2\/media?parent=382729"}],"wp:term":[{"taxonomy":"category","embeddable":true,"href":"https:\/\/www.europesays.com\/fr\/wp-json\/wp\/v2\/categories?post=382729"},{"taxonomy":"post_tag","embeddable":true,"href":"https:\/\/www.europesays.com\/fr\/wp-json\/wp\/v2\/tags?post=382729"}],"curies":[{"name":"wp","href":"https:\/\/api.w.org\/{rel}","templated":true}]}}