{"id":382731,"date":"2025-09-11T12:15:18","date_gmt":"2025-09-11T12:15:18","guid":{"rendered":"https:\/\/www.europesays.com\/fr\/382731\/"},"modified":"2025-09-11T12:15:18","modified_gmt":"2025-09-11T12:15:18","slug":"que-faire-a-grenoble-ce-week-end-samedi-13-et-dimanche-14-septembre-2025","status":"publish","type":"post","link":"https:\/\/www.europesays.com\/fr\/382731\/","title":{"rendered":"Que faire \u00e0 Grenoble ce week-end (samedi 13 et dimanche 14 septembre 2025)"},"content":{"rendered":"<p>Pr\u00e9sentation de saison, avant-premi\u00e8re, spectacles, f\u00eate des communaut\u00e9s, visite guid\u00e9e, vide-greniers&#8230; Voici notre s\u00e9lection des animations \u00e0 ne pas manquer ce <strong>week-end <\/strong>des <strong>12, 13 et 14 septembre 2025<\/strong> \u00e0 <strong>Grenoble <\/strong>et alentour. <\/p>\n<p>Partir au Kirghizistan avec le Club \u00e0 Grenoble <\/p>\n<p>Vendredi 12 septembre, \u00e0 20h15 au <strong>cin\u00e9ma le Club<\/strong> \u00e0 Grenoble : <strong>soir\u00e9e cin\u00e9 rencontre<\/strong> en pr\u00e9sence des r\u00e9alisateurs Carla et Pierre Petit qui pr\u00e9senteront en <strong>avant-premi\u00e8re<\/strong> leur court-m\u00e9trage (52 minutes) A perte de vue. <\/p>\n<p>L&rsquo;intrigue : Carla se lance dans un voyage initiatique \u00e0 cheval dans les steppes Kirghizes. Une aventure extraordinaire, d&rsquo;autant plus que la jeune cavali\u00e8re est malvoyante. Accompagn\u00e9e par son p\u00e8re Pierre, chef op\u00e9rateur et r\u00e9alisateur, elle entame un parcours exigeant entre steppes et cols \u00e0 plus de 4 000 m\u00e8tres d&rsquo;altitude. Volontaire, curieuse, elle d\u00e9couvre le pays et va \u00e0 la rencontre du peuple nomade\u2026 <\/p>\n<p><strong>Pratique<\/strong> <\/p>\n<p>Cin\u00e9 rencontre autour du film A perte de vue, de Carla et Pierre Petit, vendredi 12 septembre \u00e0 20h15 au cin\u00e9ma Le Club \u00e0 Grenoble. Renseignements et r\u00e9servations : <a href=\"https:\/\/www.cinemaleclub.com\/film--1000012667.html\" rel=\"noopener\" target=\"_blank\">ici<\/a>.\u00a0<\/p>\n<p>  D\u00e9couvrir la nouvelle saison de la Sc\u00e8ne nationale L&rsquo;Hexagone \u00e0 Meylan <\/p>\n<p>L&rsquo;\u00e9quipe de la Sc\u00e8ne nationale <strong>L&rsquo;Hexagone <\/strong>\u00e0 <strong>Meylan<\/strong>, organise une <strong>soir\u00e9e festive de lancement<\/strong> de la nouvelle saison 2025-2026, vendredi 12 septembre \u00e0 parti de 18h. Seront pr\u00e9sents des artistes complices,<strong>\u00a0Damien Traversaz,<\/strong>\u00a0<strong>la Cie le Chant des pistes, la Cie Tout en vrac\u2026<\/strong>\u00a0qui proposeront des performances de th\u00e9\u00e2tre et de musique ainsi que trois installations. L\u2019\u00e9quipe pr\u00e9sentera les spectacles de la saison.<\/p>\n<p>La soir\u00e9e se terminera avec un concert du\u00a0<strong>groupe Karavan Tabaz<\/strong>\u00a0(Jean Russell, guitare et voix, Damien Levasseur, guitare et voix,\u00a0Coline Rigot, violon, et voix, Maxime Veslin, violon et voix,\u00a0Lorraine Ohayon\u00a0contrebasse et voix). <\/p>\n<p><strong>Pratique<\/strong> <\/p>\n<p>Soir\u00e9e festive de lancement de saison de l&rsquo;Hexagone, 24 rue des Aiguinards \u00e0 Meylan. Entr\u00e9e libre sur r\u00e9servation <a href=\"https:\/\/www.theatre-hexagone.eu\/spectacle\/lancement-de-saison-festif\/\" rel=\"noopener\" target=\"_blank\">ici<\/a>.\u00a0<\/p>\n<p>  Questionner le couple \u00e0 travers un spectacle \u00e0 Grenoble <\/p>\n<p>Samedi 13 septembre \u00e0 20h30 \u00e0 la <strong>Basse Cour <\/strong>\u00e0 Grenoble : la <strong>compagnie grenobloise Les Jeanne<\/strong> pr\u00e9sente une adaptation d&rsquo;A Mains nues, d&rsquo;Amandine Dh\u00e9e. \u00e0 la <strong>Basse Cour <\/strong>\u00e0 Grenoble. Julie Fontana et Agathe Petrini signent la mise en sc\u00e8ne et interpr\u00e8tent les personnages. <\/p>\n<p>L&rsquo;intrigue : Elle parle de ses d\u00e9sirs, de sa vie affective, d\u2019elle. Elle se questionne, cherche, observe, jusqu\u2019\u00e0 revisiter son enfance et comment s\u2019est construite sa vision du couple et de la f\u00e9minit\u00e9. \u00c0 l\u2019heure o\u00f9 le mod\u00e8le du couple est \u00e0 la fois ancr\u00e9 et requestionn\u00e9, comment ne pas confondre ses d\u00e9sirs avec ceux des autres ? La \u00ab\u00a0normalit\u00e9\u00a0\u00bb tient-elle vraiment ses promesses ? Berc\u00e9e entre d\u00e9sir de libert\u00e9, stabilit\u00e9 d\u2019un foyer et r\u00e9voltes int\u00e9rieures, elle se raconte, \u00e0 mains nues.<\/p>\n<p><strong>Pratique<\/strong> <\/p>\n<p>Samedi 13 septembre \u00e0 20h30 \u00e0 La Basse Cour, 18 rue Colbert \u00e0 Grenoble. Renseignements et r\u00e9servations : <a href=\"https:\/\/www.labassecour.net\/evenement\/a-mains-nues\/\" rel=\"noopener\" target=\"_blank\">ici<\/a>.\u00a0<\/p>\n<p>  Red\u00e9couvrir l&rsquo;histoire de Grenoble depuis 2 000 ans <img decoding=\"async\" alt=\"\" class=\"img-align-center\" data-zoomable=\"\" height=\"1501\" loading=\"lazy\" src=\"https:\/\/www.europesays.com\/fr\/wp-content\/uploads\/2025\/09\/img-20250814-203915.jpg\" title=\"\u00a9 THomas Richardson - L'Office de tourisme de Grenoble ALpes propose une visite guid\u00e9e sur le th\u00e8me Grenoble, 2000 ans d'histoire, samedi 13 septembre.\" width=\"2000\"\/> \u00a9 Thomas Richardson &#8211; L&rsquo;Office de tourisme de Grenoble Alpes propose une visite guid\u00e9e sur le th\u00e8me Grenoble, 2000 ans d&rsquo;histoire, samedi 13 septembre. <\/p>\n<p>L&rsquo;<strong>office de tourisme Grenoble Alpes<\/strong> propose une <strong>visite guid\u00e9e<\/strong>, samedi 13 septembre, de 10h30 \u00e0 12h, sur le th\u00e8me Grenoble, 2 000 ans d&rsquo;histoire.<\/p>\n<p>T\u00e9moignages de deux mille ann\u00e9es d\u2019histoire \u00e0 nos jours, cette visite dans le centre historique de Grenoble vous fera d\u00e9couvrir une richesse culturelle et historique insoup\u00e7onn\u00e9e : fontaines, ruelles, cours anciennes, personnages historiques\u2026 <\/p>\n<p><strong>Pratique<\/strong> <\/p>\n<p>Visite guid\u00e9e samedi 13 septembre \u00e0 10h30. Tarifs 6 \u00e0 9 euros. Renseignements et r\u00e9servations : 04 76 42 41 41.<\/p>\n<p>  C\u00e9l\u00e9brer Alain Souchon \u00e0 la Com\u00e9die de Grenoble <\/p>\n<p>\u00a0 <\/p>\n<\/p>\n<p>Dimanche 14 septembre \u00e0 18h \u00e0 la <strong>Com\u00e9die de Grenoble<\/strong> : <strong>spectacle musical<\/strong> Mon Souchon pr\u00e9f\u00e9r\u00e9, avec Etienne Champollion et julien Sigalas.<\/p>\n<p>Julien Sigalas est auteur, compositeur, interpr\u00e8te et com\u00e9dien. \u00c9tienne Champollion est multi instrumentiste passant de piano \u00e0 l&rsquo;accord\u00e9on avec virtuosit\u00e9. Depuis pr\u00e8s de dix ans, les deux comp\u00e8res reprennent sur sc\u00e8ne Brel, Brassens, Gainsbourg, Renaud&#8230;. Cette fois, ils s&rsquo;attellent au r\u00e9pertoire d&rsquo;<strong>Alain Souchon<\/strong>. Ils ont construit un spectacle fid\u00e8le \u00e0 l&rsquo;artiste, \u00e0 la fois po\u00e9tique, fantaisiste et plein d&rsquo;humour. L&rsquo;interpr\u00e9tation est personnelle mais l&rsquo;\u00e9motion reste universelle. <\/p>\n<p><strong>Pratique<\/strong> <\/p>\n<p>Mon Souchon pr\u00e9f\u00e9r\u00e9, dimanche 14 septembre \u00e0 18h \u00e0 la Com\u00e9die de Grenoble, 1 rue Pierre-Dupont \u00e0 Grenoble. Tarifs : 13,50 \u00e0 20 euros.<\/p>\n<p>  Venir habill\u00e9 en dor\u00e9 au Jardin de ville dans le cadre de l&rsquo;op\u00e9ration Septembre en or <\/p>\n<p>\u00a0 <\/p>\n<\/p>\n<p>L&rsquo;<strong>association\u00a0Locomotive<\/strong> donne rendez-vous samedi 13 septembre d\u00e8s 19h au Jardin de ville \u00e0 Grenoble \u00e0 l\u2019occasion de <strong>Septembre en Or<\/strong>, mois international de sensibilisation aux <strong>cancers de l\u2019enfant<\/strong>. Le grand public est invit\u00e9 \u00e0 venir <strong>habill\u00e9 en dor\u00e9 <\/strong>comme un signe de son engagement personnel. <\/p>\n<p>Deux maquilleuses seront pr\u00e9sentes sur place et une <strong>animation musicale <\/strong>sera propos\u00e9e par la Maison de la musique de Meylan. A 20h30, le <strong>kiosque \u00e0 musique<\/strong> du Jardin de Ville sera <strong>illumin\u00e9 <\/strong>en dor\u00e9. L\u2019\u00e9quipe soignante du service d\u2019oncologie p\u00e9diatrique du CHU Grenoble Alpes sera pr\u00e9sente autour du Dr Corinne Armari-Alla et de plusieurs associations dont l\u2019association Locomotive, organisatrice de l\u2019\u00e9v\u00e8nement.<\/p>\n<p><strong>Pratique<\/strong> <\/p>\n<p>Septembre en Or, au Jardin de ville \u00e0 Grenoble, samedi 13 septembre \u00e0 partir de 19h. Entr\u00e9e libre.<\/p>\n<p> Participer \u00e0 la grande f\u00eate des communaut\u00e9s 2025 \u00e0 Sassenage <img decoding=\"async\" alt=\"\" class=\"img-align-center\" data-zoomable=\"\" height=\"1333\" loading=\"lazy\" src=\"https:\/\/www.europesays.com\/fr\/wp-content\/uploads\/2025\/09\/cloud-sky-wind-travel-symbol-color-1062651-pxherecom.jpg\" title=\"\u00a9 PxHere - la f\u00eate de l'amiti\u00e9 et des communaut\u00e9s se d\u00e9roulera de nouveau au parc de Sassenage ce dimanche 14 septembre 2025.\" width=\"2000\"\/> \u00a9 PxHere &#8211; la f\u00eate de l&rsquo;amiti\u00e9 et des communaut\u00e9s se d\u00e9roulera de nouveau au parc de Sassenage ce dimanche 14 septembre 2025. <\/p>\n<p>Dimanche 14 septembre 2025 de 11h \u00e0 18h, le parc Sasso-Marconi \u00e0 <strong>Sassenage <\/strong>se transformera en un grand espace de rencontres et de d\u00e9couvertes \u00e0 l\u2019occasion de la <strong>25e F\u00eate de l\u2019amiti\u00e9 et des communaut\u00e9s<\/strong>. 18\u00a0communaut\u00e9s seront pr\u00e9sentes pour faire voyager les visiteurs \u00e0 travers leurs traditions : Arm\u00e9nie, Gr\u00e8ce, Portugal, Allemagne, Cameroun, Cor\u00e9e, Madagascar, Ukraine, N\u00e9pal, Italie, Chine, Maghreb, Antilles, G\u00e9orgie, Espagne, Kabylie, Am\u00e9rique du Sud et Himalaya. <\/p>\n<p>Au programme : 11h : d\u00e9fil\u00e9 en musique de la fanfare Echo des Cuves et des associations. D\u00e8s 12h, d\u00e9gustation de plats typiques propos\u00e9s par les communaut\u00e9s. De 13h30 \u00e0 18h : une sc\u00e8ne anim\u00e9e par des chants et danses folkloriques venus du monde entier. Durant toute la journ\u00e9e, les associations accueilleront le public sur leurs stands pour partager culture, convivialit\u00e9 et traditions.<\/p>\n<p><strong>Pratique<\/strong> <\/p>\n<p>Grande f\u00eate des communaut\u00e9s 2025, dimanche 14 septembre 2025 de 11h \u00e0 18h. Gratuit. Renseignements : 04 76 26 50 99.<\/p>\n<p> O\u00f9 chiner \u00e0 Grenoble et alentour <\/p>\n<p>Dimanche 14 septembre de 9h \u00e0 18h, <strong>vide-greniers<\/strong> \u00e0 La Bifurk 2 rue Gustave-Flaubert \u00e0 <strong>Grenoble<\/strong>. <\/p>\n<p>Dimanche 14 septembre de 8h30 \u00e0 17h, vide-greniers de l&rsquo;US 2Ponts, 16bis, Avenue du Maquis-de-l&rsquo;Oisans au <strong>Pont-de-Claix<\/strong>. <\/p>\n<p>Dimanche 14 septembre de 8h \u00e0 16h, vide-greniers au <strong>Fontanil-Cornillon<\/strong>. <\/p>\n<p>Dimanche 14 septembre de 8h \u00e0 18h, vide-greniers cour nord de l&rsquo;\u00e9cole Jules Ferry \u00e0 <strong>Villard-Bonnot<\/strong>. <\/p>\n<p>Dimanche 14 septembre, de 7h \u00e0 17h, vide-greniers rue du Stade \u00e0 <strong>Froges<\/strong>.<\/p>\n","protected":false},"excerpt":{"rendered":"Pr\u00e9sentation de saison, avant-premi\u00e8re, spectacles, f\u00eate des communaut\u00e9s, visite guid\u00e9e, vide-greniers&#8230; Voici notre s\u00e9lection des animations \u00e0 ne&hellip;\n","protected":false},"author":2,"featured_media":382732,"comment_status":"","ping_status":"","sticky":false,"template":"","format":"standard","meta":{"footnotes":""},"categories":[9566],"tags":[1111,11,36362,2430,650,4156,1777,674,1011,27,2731,12,25,4698,28821],"class_list":{"0":"post-382731","1":"post","2":"type-post","3":"status-publish","4":"format-standard","5":"has-post-thumbnail","7":"category-grenoble","8":"tag-actu","9":"tag-actualites","10":"tag-alain-souchon","11":"tag-auvergne-rhone-alpes","12":"tag-cinema","13":"tag-concerts","14":"tag-eu","15":"tag-europe","16":"tag-fr","17":"tag-france","18":"tag-grenoble","19":"tag-news","20":"tag-republique-francaise","21":"tag-thu00e9u00e2tre","22":"tag-visite-guidu00e9e"},"share_on_mastodon":{"url":"https:\/\/pubeurope.com\/@fr\/115185616506122146","error":""},"_links":{"self":[{"href":"https:\/\/www.europesays.com\/fr\/wp-json\/wp\/v2\/posts\/382731","targetHints":{"allow":["GET"]}}],"collection":[{"href":"https:\/\/www.europesays.com\/fr\/wp-json\/wp\/v2\/posts"}],"about":[{"href":"https:\/\/www.europesays.com\/fr\/wp-json\/wp\/v2\/types\/post"}],"author":[{"embeddable":true,"href":"https:\/\/www.europesays.com\/fr\/wp-json\/wp\/v2\/users\/2"}],"replies":[{"embeddable":true,"href":"https:\/\/www.europesays.com\/fr\/wp-json\/wp\/v2\/comments?post=382731"}],"version-history":[{"count":0,"href":"https:\/\/www.europesays.com\/fr\/wp-json\/wp\/v2\/posts\/382731\/revisions"}],"wp:featuredmedia":[{"embeddable":true,"href":"https:\/\/www.europesays.com\/fr\/wp-json\/wp\/v2\/media\/382732"}],"wp:attachment":[{"href":"https:\/\/www.europesays.com\/fr\/wp-json\/wp\/v2\/media?parent=382731"}],"wp:term":[{"taxonomy":"category","embeddable":true,"href":"https:\/\/www.europesays.com\/fr\/wp-json\/wp\/v2\/categories?post=382731"},{"taxonomy":"post_tag","embeddable":true,"href":"https:\/\/www.europesays.com\/fr\/wp-json\/wp\/v2\/tags?post=382731"}],"curies":[{"name":"wp","href":"https:\/\/api.w.org\/{rel}","templated":true}]}}