{"id":382733,"date":"2025-09-11T12:16:13","date_gmt":"2025-09-11T12:16:13","guid":{"rendered":"https:\/\/www.europesays.com\/fr\/382733\/"},"modified":"2025-09-11T12:16:13","modified_gmt":"2025-09-11T12:16:13","slug":"la-ville-de-rennes-honore-andre-metayer-president-fondateur-des-amities-kurdes-de-bretagne","status":"publish","type":"post","link":"https:\/\/www.europesays.com\/fr\/382733\/","title":{"rendered":"La Ville de Rennes honore Andr\u00e9 M\u00e9tayer, pr\u00e9sident fondateur des Amiti\u00e9s kurdes de Bretagne"},"content":{"rendered":"<p>Andr\u00e9 M\u00e9tayer a re\u00e7u la m\u00e9daille de la Ville de Rennes des mains de\u00a0Nathalie App\u00e9r\u00e9. La maire a tenu \u00e0 honorer le pr\u00e9sident fondateur de l\u2019association des Amiti\u00e9s Kurdes de Bretagne pour son engagement associatif, notamment pour les liens tiss\u00e9s avec Diyarbakir. <strong>\u00ab\u00a0Cette ville est consid\u00e9r\u00e9e comme la capitale mythique du Kurdistan, r\u00e9gion r\u00e9partie entre les territoires nationaux de la Turquie, l\u2019Irak, la Syrie et l\u2019Iran. Diyarbakir est l\u2019une des dix-sept villes m\u00e9tropolitaines de Turquie.\u00a0\u00bb<\/strong><\/p>\n<p>La Ville de Rennes est partenaire de Diyarbakir depuis 1979. Mis en sommeil en 2016 apr\u00e8s la destitution et l\u2019emprisonnement des co-Maires et leur remplacement par des administrateurs nomm\u00e9s par le gouvernement, le partenariat a \u00e9t\u00e9 relanc\u00e9 depuis mars\u00a02024 avec l\u2019\u00e9lection de nouveaux co-maires \u00e0 Diyarbakir.<\/p>\n<p><strong>Lire aussi :<\/strong>\u00a0<a href=\"https:\/\/rennes.maville.com\/actu\/actudet_-portrait.-andre-metayer-homme-engage-pour-la-cause-kurde_7-4275589_actu.Htm\" target=\"_blank\" rel=\"noopener\">Andr\u00e9 M\u00e9tayer, homme engag\u00e9 pour la cause kurde<\/a><\/p>\n<p>Une association cr\u00e9\u00e9e en 1994<\/p>\n<p>L\u2019association des Amiti\u00e9s Kurdes de Bretagne a \u00e9t\u00e9 cr\u00e9\u00e9e en 1994, afin de faire conna\u00eetre les revendications culturelles et politiques du peuple kurde.<\/p>\n<p>Coffreur-ferrailleur, animateur socioculturel, directeur et d\u00e9l\u00e9gu\u00e9 r\u00e9gional des MJC puis b\u00e9n\u00e9vole associatif, aujourd\u2019hui \u00e0 91\u00a0ans, Andr\u00e9 M\u00e9tayer poursuit son combat. L\u2019association est d\u00e9sormais pr\u00e9sid\u00e9e par Tony Rublon, lui en est pr\u00e9sident d\u2019honneur.<\/p>\n<p>En 2020, il a \u00e9crit un livre intitul\u00e9 Vingt-cinq ann\u00e9es aux c\u00f4t\u00e9s du peuple kurde\u00a0: histoire des Amiti\u00e9s Kurdes de Bretagne (1994-2019). Ce livre retrace l\u2019histoire de son engagement et de celui de l\u2019association pour la cause kurde.<\/p>\n<p>\u00a0<\/p>\n","protected":false},"excerpt":{"rendered":"Andr\u00e9 M\u00e9tayer a re\u00e7u la m\u00e9daille de la Ville de Rennes des mains de\u00a0Nathalie App\u00e9r\u00e9. La maire a&hellip;\n","protected":false},"author":2,"featured_media":382734,"comment_status":"","ping_status":"","sticky":false,"template":"","format":"standard","meta":{"footnotes":""},"categories":[2821],"tags":[1111,11,43111,15496,829,1777,674,24815,1011,27,51561,38913,51562,12,4919,3086,584,25,4824],"class_list":{"0":"post-382733","1":"post","2":"type-post","3":"status-publish","4":"format-standard","5":"has-post-thumbnail","7":"category-rennes","8":"tag-actu","9":"tag-actualites","10":"tag-amities","11":"tag-andre","12":"tag-bretagne","13":"tag-eu","14":"tag-europe","15":"tag-fondateur","16":"tag-fr","17":"tag-france","18":"tag-honore","19":"tag-kurdes","20":"tag-metayer","21":"tag-news","22":"tag-president","23":"tag-redon","24":"tag-rennes","25":"tag-republique-francaise","26":"tag-ville"},"share_on_mastodon":{"url":"https:\/\/pubeurope.com\/@fr\/115185620342149253","error":""},"_links":{"self":[{"href":"https:\/\/www.europesays.com\/fr\/wp-json\/wp\/v2\/posts\/382733","targetHints":{"allow":["GET"]}}],"collection":[{"href":"https:\/\/www.europesays.com\/fr\/wp-json\/wp\/v2\/posts"}],"about":[{"href":"https:\/\/www.europesays.com\/fr\/wp-json\/wp\/v2\/types\/post"}],"author":[{"embeddable":true,"href":"https:\/\/www.europesays.com\/fr\/wp-json\/wp\/v2\/users\/2"}],"replies":[{"embeddable":true,"href":"https:\/\/www.europesays.com\/fr\/wp-json\/wp\/v2\/comments?post=382733"}],"version-history":[{"count":0,"href":"https:\/\/www.europesays.com\/fr\/wp-json\/wp\/v2\/posts\/382733\/revisions"}],"wp:featuredmedia":[{"embeddable":true,"href":"https:\/\/www.europesays.com\/fr\/wp-json\/wp\/v2\/media\/382734"}],"wp:attachment":[{"href":"https:\/\/www.europesays.com\/fr\/wp-json\/wp\/v2\/media?parent=382733"}],"wp:term":[{"taxonomy":"category","embeddable":true,"href":"https:\/\/www.europesays.com\/fr\/wp-json\/wp\/v2\/categories?post=382733"},{"taxonomy":"post_tag","embeddable":true,"href":"https:\/\/www.europesays.com\/fr\/wp-json\/wp\/v2\/tags?post=382733"}],"curies":[{"name":"wp","href":"https:\/\/api.w.org\/{rel}","templated":true}]}}