{"id":382735,"date":"2025-09-11T12:17:16","date_gmt":"2025-09-11T12:17:16","guid":{"rendered":"https:\/\/www.europesays.com\/fr\/382735\/"},"modified":"2025-09-11T12:17:16","modified_gmt":"2025-09-11T12:17:16","slug":"10-septembre-a-rennes-deux-radars-degrades-sur-la-rocade","status":"publish","type":"post","link":"https:\/\/www.europesays.com\/fr\/382735\/","title":{"rendered":"10\u00a0septembre \u00e0 Rennes\u00a0: deux radars d\u00e9grad\u00e9s sur la rocade"},"content":{"rendered":"<p>Elles ont \u00e9t\u00e9 des victimes collat\u00e9rales du mouvement \u00ab Bloquons tout \u00bb de ce mercredi 10 septembre 2025. \u00c0 Rennes, deux radars fixes ont \u00e9t\u00e9 d\u00e9grad\u00e9s sur la rocade : l\u2019un \u00e0 proximit\u00e9 de Chantepie, l\u2019autre pr\u00e8s du quartier Br\u00e9quigny.<\/p>\n<p>L\u2019un tagu\u00e9, l\u2019autre incendi\u00e9<\/p>\n<p>Du c\u00f4t\u00e9 de Chantepie, le radar a \u00e9t\u00e9 tagu\u00e9, avec notamment une inscription, \u00ab 10\/09 \u00bb, en r\u00e9f\u00e9rence \u00e0 la mobilisation \u00ab Bloquons tout \u00bb, alors que celui de Br\u00e9quigny a \u00e9t\u00e9 incendi\u00e9. Ces deux actes de d\u00e9gradations ont eu lieu le week-end du 6-7 septembre, puis lundi, soit en amont de la journ\u00e9e de mobilisation de mercredi.<\/p>\n<p>La rocade de Rennes a \u00e9t\u00e9 l\u2019un des symboles du mouvement \u00ab Bloquons tout \u00bb \u00e0 Rennes, mercredi. Bloqu\u00e9e de 7 h \u00e0 11 h au niveau d\u2019Alma, elle a \u00e9t\u00e9 le th\u00e9\u00e2tre d\u2019affrontements entre les manifestants et les forces de l\u2019ordre. C\u2019est aussi sur cette route, sous le pont qui m\u00e8ne au centre Alma, qu\u2019<a href=\"https:\/\/www.letelegramme.fr\/ille-et-vilaine\/rennes-35000\/bus-incendie-sur-la-rocade-sud-de-rennes-laxe-reouvert-dans-la-nuit-la-porte-dalma-reste-fermee-6887048.php\" target=\"_blank\" rel=\"noopener\">un bus du Star a \u00e9t\u00e9 incendi\u00e9<\/a>. Le pont a, lui, \u00e9t\u00e9 endommag\u00e9.<\/p>\n","protected":false},"excerpt":{"rendered":"Elles ont \u00e9t\u00e9 des victimes collat\u00e9rales du mouvement \u00ab Bloquons tout \u00bb de ce mercredi 10 septembre 2025.&hellip;\n","protected":false},"author":2,"featured_media":382736,"comment_status":"","ping_status":"","sticky":false,"template":"","format":"standard","meta":{"footnotes":""},"categories":[2821],"tags":[1111,11,829,1777,674,1011,27,848,50747,12,584,25],"class_list":{"0":"post-382735","1":"post","2":"type-post","3":"status-publish","4":"format-standard","5":"has-post-thumbnail","7":"category-rennes","8":"tag-actu","9":"tag-actualites","10":"tag-bretagne","11":"tag-eu","12":"tag-europe","13":"tag-fr","14":"tag-france","15":"tag-ille-et-vilaine","16":"tag-mobilisation-du-10-septembre-2025","17":"tag-news","18":"tag-rennes","19":"tag-republique-francaise"},"share_on_mastodon":{"url":"https:\/\/pubeurope.com\/@fr\/115185624401025538","error":""},"_links":{"self":[{"href":"https:\/\/www.europesays.com\/fr\/wp-json\/wp\/v2\/posts\/382735","targetHints":{"allow":["GET"]}}],"collection":[{"href":"https:\/\/www.europesays.com\/fr\/wp-json\/wp\/v2\/posts"}],"about":[{"href":"https:\/\/www.europesays.com\/fr\/wp-json\/wp\/v2\/types\/post"}],"author":[{"embeddable":true,"href":"https:\/\/www.europesays.com\/fr\/wp-json\/wp\/v2\/users\/2"}],"replies":[{"embeddable":true,"href":"https:\/\/www.europesays.com\/fr\/wp-json\/wp\/v2\/comments?post=382735"}],"version-history":[{"count":0,"href":"https:\/\/www.europesays.com\/fr\/wp-json\/wp\/v2\/posts\/382735\/revisions"}],"wp:featuredmedia":[{"embeddable":true,"href":"https:\/\/www.europesays.com\/fr\/wp-json\/wp\/v2\/media\/382736"}],"wp:attachment":[{"href":"https:\/\/www.europesays.com\/fr\/wp-json\/wp\/v2\/media?parent=382735"}],"wp:term":[{"taxonomy":"category","embeddable":true,"href":"https:\/\/www.europesays.com\/fr\/wp-json\/wp\/v2\/categories?post=382735"},{"taxonomy":"post_tag","embeddable":true,"href":"https:\/\/www.europesays.com\/fr\/wp-json\/wp\/v2\/tags?post=382735"}],"curies":[{"name":"wp","href":"https:\/\/api.w.org\/{rel}","templated":true}]}}