{"id":382737,"date":"2025-09-11T12:18:18","date_gmt":"2025-09-11T12:18:18","guid":{"rendered":"https:\/\/www.europesays.com\/fr\/382737\/"},"modified":"2025-09-11T12:18:18","modified_gmt":"2025-09-11T12:18:18","slug":"sans-foyer-depuis-mars-2024-maya-reve-dune-nouvelle-famille","status":"publish","type":"post","link":"https:\/\/www.europesays.com\/fr\/382737\/","title":{"rendered":"sans foyer depuis mars 2024, Maya r\u00eave d\u2019une nouvelle famille"},"content":{"rendered":"<p>Maya, n\u00e9e en 2022, est arriv\u00e9e au refuge en mars\u00a02024 et est en famille d\u2019accueil depuis le 20\u00a0mars 2024.<\/p>\n<p>Maya a \u00e9t\u00e9 accueillie avec ses trois chatons. Maman tr\u00e8s protectrice, elle s\u2019en \u00e9tait prise \u00e0 l\u2019enfant de la famille, ce qui a caus\u00e9 son abandon. Elle est d\u00e9sormais pr\u00eate \u00e0 rejoindre sa famille pour la vie. Bien qu\u2019adorable, c\u2019est une minette qui a son caract\u00e8re. En effet, elle peut vite s\u2019en prendre aux mains d\u00e8s lors qu\u2019on la caresse \u00ab\u00a0de trop\u00a0\u00bb. Elle peut \u00e9galement se montrer impr\u00e9visible en cas de bruit fort ou de mouvement trop brusque.<\/p>\n<p>En dehors de \u00e7a, la minette est tr\u00e8s attachante, elle aime avoir ses moments de jeux, de c\u00e2lins et appr\u00e9cie d\u2019\u00eatre bross\u00e9e.<\/p>\n<p>Ce contenu est bloqu\u00e9 car vous n&rsquo;avez pas accept\u00e9 les cookies et autres traceurs.<\/p>\n<p>En cliquant sur \u00ab J\u2019accepte \u00bb, les cookies et autres traceurs seront d\u00e9pos\u00e9s et vous pourrez visualiser les contenus  (<a href=\"\" class=\"consentModule_policy\" target=\"_blank\" title=\"Consulter la politique de protection des donn\u00e9es du fournisseur\">plus d&rsquo;informations<\/a>).<\/p>\n<p>En cliquant sur \u00ab J\u2019accepte tous les cookies \u00bb, vous autorisez des d\u00e9p\u00f4ts de cookies et autres traceurs pour le stockage de vos donn\u00e9es sur nos sites et applications \u00e0 des fins de personnalisation et de ciblage publicitaire.<\/p>\n<p class=\"consentModule_secondaryText\">Vous gardez la possibilit\u00e9 de retirer votre consentement \u00e0 tout moment en consultant notre <a href=\"https:\/\/www.dna.fr\/protection-des-donnees\" target=\"_blank\" title=\"Consulter notre politique de protection des donn\u00e9es\" rel=\"noopener\">politique de protection des donn\u00e9es<\/a>. <br \/>&#13;<br \/>\n            <a href=\"https:\/\/www.dna.fr\/societe\/2025\/09\/11\/javascript:Didomi.notice.show()\" class=\"consentModule_cmp\" target=\"_blank\" rel=\"noopener\">G\u00e9rer mes choix<\/a>&#13;\n        <\/p>\n<p>&#13;<br \/>\n                        J&rsquo;accepte&#13;<br \/>\n            J&rsquo;accepte tous les cookies&#13;\n        <\/p>\n<p>  Besoin de temps et de compr\u00e9hension<\/p>\n<p>Maya vivait avec un autre chat, il est vraisemblable qu\u2019elle s\u2019entendra avec ses cong\u00e9n\u00e8res, \u00e0 la condition de lui laisser le temps de l\u2019adaptation.<\/p>\n<p><a href=\"https:\/\/www.dna.fr\/societe\/2025\/06\/06\/crise-a-la-spa-20-salaries-refusent-que-la-directrice-soit-poussee-vers-la-sortie\" target=\"_blank\" rel=\"noopener\">La SPA de Strasbourg<\/a> lui recherche une famille sans enfants en bas \u00e2ge et qui saura comprendre ses limites et ses besoins. Un acc\u00e8s \u00e0 l\u2019ext\u00e9rieur en campagne sera un tr\u00e8s gros plus pour elle.<\/p>\n<p>Si vous \u00eates int\u00e9ress\u00e9s, contacter la SPA, 7, rue de l\u2019Entenloch \u00e0 Strasbourg Cronenbourg, 03\u00a088\u00a034\u00a067\u00a067.<\/p>\n<p class=\"note\">www.spa-strasbourg.org<\/p>\n","protected":false},"excerpt":{"rendered":"Maya, n\u00e9e en 2022, est arriv\u00e9e au refuge en mars\u00a02024 et est en famille d\u2019accueil depuis le 20\u00a0mars&hellip;\n","protected":false},"author":2,"featured_media":382738,"comment_status":"","ping_status":"","sticky":false,"template":"","format":"standard","meta":{"footnotes":""},"categories":[2820],"tags":[1111,11,2389,1867,2649,2880,1777,674,107,1011,27,775,12,25,104,640,2879],"class_list":{"0":"post-382737","1":"post","2":"type-post","3":"status-publish","4":"format-standard","5":"has-post-thumbnail","7":"category-strasbourg","8":"tag-actu","9":"tag-actualites","10":"tag-alsace","11":"tag-animaux","12":"tag-bas-rhin","13":"tag-edition-strasbourg","14":"tag-eu","15":"tag-europe","16":"tag-fil-info","17":"tag-fr","18":"tag-france","19":"tag-grand-est","20":"tag-news","21":"tag-republique-francaise","22":"tag-societe","23":"tag-strasbourg","24":"tag-strasbourg-ville"},"share_on_mastodon":{"url":"https:\/\/pubeurope.com\/@fr\/115185628305903281","error":""},"_links":{"self":[{"href":"https:\/\/www.europesays.com\/fr\/wp-json\/wp\/v2\/posts\/382737","targetHints":{"allow":["GET"]}}],"collection":[{"href":"https:\/\/www.europesays.com\/fr\/wp-json\/wp\/v2\/posts"}],"about":[{"href":"https:\/\/www.europesays.com\/fr\/wp-json\/wp\/v2\/types\/post"}],"author":[{"embeddable":true,"href":"https:\/\/www.europesays.com\/fr\/wp-json\/wp\/v2\/users\/2"}],"replies":[{"embeddable":true,"href":"https:\/\/www.europesays.com\/fr\/wp-json\/wp\/v2\/comments?post=382737"}],"version-history":[{"count":0,"href":"https:\/\/www.europesays.com\/fr\/wp-json\/wp\/v2\/posts\/382737\/revisions"}],"wp:featuredmedia":[{"embeddable":true,"href":"https:\/\/www.europesays.com\/fr\/wp-json\/wp\/v2\/media\/382738"}],"wp:attachment":[{"href":"https:\/\/www.europesays.com\/fr\/wp-json\/wp\/v2\/media?parent=382737"}],"wp:term":[{"taxonomy":"category","embeddable":true,"href":"https:\/\/www.europesays.com\/fr\/wp-json\/wp\/v2\/categories?post=382737"},{"taxonomy":"post_tag","embeddable":true,"href":"https:\/\/www.europesays.com\/fr\/wp-json\/wp\/v2\/tags?post=382737"}],"curies":[{"name":"wp","href":"https:\/\/api.w.org\/{rel}","templated":true}]}}