{"id":382739,"date":"2025-09-11T12:19:27","date_gmt":"2025-09-11T12:19:27","guid":{"rendered":"https:\/\/www.europesays.com\/fr\/382739\/"},"modified":"2025-09-11T12:19:27","modified_gmt":"2025-09-11T12:19:27","slug":"equinoxe-de-retour-du-12-au-14-septembre","status":"publish","type":"post","link":"https:\/\/www.europesays.com\/fr\/382739\/","title":{"rendered":"\u00c9quinoxe de retour du 12 au 14\u00a0septembre"},"content":{"rendered":"<p>Des pi\u00e8ces de th\u00e9\u00e2tre de 15 minutes jou\u00e9es dans 15 m2 pour 15 spectateurs\u00a0: c\u2019est la forme atypique propos\u00e9e par la compagnie Toc-Toc du 12 au 14\u00a0septembre. <a href=\"https:\/\/www.dna.fr\/culture-loisirs\/2023\/09\/15\/scenes-de-micro-theatre\" target=\"_blank\" rel=\"noopener\">Unique festival de micro-th\u00e9\u00e2tre de France, \u00c9quinoxe<\/a> c\u00e9l\u00e9brera sa 7 e \u00e9dition \u00e0 la Maison Bleue, \u00e0 Strasbourg, autour du th\u00e8me Parenth\u00e8se(s).<\/p>\n<p>Ce contenu est bloqu\u00e9 car vous n&rsquo;avez pas accept\u00e9 les cookies et autres traceurs.<\/p>\n<p>En cliquant sur \u00ab J\u2019accepte \u00bb, les cookies et autres traceurs seront d\u00e9pos\u00e9s et vous pourrez visualiser les contenus  (<a href=\"\" class=\"consentModule_policy\" target=\"_blank\" title=\"Consulter la politique de protection des donn\u00e9es du fournisseur\">plus d&rsquo;informations<\/a>).<\/p>\n<p>En cliquant sur \u00ab J\u2019accepte tous les cookies \u00bb, vous autorisez des d\u00e9p\u00f4ts de cookies et autres traceurs pour le stockage de vos donn\u00e9es sur nos sites et applications \u00e0 des fins de personnalisation et de ciblage publicitaire.<\/p>\n<p class=\"consentModule_secondaryText\">Vous gardez la possibilit\u00e9 de retirer votre consentement \u00e0 tout moment en consultant notre <a href=\"https:\/\/www.dna.fr\/protection-des-donnees\" target=\"_blank\" title=\"Consulter notre politique de protection des donn\u00e9es\" rel=\"noopener\">politique de protection des donn\u00e9es<\/a>. <br \/>&#13;<br \/>\n            <a href=\"https:\/\/www.dna.fr\/culture-loisirs\/2025\/09\/11\/javascript:Didomi.notice.show()\" class=\"consentModule_cmp\" target=\"_blank\" rel=\"noopener\">G\u00e9rer mes choix<\/a>&#13;\n        <\/p>\n<p>&#13;<br \/>\n                        J&rsquo;accepte&#13;<br \/>\n            J&rsquo;accepte tous les cookies&#13;\n        <\/p>\n<p>Cet \u00e9tonnant format, n\u00e9 dans un bordel espagnol abandonn\u00e9, est l\u2019occasion de m\u00ealer les arts en toute libert\u00e9. Sur sc\u00e8ne sera donc propos\u00e9 du th\u00e9\u00e2tre, mais aussi du cirque, du clown, de la marionnette, de la danse et du conte. Au programme\u00a0: cinq pi\u00e8ces par jour (\u00e0 voir en un bloc ou s\u00e9par\u00e9ment) et des concerts en soir\u00e9e.<\/p>\n<p>Des animations seront \u00e9galement propos\u00e9es en parall\u00e8le. De la cartomancie en carton biod\u00e9gradable \u00e0 l\u2019atelier maquillage en passant par une parenth\u00e8se enchant\u00e9e r\u00e9serv\u00e9e aux enfants et une com\u00e9die musicale improvis\u00e9e.<\/p>\n<p class=\"note\">3\u00a0\u20ac la pi\u00e8ce \u00e0 la Maison Bleue, 3, rue de Guebwiller. Billetterie sur place ouverte 30 minutes avant les pi\u00e8ces. Toute la programmation sur cietoctoc.fr.<\/p>\n","protected":false},"excerpt":{"rendered":"Des pi\u00e8ces de th\u00e9\u00e2tre de 15 minutes jou\u00e9es dans 15 m2 pour 15 spectateurs\u00a0: c\u2019est la forme atypique&hellip;\n","protected":false},"author":2,"featured_media":382740,"comment_status":"","ping_status":"","sticky":false,"template":"","format":"standard","meta":{"footnotes":""},"categories":[2820],"tags":[1111,11,2389,2649,1687,2880,1777,674,107,1011,27,775,1757,3035,873,12,25,3140,640,2879],"class_list":{"0":"post-382739","1":"post","2":"type-post","3":"status-publish","4":"format-standard","5":"has-post-thumbnail","7":"category-strasbourg","8":"tag-actu","9":"tag-actualites","10":"tag-alsace","11":"tag-bas-rhin","12":"tag-culture-loisirs","13":"tag-edition-strasbourg","14":"tag-eu","15":"tag-europe","16":"tag-fil-info","17":"tag-fr","18":"tag-france","19":"tag-grand-est","20":"tag-insolite","21":"tag-la-matinale-strasbourg","22":"tag-musique","23":"tag-news","24":"tag-republique-francaise","25":"tag-spectacle","26":"tag-strasbourg","27":"tag-strasbourg-ville"},"share_on_mastodon":{"url":"https:\/\/pubeurope.com\/@fr\/115185632167359902","error":""},"_links":{"self":[{"href":"https:\/\/www.europesays.com\/fr\/wp-json\/wp\/v2\/posts\/382739","targetHints":{"allow":["GET"]}}],"collection":[{"href":"https:\/\/www.europesays.com\/fr\/wp-json\/wp\/v2\/posts"}],"about":[{"href":"https:\/\/www.europesays.com\/fr\/wp-json\/wp\/v2\/types\/post"}],"author":[{"embeddable":true,"href":"https:\/\/www.europesays.com\/fr\/wp-json\/wp\/v2\/users\/2"}],"replies":[{"embeddable":true,"href":"https:\/\/www.europesays.com\/fr\/wp-json\/wp\/v2\/comments?post=382739"}],"version-history":[{"count":0,"href":"https:\/\/www.europesays.com\/fr\/wp-json\/wp\/v2\/posts\/382739\/revisions"}],"wp:featuredmedia":[{"embeddable":true,"href":"https:\/\/www.europesays.com\/fr\/wp-json\/wp\/v2\/media\/382740"}],"wp:attachment":[{"href":"https:\/\/www.europesays.com\/fr\/wp-json\/wp\/v2\/media?parent=382739"}],"wp:term":[{"taxonomy":"category","embeddable":true,"href":"https:\/\/www.europesays.com\/fr\/wp-json\/wp\/v2\/categories?post=382739"},{"taxonomy":"post_tag","embeddable":true,"href":"https:\/\/www.europesays.com\/fr\/wp-json\/wp\/v2\/tags?post=382739"}],"curies":[{"name":"wp","href":"https:\/\/api.w.org\/{rel}","templated":true}]}}