{"id":38275,"date":"2025-04-20T07:03:25","date_gmt":"2025-04-20T07:03:25","guid":{"rendered":"https:\/\/www.europesays.com\/fr\/38275\/"},"modified":"2025-04-20T07:03:25","modified_gmt":"2025-04-20T07:03:25","slug":"les-visiteurs-au-rendez-vous-a-la-japan-pocket","status":"publish","type":"post","link":"https:\/\/www.europesays.com\/fr\/38275\/","title":{"rendered":"les visiteurs au rendez-vous \u00e0 la Japan pocket"},"content":{"rendered":"<p>Toute la culture japonaise dans la poche. \u00ab\u00a0C\u2019est un \u00e9v\u00e9nement miniaturis\u00e9, plus convivial et familial que la Japan Addict\u00a0\u00bb, indique <a href=\"https:\/\/www.dna.fr\/culture-loisirs\/2024\/05\/30\/le-nouvel-organisateur-alexandre-bertrand-reve-en-grand-la-japan-addict\" target=\"_blank\" rel=\"noopener\">Alexandre Bertrand, organisateur du rendez-vous.<\/a> \u00ab\u00a0Miniature\u00a0\u00bb, mais tout de m\u00eame riche de 43 exposants, alsaciens pour la plupart, sp\u00e9cialis\u00e9s dans les figurines, les dioramas, l\u2019impression 3D\u00a0, etc. Derri\u00e8re son stand de la Sorcelaine, se cache Dorothy Gauzelin micro-entrepreneuse dans l\u2019amigurumi , l\u2019art japonais des peluches en crochet, tr\u00e8s tendance sur les r\u00e9seaux sociaux. \u00ab\u00a0J\u2019ai appris \u00e0&#8230;<\/p>\n","protected":false},"excerpt":{"rendered":"Toute la culture japonaise dans la poche. \u00ab\u00a0C\u2019est un \u00e9v\u00e9nement miniaturis\u00e9, plus convivial et familial que la Japan&hellip;\n","protected":false},"author":2,"featured_media":38276,"comment_status":"","ping_status":"","sticky":false,"template":"","format":"standard","meta":{"footnotes":""},"categories":[2820],"tags":[1111,11,1687,2880,1777,674,107,1685,1011,27,775,2410,12,25,104,640,2879,1631],"class_list":{"0":"post-38275","1":"post","2":"type-post","3":"status-publish","4":"format-standard","5":"has-post-thumbnail","7":"category-strasbourg","8":"tag-actu","9":"tag-actualites","10":"tag-culture-loisirs","11":"tag-edition-strasbourg","12":"tag-eu","13":"tag-europe","14":"tag-fil-info","15":"tag-foire-et-salon","16":"tag-fr","17":"tag-france","18":"tag-grand-est","19":"tag-livres-bd","20":"tag-news","21":"tag-republique-francaise","22":"tag-societe","23":"tag-strasbourg","24":"tag-strasbourg-ville","25":"tag-vie-associative"},"share_on_mastodon":{"url":"https:\/\/pubeurope.com\/@fr\/114369017093940038","error":""},"_links":{"self":[{"href":"https:\/\/www.europesays.com\/fr\/wp-json\/wp\/v2\/posts\/38275","targetHints":{"allow":["GET"]}}],"collection":[{"href":"https:\/\/www.europesays.com\/fr\/wp-json\/wp\/v2\/posts"}],"about":[{"href":"https:\/\/www.europesays.com\/fr\/wp-json\/wp\/v2\/types\/post"}],"author":[{"embeddable":true,"href":"https:\/\/www.europesays.com\/fr\/wp-json\/wp\/v2\/users\/2"}],"replies":[{"embeddable":true,"href":"https:\/\/www.europesays.com\/fr\/wp-json\/wp\/v2\/comments?post=38275"}],"version-history":[{"count":0,"href":"https:\/\/www.europesays.com\/fr\/wp-json\/wp\/v2\/posts\/38275\/revisions"}],"wp:featuredmedia":[{"embeddable":true,"href":"https:\/\/www.europesays.com\/fr\/wp-json\/wp\/v2\/media\/38276"}],"wp:attachment":[{"href":"https:\/\/www.europesays.com\/fr\/wp-json\/wp\/v2\/media?parent=38275"}],"wp:term":[{"taxonomy":"category","embeddable":true,"href":"https:\/\/www.europesays.com\/fr\/wp-json\/wp\/v2\/categories?post=38275"},{"taxonomy":"post_tag","embeddable":true,"href":"https:\/\/www.europesays.com\/fr\/wp-json\/wp\/v2\/tags?post=38275"}],"curies":[{"name":"wp","href":"https:\/\/api.w.org\/{rel}","templated":true}]}}