{"id":382754,"date":"2025-09-11T12:27:10","date_gmt":"2025-09-11T12:27:10","guid":{"rendered":"https:\/\/www.europesays.com\/fr\/382754\/"},"modified":"2025-09-11T12:27:10","modified_gmt":"2025-09-11T12:27:10","slug":"cette-ville-au-sud-de-toulouse-interdit-la-consommation-dalcool-sur-la-voie-publique","status":"publish","type":"post","link":"https:\/\/www.europesays.com\/fr\/382754\/","title":{"rendered":"cette ville au sud de Toulouse interdit la consommation d\u2019alcool sur la voie publique"},"content":{"rendered":"<p>            Par<br \/>\n        <strong><br \/>\n            <a href=\"https:\/\/actu.fr\/auteur\/valentine-gaxieu-actu-fr\" title=\"Consulter tous les articles de Valentine Gaxieu\" target=\"_blank\" rel=\"noopener\">Valentine Gaxieu<\/a><br \/>\n        <\/strong><\/p>\n<p>        Publi\u00e9 le<\/p>\n<p>            11 sept. 2025 \u00e0 13h14        <\/p>\n<p>Il est d\u00e9sormais <b>interdit<\/b> de boire une bi\u00e8re ou un petit verre de ros\u00e9 dans les rues, dans les parcs ou encore au stade. La commune du <a href=\"https:\/\/actu.fr\/occitanie\/vernet_31574\" target=\"_blank\" rel=\"noopener\">Vernet<\/a>, situ\u00e9e \u00e0 une vingtaine de kilom\u00e8tres au sud de Toulouse, a publi\u00e9, ce mercredi 10\u00a0septembre 2025, <a href=\"https:\/\/www.mairie-le-vernet-31.fr\/wp-content\/uploads\/2025\/09\/Arrete-Municipal-Permanent-N%C2%B02025-P-10.pdf?fbclid=IwY2xjawMvY4JleHRuA2FlbQIxMABicmlkETBZVE9WYW96eHk4U014SkRhAR5Ur67Xdp0LxVNfnu58W9TQmCBAnLcuOlVnmQCE3KWxUGxJexv7JDvyjwerAQ_aem_AKbq86hjkkHuOWHPfTDTrg\" target=\"_blank\" rel=\"noopener\">un arr\u00eat\u00e9<\/a> visant \u00e0 <b>interdire la consommation d\u2019alcool<\/b> sur le domaine public, <b>entre 8\u2009h et 2\u2009h<\/b>.<\/p>\n<p class=\" wall-content\">Cette d\u00e9cision est une r\u00e9ponse \u00e0 de <b>multiples plaintes<\/b>. \u00ab\u2009Les habitants nous faisaient de plus en plus remonter qu\u2019il y avait <b>trop d\u2019incivilit\u00e9s<\/b>. Alors certes il y en a dans toutes les villes, mais c\u2019est vrai que depuis quelque temps, <b>elles augmentaient<\/b>. On a \u00e9cout\u00e9 nos administr\u00e9s et on a fait en sorte de r\u00e9pondre \u00e0 leur g\u00eane et \u00e0 leurs craintes\u2009\u00bb, explique la municipalit\u00e9 \u00e0 <a href=\"https:\/\/actu.fr\/voix-du-midi-lauragais\/\" target=\"_blank\" rel=\"noopener\">Voix du Midi Lauragais<\/a>.<\/p>\n<p>Des secteurs plus concern\u00e9s<\/p>\n<p class=\" wall-content\">De nombreux secteurs de la commune sont vis\u00e9s\u2009: les <b>abords des groupes scolaires<\/b> en raison de la pr\u00e9sence d\u2019enfants et de familles\u2009; aux <b>a<\/b><b>bords des b\u00e2timents communaux<\/b> (salle des f\u00eates, mairie, police municipale, services techniques, dojo, boulodrome et club de tennis) afin de pr\u00e9server les \u00e9quipements et les v\u00e9hicules priv\u00e9s\u2009; au <b>parc municipal<\/b> et au <b>city stade<\/b>, zone qui s\u2019\u00e9tend de l\u2019entr\u00e9e de la place Constant jusqu\u2019\u00e0 l\u2019avenue du camping\u2009; ainsi qu\u2019aux <b>abords de la gare ferroviaire<\/b>.<\/p>\n<p class=\" wall-content\">L\u2019interdiction concerne aussi le <b>centre-ville<\/b>, o\u00f9 se trouvent de nombreux commerces, et principalement les avenues de la mairie, de la gare et du Lauragais, et les rues Bacqui\u00e9 et de l\u2019\u00e9glise.<\/p>\n<p class=\" wall-content\">\u00ab\u2009On a certaines personnes qui ne sont pas du Vernet et qui <b>s\u2019installent devant les commerces<\/b> jusqu\u2019\u00e0 tard dans la nuit. Quand elles sont ivres, elles sont trop probl\u00e9matiques. Apr\u00e8s on reste des humains, on comprend que la situation puisse \u00eatre compliqu\u00e9e pour certains, notamment les sans-abri, mais il fallait vraiment <b>am\u00e9liorer la qualit\u00e9 de vie<\/b> de nos habitants\u2009\u00bb, argumente la municipalit\u00e9.<\/p>\n<p>Vid\u00e9os : en ce moment sur ActuDes exceptions<\/p>\n<p class=\" wall-content\">L\u2019interdiction ne concerne pas les<b> terrasses de caf\u00e9 et restaurants<\/b> pour lesquelles un arr\u00eat\u00e9 municipal a \u00e9t\u00e9 pris. Elle ne s\u2019applique pas non plus \u00e0 l\u2019occasion du <b>march\u00e9 local<\/b> du dimanche matin\u2009; pour les <b>arr\u00eat\u00e9s de buvette<\/b> pris par le maire <b>Bernard Tisseire<\/b>\u2009; et pour les \u00e9v\u00e9nements organis\u00e9s par la municipalit\u00e9 sur le territoire communal, comme la <b>f\u00eate locale<\/b>, la <b>f\u00eate de la musique<\/b> ou encore la<b> foire<\/b>.<\/p>\n<p>Votre r\u00e9gion, votre actu !<\/p>\n<p>Recevez chaque jour les infos qui comptent pour vous.<\/p>\n<p>\t<a href=\"https:\/\/actu.fr\/newsletter\" class=\"ac-btn ac-btn--corner ac-btn--medium ac-btn--blue800\" target=\"_blank\" rel=\"noopener\">S&rsquo;incrire<\/a><\/p>\n<p class=\" wall-content\">Notons que la police municipale \u2013 compos\u00e9e de trois agents \u2013 pr\u00e9voit une \u00ab\u2009<b>plus grande vigilance<\/b>\u2009\u00bb. Une consommation d\u2019alcool constat\u00e9e sera poursuivie par tout agent de la force publique habilit\u00e9 \u00e0 dresser un proc\u00e8s-verbal.<\/p>\n<p>Deux autres arr\u00eat\u00e9s en moins d\u2019un mois<\/p>\n<p>Le mois de septembre est marqu\u00e9 par de nouvelles r\u00e8gles dans la commune. Pour rappel, le nouveau maire Bernard Tisseire a \u00e9t\u00e9 \u00e9lu en juillet dernier apr\u00e8s la d\u00e9mission de Serge Demange, qui occupait ses fonctions depuis 2008.<br \/>&#13;<br \/>\nLe lundi 1er\u00a0septembre dernier, un arr\u00eat\u00e9 a \u00e9t\u00e9 publi\u00e9 afin de rendre obligatoire le port de la laisse pour les chiens. Ce choix, largement comment\u00e9 sur les r\u00e9seaux sociaux de la municipalit\u00e9, a \u00e9t\u00e9 justifi\u00e9 par celle-ci\u2009: \u00ab\u2009Il ne s\u2019agit pas de &lsquo;punir&rsquo; les propri\u00e9taires responsables, mais de pr\u00e9venir les situations \u00e0 risque et de faciliter la vie collective.\u2009\u00bb Une tol\u00e9rance est toutefois pr\u00e9vue sur le chemin des bords d\u2019Ari\u00e8ge, du stade jusqu\u2019\u00e0 Gr\u00e9piac.<br \/>&#13;<br \/>\nUn nouvel arr\u00eat\u00e9 sera publi\u00e9 dans les prochains jours, visant quant \u00e0 lui \u00e0 interdire les barbecues et les feux aux bords d\u2019Ari\u00e8ge. \u00ab\u2009Notre nouveau maire a la volont\u00e9 de rassurer les habitants qui se sentaient &lsquo;abandonn\u00e9s&rsquo; au vu du contexte politique. Il veut remettre les choses sur les rails et faire en sorte qu\u2019il y ait un nouveau sentiment de bien vivre dans la commune\u2009\u00bb, d\u00e9clare la mairie.<\/p>\n<p class=\" wall-content\">Personnalisez votre actualit\u00e9 en ajoutant vos villes et m\u00e9dias en favori avec <a href=\"https:\/\/moncompte.actu.fr\" title=\"D\u00e9couvez Mon Actu\" rel=\"nofollow noopener\" data-trk=\"{&quot;cta&quot;:{&quot;action&quot;:&quot;https:\\\/\\\/moncompte.actu.fr&quot;,&quot;category&quot;:&quot;mon compte&quot;,&quot;from&quot;:&quot;article footer&quot;,&quot;name&quot;:&quot;Mon actu&quot;,&quot;type&quot;:&quot;cta&quot;}}\" target=\"_blank\">Mon Actu<\/a>.<\/p>\n","protected":false},"excerpt":{"rendered":"Par Valentine Gaxieu Publi\u00e9 le 11 sept. 2025 \u00e0 13h14 Il est d\u00e9sormais interdit de boire une bi\u00e8re&hellip;\n","protected":false},"author":2,"featured_media":382755,"comment_status":"","ping_status":"","sticky":false,"template":"","format":"standard","meta":{"footnotes":""},"categories":[2816],"tags":[1111,11,5702,130,1777,674,1011,27,12,2680,25,104,2312],"class_list":{"0":"post-382754","1":"post","2":"type-post","3":"status-publish","4":"format-standard","5":"has-post-thumbnail","7":"category-toulouse","8":"tag-actu","9":"tag-actualites","10":"tag-alcool","11":"tag-consommation","12":"tag-eu","13":"tag-europe","14":"tag-fr","15":"tag-france","16":"tag-news","17":"tag-occitanie","18":"tag-republique-francaise","19":"tag-societe","20":"tag-toulouse"},"share_on_mastodon":{"url":"https:\/\/pubeurope.com\/@fr\/115185663705217242","error":""},"_links":{"self":[{"href":"https:\/\/www.europesays.com\/fr\/wp-json\/wp\/v2\/posts\/382754","targetHints":{"allow":["GET"]}}],"collection":[{"href":"https:\/\/www.europesays.com\/fr\/wp-json\/wp\/v2\/posts"}],"about":[{"href":"https:\/\/www.europesays.com\/fr\/wp-json\/wp\/v2\/types\/post"}],"author":[{"embeddable":true,"href":"https:\/\/www.europesays.com\/fr\/wp-json\/wp\/v2\/users\/2"}],"replies":[{"embeddable":true,"href":"https:\/\/www.europesays.com\/fr\/wp-json\/wp\/v2\/comments?post=382754"}],"version-history":[{"count":0,"href":"https:\/\/www.europesays.com\/fr\/wp-json\/wp\/v2\/posts\/382754\/revisions"}],"wp:featuredmedia":[{"embeddable":true,"href":"https:\/\/www.europesays.com\/fr\/wp-json\/wp\/v2\/media\/382755"}],"wp:attachment":[{"href":"https:\/\/www.europesays.com\/fr\/wp-json\/wp\/v2\/media?parent=382754"}],"wp:term":[{"taxonomy":"category","embeddable":true,"href":"https:\/\/www.europesays.com\/fr\/wp-json\/wp\/v2\/categories?post=382754"},{"taxonomy":"post_tag","embeddable":true,"href":"https:\/\/www.europesays.com\/fr\/wp-json\/wp\/v2\/tags?post=382754"}],"curies":[{"name":"wp","href":"https:\/\/api.w.org\/{rel}","templated":true}]}}