{"id":382762,"date":"2025-09-11T12:31:22","date_gmt":"2025-09-11T12:31:22","guid":{"rendered":"https:\/\/www.europesays.com\/fr\/382762\/"},"modified":"2025-09-11T12:31:22","modified_gmt":"2025-09-11T12:31:22","slug":"interpellations-degradations-le-bilan-de-la-mobilisation","status":"publish","type":"post","link":"https:\/\/www.europesays.com\/fr\/382762\/","title":{"rendered":"interpellations, d\u00e9gradations, le bilan de la mobilisation"},"content":{"rendered":"<p>            Par<br \/>\n        <strong><br \/>\n            <a href=\"https:\/\/actu.fr\/auteur\/thibault-nadal-actu-fr\" title=\"Consulter tous les articles de Thibault Nadal\" target=\"_blank\" rel=\"noopener\">Thibault Nadal<\/a><br \/>\n        <\/strong><\/p>\n<p>        Publi\u00e9 le<\/p>\n<p>            11 sept. 2025 \u00e0 14h02        <\/p>\n<p>Les autorit\u00e9s s\u2019attendaient \u00e0 une journ\u00e9e plus que difficile et avaient d\u00e9ploy\u00e9 les grands moyens\u2009: 80\u2009000 policiers et gendarmes sur tout le territoire pour contrer <a href=\"https:\/\/actu.fr\/provence-alpes-cote-d-azur\/marseille_13055\/direct-bloquons-tout-le-10-septembre-a-marseille-les-blocages-et-manifestations-dans-les-bouches-du-rhone_63136980.html\" target=\"_blank\" rel=\"noopener\">le mouvement social \u00ab\u2009Bloquons tout\u2009\u00bb<\/a>. Si \u00e0 Paris et \u00e0 Lyon, la journ\u00e9e a \u00e9t\u00e9 \u00e9maill\u00e9e par de nombreuses violences urbaines, \u00e0 <a href=\"https:\/\/actu.fr\/marseille\/\" target=\"_blank\" rel=\"noopener\">Marseille<\/a>, <strong>elle s\u2019est r\u00e9v\u00e9l\u00e9e \u00ab\u2009moins virulente\u2009\u00bb<\/strong> que pr\u00e9vu, m\u00eame si plusieurs incidents ont \u00e9t\u00e9 signal\u00e9s.<\/p>\n<p class=\" wall-content\">La manifestation qui se tenait en milieu de matin\u00e9e aux R\u00e9form\u00e9s (1er) et qui s\u2019est d\u00e9roul\u00e9 dans le calme, a attir\u00e9 8000 personnes.<\/p>\n<p>Aucun blocage sur la dur\u00e9e<\/p>\n<p class=\" wall-content\">Dans la cit\u00e9 phoc\u00e9enne, quatre points de rendez-vous avaient \u00e9t\u00e9 fix\u00e9s \u00e0 l\u2019aube, d\u00e8s 6h30. Si \u00e0 <a href=\"https:\/\/actu.fr\/tag\/la-valentine\" target=\"_blank\" rel=\"noopener\">La Valentine<\/a>, les manifestants ont \u00e9t\u00e9 relativement calmes, \u00e7a a \u00e9t\u00e9 moins le cas au niveau de la porte d\u2019Aix o\u00f9 <strong>plusieurs poubelles ont \u00e9t\u00e9 incendi\u00e9es<\/strong>.<\/p>\n<p>    <img   decoding=\"async\" loading=\"lazy\" src=\"https:\/\/www.europesays.com\/fr\/wp-content\/uploads\/2025\/09\/whatsapp-image-2025-09-10-at-133507-960x640.jpeg\" alt=\"Les marins-pompiers \u00e9teignent un feu de d\u00e9tritus \u00e0 proximit\u00e9 de la porte d'Aix ce mercredi 10 septembre \u00e0 Marseille\" width=\"960\" height=\"640\"\/><br \/>\n    Les marins-pompiers \u00e9teignent un feu de d\u00e9tritus \u00e0 proximit\u00e9 de la porte d\u2019Aix ce mercredi 10\u00a0septembre \u00e0 Marseille (\u00a9Fabien Binacchi \/ actu Marseille)<\/p>\n<p class=\" wall-content\">Dans le reste de la ville,<strong> du mobilier urbain a \u00e9t\u00e9 d\u00e9grad\u00e9 et des vitrines de restaurants ont \u00e9t\u00e9 bris\u00e9es<\/strong>. En fin de matin\u00e9e, la pr\u00e9fecture de police \u00e9voquait \u00ab\u2009des mouvements erratiques de petits groupes rapidement dispers\u00e9s par les forces de l\u2019ordre\u2009\u00bb. \u00c0 cette heure, les autorit\u00e9s comptabilisaient 600 \u00e0 700\u00a0personnes mobilis\u00e9es dans les rues de Marseille.<\/p>\n<p class=\" wall-content\">\n<p class=\" wall-content\">Plusieurs tentatives de blocage ont eu lieu dans le centre-ville et notamment au niveau du rond-point de l\u2019Europe et de l\u2019entr\u00e9e dans le <strong>tunnel Prado-Car\u00e9nage<\/strong> (10e), <a href=\"https:\/\/www.instagram.com\/p\/DObi1zJjQ9N\/\" target=\"_blank\" rel=\"noopener\">du site Eurolinks<\/a> (13e) ou du lyc\u00e9e Montgrand (6e).<\/p>\n<p class=\" wall-content\">Selon un bilan dress\u00e9 par la pr\u00e9fecture de Police, \u00ab\u2009<strong>pr\u00e8s de 10 actions<\/strong> de blocage d\u2019entreprises, de sites ou de lieux strat\u00e9giques dispers\u00e9es\u2009\u00bb. Un chiffre similaire dans <a href=\"https:\/\/actu.fr\/provence-alpes-cote-d-azur\/bouches-du-rhone_13\" target=\"_blank\" rel=\"noopener\">les Bouches-du-Rh\u00f4ne<\/a> o\u00f9 plusieurs blocages routiers ont \u00e9t\u00e9 \u00e9vit\u00e9s.<\/p>\n<p>Votre r\u00e9gion, votre actu !<\/p>\n<p>Recevez chaque jour les infos qui comptent pour vous.<\/p>\n<p>\t<a href=\"https:\/\/actu.fr\/newsletter\" class=\"ac-btn ac-btn--corner ac-btn--medium ac-btn--blue800\" target=\"_blank\" rel=\"noopener\">S&rsquo;incrire<\/a><\/p>\n<p class=\" wall-content\">\n    <img   decoding=\"async\" loading=\"lazy\" src=\"https:\/\/www.europesays.com\/fr\/wp-content\/uploads\/2025\/09\/whatsapp-image-2025-09-10-at-084027-960x640.jpeg\" alt=\"Des blocages sont en cours dans le centre-ville de Marseille.\" width=\"960\" height=\"640\"\/><br \/>\n    Des blocages sont en cours dans le centre-ville de Marseille. (\u00a9Fabien Binacchi \/ actu Marseille)<br \/>\n    <img   decoding=\"async\" loading=\"lazy\" src=\"https:\/\/www.europesays.com\/fr\/wp-content\/uploads\/2025\/09\/whatsapp-image-2025-09-10-at-100327-1-960x640.jpeg\" alt=\"Des dizaines de lyc\u00e9ens devant le lyc\u00e9e Montgrand (Marseille, 6e).\" width=\"960\" height=\"640\"\/><br \/>\n    Des dizaines de lyc\u00e9ens devant le lyc\u00e9e Montgrand (Marseille, 6e). (\u00a9Fabien Binacchi \/ actu Marseille)<\/p>\n<blockquote class=\"ac-article-quote wall-content\">\n<p>De nombreuses tentatives de blocages, pr\u00e9vues ou spontan\u00e9es ont \u00e9chou\u00e9 gr\u00e2ce \u00e0 un dispositif agile et r\u00e9actif.\u00a0<\/p>\n<p>    <strong>Pr\u00e9fecture de Police des Bouches-du-Rh\u00f4ne<\/strong>\n            <\/p><\/blockquote>\n<p>Huit interpellations \u00e0 Marseille<\/p>\n<p class=\" wall-content\">C\u2019est dans l\u2019apr\u00e8s-midi et surtout en soir\u00e9e que les tensions ont \u00e9t\u00e9 les plus fortes, au niveau de <a href=\"https:\/\/actu.fr\/tag\/gare-saint-charles\" target=\"_blank\" rel=\"noopener\">Saint-Charles<\/a> o\u00f9 les forces de l\u2019ordre ont fait usage de gaz lacrymog\u00e8ne pour emp\u00eacher la foule de p\u00e9n\u00e9trer dans la gare.<\/p>\n<p class=\" wall-content\">\n<p class=\" wall-content\">Dans la soir\u00e9e, les derniers manifestants encore pr\u00e9sents ont \u00e9t\u00e9 repouss\u00e9s \u00e0 coups de <strong>gaz lacrymog\u00e8ne<\/strong> et plusieurs <strong>charges polici\u00e8res<\/strong> ont \u00e9t\u00e9 signal\u00e9es.<\/p>\n<blockquote class=\"tiktok-embed\" cite=\"https:\/\/www.tiktok.com\/@marseille_313\/video\/7548587796697566486\" data-video-id=\"7548587796697566486\" data-embed-from=\"oembed\" style=\"max-width:605px; min-width:325px;\"><p>\n<a target=\"_blank\" title=\"@marseille_313\" href=\"https:\/\/www.tiktok.com\/@marseille_313?refer=embed\" rel=\"noopener\">@marseille_313<\/a> <\/p>\n<p>tensions dan le centre ville de Marseille \u00e7a chauffe encore <a title=\"bloquonstout\" target=\"_blank\" href=\"https:\/\/www.tiktok.com\/tag\/bloquonstout?refer=embed\" rel=\"noopener\">#bloquonstout<\/a> <a title=\"sinformersurtiktok\" target=\"_blank\" href=\"https:\/\/www.tiktok.com\/tag\/sinformersurtiktok?refer=embed\" rel=\"noopener\">#sinformersurtiktok<\/a> <a title=\"10september\" target=\"_blank\" href=\"https:\/\/www.tiktok.com\/tag\/10september?refer=embed\" rel=\"noopener\">#10september<\/a> <a title=\"marseille\" target=\"_blank\" href=\"https:\/\/www.tiktok.com\/tag\/marseille?refer=embed\" rel=\"noopener\">#Marseille<\/a> <a title=\"viral_video\" target=\"_blank\" href=\"https:\/\/www.tiktok.com\/tag\/viral_video?refer=embed\" rel=\"noopener\">#viral_video<\/a> <\/p>\n<p> <a target=\"_blank\" title=\"\u266c Powerful dark futuristic science fiction film music(1536393) - Azure Glitch\" href=\"https:\/\/www.tiktok.com\/music\/Powerful-dark-futuristic-science-fiction-film-music-1536393-7358902286779959312?refer=embed\" rel=\"noopener\">\u266c Powerful dark futuristic science fiction film music(1536393) \u2013 Azure Glitch<\/a> <\/p>\n<\/blockquote>\n<p class=\" wall-content\">Sur la journ\u00e9e de mercredi, <strong>huit personnes ont \u00e9t\u00e9 interpell\u00e9es sur Marseille<\/strong> pour \u00ab\u2009violence sur personne d\u00e9positaire de l\u2019autorit\u00e9 publique\u2009\u00bb, \u00ab\u2009r\u00e9bellion\u2009\u00bb, \u00ab\u2009jet de projectile\u2009\u00bb, \u00ab\u2009vol\u2009\u00bb, \u00ab\u2009incendie\u2009\u00bb, \u00ab\u2009feu de poubelle\u2009\u00bb et \u00ab\u2009d\u00e9gradations\u2009\u00bb notamment.<\/p>\n<p class=\" wall-content\">\u00c0 <a href=\"https:\/\/actu.fr\/provence-alpes-cote-d-azur\/arles_13004\" target=\"_blank\" rel=\"noopener\">Arles<\/a> (Bouches-du-Rh\u00f4ne), <strong>deux personnes ont \u00e9t\u00e9 interpell\u00e9es<\/strong>, dont une pour \u00ab\u2009violence sur personne d\u00e9positaire de l\u2019autorit\u00e9 publique\u2009\u00bb. La situation a \u00e9t\u00e9 plusieurs fois tendue au niveau de <strong>la N113<\/strong>.<\/p>\n<p class=\" wall-content\">Personnalisez votre actualit\u00e9 en ajoutant vos villes et m\u00e9dias en favori avec <a href=\"https:\/\/moncompte.actu.fr\" title=\"D\u00e9couvez Mon Actu\" rel=\"nofollow noopener\" data-trk=\"{&quot;cta&quot;:{&quot;action&quot;:&quot;https:\\\/\\\/moncompte.actu.fr&quot;,&quot;category&quot;:&quot;mon compte&quot;,&quot;from&quot;:&quot;article footer&quot;,&quot;name&quot;:&quot;Mon actu&quot;,&quot;type&quot;:&quot;cta&quot;}}\" target=\"_blank\">Mon Actu<\/a>.<\/p>\n<p>                    <script async src=\"\/\/www.instagram.com\/embed.js\"><\/script><script async src=\"\/\/www.tiktok.com\/embed.js\"><\/script><\/p>\n","protected":false},"excerpt":{"rendered":"Par Thibault Nadal Publi\u00e9 le 11 sept. 2025 \u00e0 14h02 Les autorit\u00e9s s\u2019attendaient \u00e0 une journ\u00e9e plus que&hellip;\n","protected":false},"author":2,"featured_media":382763,"comment_status":"","ping_status":"","sticky":false,"template":"","format":"standard","meta":{"footnotes":""},"categories":[2814],"tags":[1111,11,47212,1777,674,1011,27,1272,884,50957,12,882,25,104],"class_list":{"0":"post-382762","1":"post","2":"type-post","3":"status-publish","4":"format-standard","5":"has-post-thumbnail","7":"category-marseille","8":"tag-actu","9":"tag-actualites","10":"tag-bloquons-tout","11":"tag-eu","12":"tag-europe","13":"tag-fr","14":"tag-france","15":"tag-manifestations","16":"tag-marseille","17":"tag-mouvement-du-10-septembre","18":"tag-news","19":"tag-provence-alpes-cote-dazur","20":"tag-republique-francaise","21":"tag-societe"},"share_on_mastodon":{"url":"https:\/\/pubeurope.com\/@fr\/115185679877579285","error":""},"_links":{"self":[{"href":"https:\/\/www.europesays.com\/fr\/wp-json\/wp\/v2\/posts\/382762","targetHints":{"allow":["GET"]}}],"collection":[{"href":"https:\/\/www.europesays.com\/fr\/wp-json\/wp\/v2\/posts"}],"about":[{"href":"https:\/\/www.europesays.com\/fr\/wp-json\/wp\/v2\/types\/post"}],"author":[{"embeddable":true,"href":"https:\/\/www.europesays.com\/fr\/wp-json\/wp\/v2\/users\/2"}],"replies":[{"embeddable":true,"href":"https:\/\/www.europesays.com\/fr\/wp-json\/wp\/v2\/comments?post=382762"}],"version-history":[{"count":0,"href":"https:\/\/www.europesays.com\/fr\/wp-json\/wp\/v2\/posts\/382762\/revisions"}],"wp:featuredmedia":[{"embeddable":true,"href":"https:\/\/www.europesays.com\/fr\/wp-json\/wp\/v2\/media\/382763"}],"wp:attachment":[{"href":"https:\/\/www.europesays.com\/fr\/wp-json\/wp\/v2\/media?parent=382762"}],"wp:term":[{"taxonomy":"category","embeddable":true,"href":"https:\/\/www.europesays.com\/fr\/wp-json\/wp\/v2\/categories?post=382762"},{"taxonomy":"post_tag","embeddable":true,"href":"https:\/\/www.europesays.com\/fr\/wp-json\/wp\/v2\/tags?post=382762"}],"curies":[{"name":"wp","href":"https:\/\/api.w.org\/{rel}","templated":true}]}}