{"id":382764,"date":"2025-09-11T12:32:18","date_gmt":"2025-09-11T12:32:18","guid":{"rendered":"https:\/\/www.europesays.com\/fr\/382764\/"},"modified":"2025-09-11T12:32:18","modified_gmt":"2025-09-11T12:32:18","slug":"laurent-wauquiez-reagit-apres-les-degradations-a-lyon","status":"publish","type":"post","link":"https:\/\/www.europesays.com\/fr\/382764\/","title":{"rendered":"Laurent Wauquiez r\u00e9agit apr\u00e8s les d\u00e9gradations \u00e0 Lyon"},"content":{"rendered":"<p>\u00ab\u00a0Hier, c\u2019\u00e9tait l\u2019image de la France qui bloque tout, qui casse tout. Tout cela est \u00e9videmment manipul\u00e9 par l\u2019extr\u00eame gauche. Je faisais le tour hier soir et ce matin des d\u00e9gradation dans Lyon\u00a0: les poubelles incendi\u00e9es, le mobilier urbain cass\u00e9, les deux commerces attaqu\u00e9s. Les tags partout. Et moi je pense \u00e0 la France qui travaille qui va devoir payer \u00e7a. Je ne veux pas laisser ce d\u00e9sordre s\u2019installer\u00a0\u00bb, a d\u00e9clar\u00e9 <a href=\"https:\/\/www.leprogres.fr\/p\/laurent-wauquiez\" target=\"_blank\" rel=\"noopener\">Laurent Wauquiez<\/a> ce jeudi matin, en marge d\u2019un d\u00e9placement \u00e0 D\u00e9cines-Charpieu.<\/p>\n<p>Interrog\u00e9 par Le Progr\u00e8s, le patron des d\u00e9put\u00e9s LR \u00e0 l\u2019Assembl\u00e9e dit entendre le d\u00e9sarroi et la col\u00e8re de ceux qui ont manifest\u00e9 pacifiquement. \u00ab\u00a0Ce message, je le porte, mais on peut le porter autrement. Le pays ne va pas bien, le pouvoir d\u2019achat n\u2019est pas facile, bloquer tout \u00e7a veut dire quoi\u00a0? Bloquer ceux qui travaillent\u00a0? Les entreprises\u00a0? Les h\u00f4pitaux\u00a0? Si bloquer tout \u00e9tait une solution \u00e7a se saurait.\u00a0\u00bb<\/p>\n<p><strong>\u00ab\u00a0Se mettre au-dessus des partis et discuter\u00a0\u00bb<\/strong><\/p>\n<p>Concernant la dissolution, le conseiller sp\u00e9cial du pr\u00e9sident de la R\u00e9gion ne l\u2019envisage pas comme une solution. \u00ab\u00a0Je regarde les intentions de vote, \u00e7a aboutira au m\u00eame r\u00e9sultat, il n\u2019y aura toujours pas de majorit\u00e9, sauf qu\u2019on aura perdu du temps et qu\u2019il n\u2019y aura pas de budget\u00a0\u00bb, souligne Laurent Wauquiez, qui se dit pr\u00eat \u00e0 des discussions. M\u00eame avec la gauche\u00a0?<\/p>\n<p>\u00ab\u00a0Dans cette p\u00e9riode, il y a deux attitudes\u00a0: ceux qui veulent tout casser, et ceux, dont je suis, qui consid\u00e8rent qu\u2019il faut faire du travail utile, se mettre au-dessus des partis et discuter avec des gens avec qui on est pas forc\u00e9ment d\u2019accord\u00a0\u00bb, r\u00e9pond le d\u00e9put\u00e9 de Haute-Loire.<\/p>\n","protected":false},"excerpt":{"rendered":"\u00ab\u00a0Hier, c\u2019\u00e9tait l\u2019image de la France qui bloque tout, qui casse tout. Tout cela est \u00e9videmment manipul\u00e9 par&hellip;\n","protected":false},"author":2,"featured_media":382765,"comment_status":"","ping_status":"","sticky":false,"template":"","format":"standard","meta":{"footnotes":""},"categories":[1889],"tags":[1111,11,2430,9671,4624,3152,2757,1777,674,1011,27,6319,2428,12,316,25,2429],"class_list":{"0":"post-382764","1":"post","2":"type-post","3":"status-publish","4":"format-standard","5":"has-post-thumbnail","7":"category-lyon","8":"tag-actu","9":"tag-actualites","10":"tag-auvergne-rhone-alpes","11":"tag-conflit-social","12":"tag-decines-charpieu","13":"tag-edition-est-lyonnais","14":"tag-edition-lyon-villeurbanne","15":"tag-eu","16":"tag-europe","17":"tag-fr","18":"tag-france","19":"tag-les-republicains","20":"tag-lyon","21":"tag-news","22":"tag-politique","23":"tag-republique-francaise","24":"tag-rhone"},"share_on_mastodon":{"url":"https:\/\/pubeurope.com\/@fr\/115185683373960832","error":""},"_links":{"self":[{"href":"https:\/\/www.europesays.com\/fr\/wp-json\/wp\/v2\/posts\/382764","targetHints":{"allow":["GET"]}}],"collection":[{"href":"https:\/\/www.europesays.com\/fr\/wp-json\/wp\/v2\/posts"}],"about":[{"href":"https:\/\/www.europesays.com\/fr\/wp-json\/wp\/v2\/types\/post"}],"author":[{"embeddable":true,"href":"https:\/\/www.europesays.com\/fr\/wp-json\/wp\/v2\/users\/2"}],"replies":[{"embeddable":true,"href":"https:\/\/www.europesays.com\/fr\/wp-json\/wp\/v2\/comments?post=382764"}],"version-history":[{"count":0,"href":"https:\/\/www.europesays.com\/fr\/wp-json\/wp\/v2\/posts\/382764\/revisions"}],"wp:featuredmedia":[{"embeddable":true,"href":"https:\/\/www.europesays.com\/fr\/wp-json\/wp\/v2\/media\/382765"}],"wp:attachment":[{"href":"https:\/\/www.europesays.com\/fr\/wp-json\/wp\/v2\/media?parent=382764"}],"wp:term":[{"taxonomy":"category","embeddable":true,"href":"https:\/\/www.europesays.com\/fr\/wp-json\/wp\/v2\/categories?post=382764"},{"taxonomy":"post_tag","embeddable":true,"href":"https:\/\/www.europesays.com\/fr\/wp-json\/wp\/v2\/tags?post=382764"}],"curies":[{"name":"wp","href":"https:\/\/api.w.org\/{rel}","templated":true}]}}