{"id":382766,"date":"2025-09-11T12:33:14","date_gmt":"2025-09-11T12:33:14","guid":{"rendered":"https:\/\/www.europesays.com\/fr\/382766\/"},"modified":"2025-09-11T12:33:14","modified_gmt":"2025-09-11T12:33:14","slug":"trenitalia-se-renforce-encore-sur-paris","status":"publish","type":"post","link":"https:\/\/www.europesays.com\/fr\/382766\/","title":{"rendered":"Trenitalia se renforce encore sur Paris"},"content":{"rendered":"<p>\t\t\t\t\t \u00ab\u00a0Ainsi, plus d\u2019un tiers de l\u2019offre sera assur\u00e9e par Trenitalia entre les deux m\u00e9tropoles\u00a0\u00bb d\u00e9taille la compagnie dans un communiqu\u00e9 de presse.<\/p>\n<p>\u00ab\u00a0Ces fr\u00e9quences suppl\u00e9mentaires visent \u00e0 r\u00e9pondre \u00e0 une demande toujours croissante des voyageurs, qu\u2019ils soient professionnels ou de loisirs\u00a0\u00bb.&#13;\t\t\t\t\t <\/p>\n<p>Pour rappel, depuis le 1er avril, les voyageurs peuvent de nouveau rejoindre l\u2019Italie gr\u00e2ce aux deux allers-retours quotidiens entre Paris et Milan, avec des d\u00e9parts matin et apr\u00e8s-midi. Les trains Frecciarossa desservent les gares de Lyon Part-Dieu, Chamb\u00e9ry, <a class=\"liens\" href=\"https:\/\/share.google\/pj5CmsACOhq7rPkrE\" target=\"_blank\" rel=\"noopener\">Saint-Jean-de-Maurienne<\/a>, Modane, Turin et d\u00e9sormais <a class=\"liens\" href=\"https:\/\/share.google\/gsvNJUDP3iauke6og\" target=\"_blank\" rel=\"noopener\">Oulx<\/a>, porte d\u2019entr\u00e9e vers les domaines skiables italiens.&#13;\t\t\t\t\t <\/p>\n<p>Depuis le 15 juin dernier, Trenitalia relie aussi Paris \u00e0 Marseille avec 4 allers-retours quotidiens, desservant Lyon Saint-Exup\u00e9ry, Avignon TGV et Aix-en-Provence TGV. &#13;\t\t\t\t\t <\/p>\n<p>Les billets et les horaires pour ces lignes seront disponibles <b>d\u00e8s le 15 septembre \u00e0 8h<\/b> sur les canaux de distribution habituels.\n\t\t\t\t <\/p>\n","protected":false},"excerpt":{"rendered":"\u00ab\u00a0Ainsi, plus d\u2019un tiers de l\u2019offre sera assur\u00e9e par Trenitalia entre les deux m\u00e9tropoles\u00a0\u00bb d\u00e9taille la compagnie dans&hellip;\n","protected":false},"author":2,"featured_media":382767,"comment_status":"","ping_status":"","sticky":false,"template":"","format":"standard","meta":{"footnotes":""},"categories":[1889],"tags":[1111,11,2430,1777,674,1011,27,2428,12,25,7582],"class_list":{"0":"post-382766","1":"post","2":"type-post","3":"status-publish","4":"format-standard","5":"has-post-thumbnail","7":"category-lyon","8":"tag-actu","9":"tag-actualites","10":"tag-auvergne-rhone-alpes","11":"tag-eu","12":"tag-europe","13":"tag-fr","14":"tag-france","15":"tag-lyon","16":"tag-news","17":"tag-republique-francaise","18":"tag-trenitalia"},"share_on_mastodon":{"url":"https:\/\/pubeurope.com\/@fr\/115185687513481200","error":""},"_links":{"self":[{"href":"https:\/\/www.europesays.com\/fr\/wp-json\/wp\/v2\/posts\/382766","targetHints":{"allow":["GET"]}}],"collection":[{"href":"https:\/\/www.europesays.com\/fr\/wp-json\/wp\/v2\/posts"}],"about":[{"href":"https:\/\/www.europesays.com\/fr\/wp-json\/wp\/v2\/types\/post"}],"author":[{"embeddable":true,"href":"https:\/\/www.europesays.com\/fr\/wp-json\/wp\/v2\/users\/2"}],"replies":[{"embeddable":true,"href":"https:\/\/www.europesays.com\/fr\/wp-json\/wp\/v2\/comments?post=382766"}],"version-history":[{"count":0,"href":"https:\/\/www.europesays.com\/fr\/wp-json\/wp\/v2\/posts\/382766\/revisions"}],"wp:featuredmedia":[{"embeddable":true,"href":"https:\/\/www.europesays.com\/fr\/wp-json\/wp\/v2\/media\/382767"}],"wp:attachment":[{"href":"https:\/\/www.europesays.com\/fr\/wp-json\/wp\/v2\/media?parent=382766"}],"wp:term":[{"taxonomy":"category","embeddable":true,"href":"https:\/\/www.europesays.com\/fr\/wp-json\/wp\/v2\/categories?post=382766"},{"taxonomy":"post_tag","embeddable":true,"href":"https:\/\/www.europesays.com\/fr\/wp-json\/wp\/v2\/tags?post=382766"}],"curies":[{"name":"wp","href":"https:\/\/api.w.org\/{rel}","templated":true}]}}