{"id":382768,"date":"2025-09-11T12:34:13","date_gmt":"2025-09-11T12:34:13","guid":{"rendered":"https:\/\/www.europesays.com\/fr\/382768\/"},"modified":"2025-09-11T12:34:13","modified_gmt":"2025-09-11T12:34:13","slug":"les-salons-etudiants-incontournables-en-ile-de-france-en-2025-26","status":"publish","type":"post","link":"https:\/\/www.europesays.com\/fr\/382768\/","title":{"rendered":"Les salons \u00e9tudiants incontournables en \u00cele-de-France en 2025\/26"},"content":{"rendered":"<p>De septembre \u00e0 juin, soit toute l\u2019ann\u00e9e scolaire et universitaire, plusieurs salons polyvalents (Salon de l\u2019\u00e9ducation\u2026) ou sp\u00e9cialis\u00e9s (Salon de l\u2019apprentissage\u2026) permettent de conna\u00eetre les filiales et les d\u00e9bouch\u00e9es concernant l\u2019\u00e9ducation des \u00e9tudiants. D\u00e9couvrez les plus importants o\u00f9 vous pourrez vous rendre cette ann\u00e9e en \u00cele-de-France.<\/p>\n<p>Les principaux Salons de l\u2019\u00e9tudiant en \u00cele-de-France en 2025\/26Septembre\u00a02025Octobre\u00a02025<\/p>\n<ul>\n<li><a href=\"https:\/\/salon-sante-social-paramedical-et-sport-paris.salon.letudiant.fr\/\" target=\"_blank\" class=\"c-link c-link--is-underlined\" rel=\"nofollow noopener\">Salon sant\u00e9, social, param\u00e9dical et sport<\/a> [l\u2019Etudiant], Samedi\u00a04 et dimanche 5\u00a0octobre 2025, Porte de Versailles &#8211; PARIS<\/li>\n<li><a href=\"https:\/\/salon-grandes-ecoles-paris.salon.letudiant.fr\/\" target=\"_blank\" class=\"c-link c-link--is-underlined\" rel=\"nofollow noopener\">Salon grandes \u00e9coles<\/a> [l\u2019Etudiant], Samedi\u00a04 et dimanche 5\u00a0octobre 2025, Porte de Versailles &#8211; PARIS<\/li>\n<li><a href=\"https:\/\/salon-formations-et-metiers-artistiques-paris.salon.letudiant.fr\/\" class=\"c-link c-link--is-underlined\" rel=\"nofollow noopener\" target=\"_blank\">Salon formations et m\u00e9tiers artistiques<\/a> [l\u2019Etudiant], Samedi\u00a04 et dimanche 5\u00a0octobre 2025, Porte de Versailles &#8211; PARIS<\/li>\n<li><a href=\"https:\/\/salon-etudier-a-l-etranger-paris.salon.letudiant.fr\/\" target=\"_blank\" class=\"c-link c-link--is-underlined\" rel=\"nofollow noopener\">Salon \u00e9tudier \u00e0 l\u2019\u00e9tranger<\/a> [l\u2019Etudiant], Samedi\u00a04 et dimanche 5\u00a0octobre 2025, Porte de Versailles &#8211; PARIS<\/li>\n<li><a href=\"https:\/\/post-bac-paris.salon.etudiant.lefigaro.fr\/\" target=\"_blank\" class=\"c-link c-link--is-underlined\" rel=\"nofollow noopener\">Salon Post Bac<\/a> [Le Figaro \u00e9tudiant], Samedi\u00a011 et dimanche 12\u00a0octobre 2025, Espace Champerret &#8211; PARIS, Forum Horizon Chimie, Lundi 13\u00a0octobre 2025, Maison de la Chimie &#8211; PARIS<\/li>\n<li><a href=\"https:\/\/salon-tourisme-hotellerie-restauration-paris.salon.letudiant.fr\/\" class=\"c-link c-link--is-underlined\" rel=\"nofollow noopener\" target=\"_blank\">Salon tourisme, h\u00f4tellerie et restauration<\/a> [l\u2019Etudiant], Samedi 18\u00a0octobre 2025, Espace Charenton &#8211; PARIS<\/li>\n<li><a href=\"https:\/\/salon-luxe-mode-design-paris.salon.letudiant.fr\/\" class=\"c-link c-link--is-underlined\" rel=\"nofollow noopener\" target=\"_blank\">Salon luxe, mode et design<\/a> [l\u2019Etudiant], Samedi 18\u00a0octobre 2025, Espace Charenton &#8211; PARIS<\/li>\n<\/ul>\n<p>Novembre\u00a02025<\/p>\n<ul>\n<li><a href=\"https:\/\/salon-journalisme-communication-marketing-paris.salon.letudiant.fr\/\" class=\"c-link c-link--is-underlined\" rel=\"nofollow noopener\" target=\"_blank\">Salon journalisme, marketing et communication<\/a> [l\u2019Etudiant], Samedi 8\u00a0novembre 2025, NewCap Event Center &#8211; PARIS<\/li>\n<li><a href=\"https:\/\/www.studyrama.com\/salons\/salon-studyrama-grandes-ecoles-paris-28\" class=\"c-link c-link--is-underlined\" rel=\"nofollow noopener\" target=\"_blank\">Salon Grandes \u00c9coles<\/a> [Studyrama], Samedi\u00a08 et dimanche 9\u00a0novembre 2025, Paris Event Center &#8211; PARIS<\/li>\n<li><a href=\"https:\/\/www.studyrama.com\/salons\/salon-studyrama-formations-luxe-paris-366229\" class=\"c-link c-link--is-underlined\" rel=\"nofollow noopener\" target=\"_blank\">Salon des Formations du Luxe<\/a> [Studyrama], Samedi\u00a08 et dimanche 9\u00a0novembre 2025, Paris Event Center &#8211; PARIS<\/li>\n<li><a href=\"https:\/\/www.studyrama.com\/salons\/salon-studyrama-des-formations-art-mode-et-design-26\" class=\"c-link c-link--is-underlined\" rel=\"nofollow noopener\" target=\"_blank\">Salon des Formations Art, Mode et Design<\/a> [Studyrama], Samedi 15\u00a0novembre 2025, Paris Event Center &#8211; PARIS.<\/li>\n<li><a href=\"https:\/\/studyrama.com\/salons\/salon-studyrama-des-formations-de-l-audiovisuel-et-du-170\" class=\"c-link c-link--is-underlined\" rel=\"nofollow noopener\" target=\"_blank\">Salon des Formations de l\u2019Audiovisuel et du Cin\u00e9ma<\/a> [Studyrama], Samedi 15\u00a0novembre 2025, Paris Event Center &#8211; PARIS<\/li>\n<li><a href=\"https:\/\/www.studyrama.com\/salons\/salon-studyrama-des-formations-sante-paramedical-45\" class=\"c-link c-link--is-underlined\" rel=\"nofollow noopener\" target=\"_blank\">Salon des Formations Sant\u00e9, Param\u00e9dical et Social<\/a> [Studyrama], Samedi 15\u00a0novembre 2025, Paris Event Center &#8211; PARIS<\/li>\n<li><a href=\"https:\/\/salon-education.com\/\" class=\"c-link c-link--is-underlined\" rel=\"nofollow noopener\" target=\"_blank\">Salon europ\u00e9en de l\u2019\u00e9ducation<\/a> [la ligue de l\u2019enseignement], du mercredi\u00a019 au dimanche 23\u00a0novembre 2025, Porte de Versailles &#8211; PARIS<\/li>\n<li><a href=\"https:\/\/www.studyrama.com\/salons\/salon-studyrama-sup-alternance-paris-251164\" class=\"c-link c-link--is-underlined\" rel=\"nofollow noopener\" target=\"_blank\">Salon Studyrama Alternance et Apprentissage<\/a> Paris, Samedi 29\u00a0Novembre 2025 &#8211; 10H- 17H.<\/li>\n<li><a href=\"https:\/\/www.studyrama.com\/salons\/salon-studyrama-des-formations-web-et-informatique-44\" class=\"c-link c-link--is-underlined\" rel=\"nofollow noopener\" target=\"_blank\">Salon des Formations du Digital, Num\u00e9rique &amp; de l\u2019IA<\/a> [Studyrama], Samedi 29\u00a0novembre 2025, Paris Event Center &#8211; PARIS<\/li>\n<\/ul>\n<p>D\u00e9cembre\u00a02025<\/p>\n<ul>\n<li><a href=\"https:\/\/www.studyrama.com\/salons\/salon-studyrama-des-formations-commerciales-marketing-43\" class=\"c-link c-link--is-underlined\" rel=\"nofollow noopener\" target=\"_blank\">Salon des Formations Commerciales, Marketing<\/a> [Studyrama], Samedi 6\u00a0d\u00e9cembre 2025, Paris Event Center &#8211; PARIS<\/li>\n<li><a href=\"https:\/\/www.studyrama.com\/salons\/salon-studyrama-des-formations-immobilieres-et-btp-de-172\" class=\"c-link c-link--is-underlined\" rel=\"nofollow noopener\" target=\"_blank\">Salon des Formations Immobili\u00e8res &#8211; Travaux Publics<\/a> [Studyrama], Samedi 6\u00a0d\u00e9cembre 2025, Paris Event Center &#8211; PARIS<\/li>\n<li><a href=\"https:\/\/www.studyrama.com\/salons\/salon-studyrama-des-formations-en-agroalimentaire-et-193\" class=\"c-link c-link--is-underlined\" rel=\"nofollow noopener\" target=\"_blank\">Salon des Formations Agroalimentaire, Transition \u00c9cologique, \u00c9nergie<\/a> [Studyrama], Samedi 6\u00a0d\u00e9cembre 2025, Paris Event Center &#8211; PARIS<\/li>\n<li><a href=\"https:\/\/www.studyrama.com\/salons\/salon-studyrama-des-formations-banque-finance-126\" class=\"c-link c-link--is-underlined\" rel=\"nofollow noopener\" target=\"_blank\">Salon des Formations Banque, Finance, Assurance et Comptabilit\u00e9<\/a> [Studyrama], Samedi 6\u00a0d\u00e9cembre 2025, Paris Event Center &#8211; PARIS<\/li>\n<li><a href=\"https:\/\/salon-jeux-video-et-cinema-d-animation-paris.salon.letudiant.fr\/\" class=\"c-link c-link--is-underlined\" rel=\"nofollow noopener\" target=\"_blank\">Salon jeux vid\u00e9o et cin\u00e9ma d\u2019animation<\/a> [l\u2019Etudiant], Samedi 13\u00a0d\u00e9cembre 2025, Espace Champerret &#8211; PARIS<\/li>\n<li><a href=\"https:\/\/salon-informatique-numerique-cybersecurite-data-et-ia-paris.salon.letudiant.fr\/\" class=\"c-link c-link--is-underlined\" rel=\"nofollow noopener\" target=\"_blank\">Salon informatique, num\u00e9rique, cyber-s\u00e9curit\u00e9, data et IA<\/a> [l\u2019Etudiant], samedi 13\u00a0d\u00e9cembre 2025, Espace Champerret &#8211; PARIS<\/li>\n<li><a href=\"https:\/\/www.letudiant.fr\/etudes\/salons.html\" class=\"c-link c-link--is-underlined\" rel=\"nofollow noopener\" target=\"_blank\">Salon finance, droit et RH<\/a> [l\u2019Etudiant], Samedi 13\u00a0d\u00e9cembre 2025 Espace Champerret &#8211; PARIS<\/li>\n<li><a href=\"https:\/\/salon-concours-et-prepas-paris.salon.letudiant.fr\/\" class=\"c-link c-link--is-underlined\" rel=\"nofollow noopener\" target=\"_blank\">Salon concours et pr\u00e9pas<\/a> [l\u2019Etudiant], Samedi 13\u00a0d\u00e9cembre 2025, Espace Champerret &#8211; PARIS<\/li>\n<li><a href=\"https:\/\/www.studyrama.com\/salons\/salon-studyrama-de-la-poursuite-d-etudes-apres-un-bac-32\" class=\"c-link c-link--is-underlined\" rel=\"nofollow noopener\" target=\"_blank\">Salon Poursuite \u00c9tudes et Masters<\/a> [Studyrama], Samedi 13\u00a0d\u00e9cembre 2025, Cit\u00e9 internationale universitaire &#8211; PARIS<\/li>\n<li><a href=\"https:\/\/www.studyrama.com\/salons\/salon-studyrama-des-formations-rh-paris-175\" class=\"c-link c-link--is-underlined\" rel=\"nofollow noopener\" target=\"_blank\">Salon des Formations en RH<\/a> [Studyrama], Samedi 13\u00a0d\u00e9cembre 2025, Cit\u00e9 internationale universitaire &#8211; PARIS<\/li>\n<\/ul>\n<p>Janvier\u00a02026<\/p>\n<ul>\n<li><a href=\"https:\/\/www.reussirpostbac.fr\/\" class=\"c-link c-link--is-underlined\" rel=\"nofollow noopener\" target=\"_blank\">Salon postbac<\/a> [AEF], Vendredi\u00a09 et samedi 10\u00a0janvier 2026, Grande Halle de la Villette &#8211; PARIS<\/li>\n<li><a href=\"https:\/\/salon-masters-ms-et-mba-paris.salon.letudiant.fr\/\" target=\"_blank\" class=\"c-link c-link--is-underlined\" rel=\"nofollow noopener\">Salon masters, MS et MBA en France et \u00e0 l\u2019international<\/a> [l\u2019Etudiant], Samedi 17\u00a0janvier 2026, Palais des Congr\u00e8s &#8211; PARIS<\/li>\n<li><a href=\"https:\/\/www.studyrama.com\/salons\/salon-studyrama-des-formations-automobiles-134\" class=\"c-link c-link--is-underlined\" rel=\"nofollow noopener\" target=\"_blank\">Salon des Formations A\u00e9ronautiques, Automobiles, Ferroviaires et Navales et Logistique<\/a> [Studyrama], Samedi 17\u00a0janvier 2026, Espace Champerret &#8211; PARIS<\/li>\n<li><a href=\"https:\/\/www.studyrama.com\/salons\/salon-studyrama-des-formations-tourisme-hotellerie-46\" class=\"c-link c-link--is-underlined\" rel=\"nofollow noopener\" target=\"_blank\">Salon des Formations en Tourisme, H\u00f4tellerie-Restauration<\/a> [Studyrama], Samedi 17\u00a0janvier 2026, Espace Champerret &#8211; PARIS<\/li>\n<li><a href=\"https:\/\/www.studyrama.com\/salons\/salon-studyrama-des-formations-gaming-et-coding-paris-201\" class=\"c-link c-link--is-underlined\" rel=\"nofollow noopener\" target=\"_blank\">Salon des Formations Coding &amp; Informatique<\/a> [Studyrama], Samedi 17\u00a0janvier 2026, Espace Champerret &#8211; PARIS<\/li>\n<li><a href=\"https:\/\/www.studyrama.com\/salons\/salon-studyrama-des-formations-du-sport-et-de-la-97\" class=\"c-link c-link--is-underlined\" rel=\"nofollow noopener\" target=\"_blank\">Salon Formations Sport<\/a> [Studyrama], Samedi 17\u00a0janvier 2026, Espace Champerret &#8211; PARIS.<\/li>\n<li><a href=\"https:\/\/www.studyrama.com\/salons\/salon-studyrama-des-metiers-defense-et-cybersecurite-125\" class=\"c-link c-link--is-underlined\" rel=\"nofollow noopener\" target=\"_blank\">Salon Formations M\u00e9tiers D\u00e9fense, Cybers\u00e9curit\u00e9<\/a> [Studyrama], Samedi 17\u00a0janvier 2026, Espace Champerret &#8211; PARIS<\/li>\n<li><a href=\"https:\/\/www.studyrama.com\/salons\/salon-studyrama-des-bts-de-paris-339489\" class=\"c-link c-link--is-underlined\" rel=\"nofollow noopener\" target=\"_blank\">Salon BTS et Bachelors<\/a> [Studyrama], Samedi 24\u00a0janvier 2026, Espace Champerret &#8211; PARIS<\/li>\n<\/ul>\n<p>F\u00e9vrier\u00a02026Mars\u00a02026Juin\u00a02026<\/p>\n","protected":false},"excerpt":{"rendered":"De septembre \u00e0 juin, soit toute l\u2019ann\u00e9e scolaire et universitaire, plusieurs salons polyvalents (Salon de l\u2019\u00e9ducation\u2026) ou sp\u00e9cialis\u00e9s&hellip;\n","protected":false},"author":2,"featured_media":382769,"comment_status":"","ping_status":"","sticky":false,"template":"","format":"standard","meta":{"footnotes":""},"categories":[1592],"tags":[1111,11,4081,1777,674,1011,27,662,16446,12,626,25,5768,5761],"class_list":{"0":"post-382768","1":"post","2":"type-post","3":"status-publish","4":"format-standard","5":"has-post-thumbnail","7":"category-ile-de-france","8":"tag-actu","9":"tag-actualites","10":"tag-etudiant","11":"tag-eu","12":"tag-europe","13":"tag-fr","14":"tag-france","15":"tag-ile-de-france","16":"tag-lyceen","17":"tag-news","18":"tag-paris","19":"tag-republique-francaise","20":"tag-universite","21":"tag-vie-pro"},"share_on_mastodon":{"url":"https:\/\/pubeurope.com\/@fr\/115185691484713120","error":""},"_links":{"self":[{"href":"https:\/\/www.europesays.com\/fr\/wp-json\/wp\/v2\/posts\/382768","targetHints":{"allow":["GET"]}}],"collection":[{"href":"https:\/\/www.europesays.com\/fr\/wp-json\/wp\/v2\/posts"}],"about":[{"href":"https:\/\/www.europesays.com\/fr\/wp-json\/wp\/v2\/types\/post"}],"author":[{"embeddable":true,"href":"https:\/\/www.europesays.com\/fr\/wp-json\/wp\/v2\/users\/2"}],"replies":[{"embeddable":true,"href":"https:\/\/www.europesays.com\/fr\/wp-json\/wp\/v2\/comments?post=382768"}],"version-history":[{"count":0,"href":"https:\/\/www.europesays.com\/fr\/wp-json\/wp\/v2\/posts\/382768\/revisions"}],"wp:featuredmedia":[{"embeddable":true,"href":"https:\/\/www.europesays.com\/fr\/wp-json\/wp\/v2\/media\/382769"}],"wp:attachment":[{"href":"https:\/\/www.europesays.com\/fr\/wp-json\/wp\/v2\/media?parent=382768"}],"wp:term":[{"taxonomy":"category","embeddable":true,"href":"https:\/\/www.europesays.com\/fr\/wp-json\/wp\/v2\/categories?post=382768"},{"taxonomy":"post_tag","embeddable":true,"href":"https:\/\/www.europesays.com\/fr\/wp-json\/wp\/v2\/tags?post=382768"}],"curies":[{"name":"wp","href":"https:\/\/api.w.org\/{rel}","templated":true}]}}